{"id":6079,"date":"2015-01-12T10:46:36","date_gmt":"2015-01-12T16:46:36","guid":{"rendered":"http:\/\/damas.laiglesiadelacomunidad.com\/?p=6079"},"modified":"2015-01-12T10:46:36","modified_gmt":"2015-01-12T16:46:36","slug":"versiculos-para-meditar-80","status":"publish","type":"post","link":"http:\/\/damas.laiglesiadelacomunidad.com\/?p=6079","title":{"rendered":"Vers\u00edculos para Meditar"},"content":{"rendered":"<p><strong>Entonces se le acercaron los fariseos, y para ponerlo a prueba le dijeron: \u00ab\u00bfEs l\u00edcito que un hombre se divorcie de su mujer por cualquier causa?\u00bb \u00c9l les respondi\u00f3: <span style=\"color: #ff0000;\">\u00ab\u00bfAcaso no han le\u00eddo que al principio el Creador \u201chombre y mujer los cre\u00f3\u201d? Y agreg\u00f3: \u201cPor esto el hombre dejar\u00e1 a su padre y a su madre, y se unir\u00e1 a su mujer, y los dos ser\u00e1n un solo ser.\u201d<\/span><\/strong> Mateo 19:3-5<\/p>\n","protected":false},"excerpt":{"rendered":"<p>Entonces se le acercaron los fariseos, y para ponerlo a prueba le dijeron: \u00ab\u00bfEs l\u00edcito que un hombre se divorcie de su mujer por cualquier causa?\u00bb \u00c9l les respondi\u00f3: \u00ab\u00bfAcaso no han le\u00eddo que al principio el Creador \u201chombre y mujer los cre\u00f3\u201d? Y agreg\u00f3: \u201cPor esto el hombre dejar\u00e1 a su padre y a &hellip; <a href=\"http:\/\/damas.laiglesiadelacomunidad.com\/?p=6079\" class=\"more-link\">Continue reading <span class=\"screen-reader-text\">Vers\u00edculos para Meditar<\/span> <span class=\"meta-nav\">&rarr;<\/span><\/a><\/p>\n","protected":false},"author":2,"featured_media":0,"comment_status":"open","ping_status":"open","sticky":false,"template":"","format":"standard","meta":{"footnotes":""},"categories":[5],"tags":[],"_links":{"self":[{"href":"http:\/\/damas.laiglesiadelacomunidad.com\/index.php?rest_route=\/wp\/v2\/posts\/6079"}],"collection":[{"href":"http:\/\/damas.laiglesiadelacomunidad.com\/index.php?rest_route=\/wp\/v2\/posts"}],"about":[{"href":"http:\/\/damas.laiglesiadelacomunidad.com\/index.php?rest_route=\/wp\/v2\/types\/post"}],"author":[{"embeddable":true,"href":"http:\/\/damas.laiglesiadelacomunidad.com\/index.php?rest_route=\/wp\/v2\/users\/2"}],"replies":[{"embeddable":true,"href":"http:\/\/damas.laiglesiadelacomunidad.com\/index.php?rest_route=%2Fwp%2Fv2%2Fcomments&post=6079"}],"version-history":[{"count":1,"href":"http:\/\/damas.laiglesiadelacomunidad.com\/index.php?rest_route=\/wp\/v2\/posts\/6079\/revisions"}],"predecessor-version":[{"id":6080,"href":"http:\/\/damas.laiglesiadelacomunidad.com\/index.php?rest_route=\/wp\/v2\/posts\/6079\/revisions\/6080"}],"wp:attachment":[{"href":"http:\/\/damas.laiglesiadelacomunidad.com\/index.php?rest_route=%2Fwp%2Fv2%2Fmedia&parent=6079"}],"wp:term":[{"taxonomy":"category","embeddable":true,"href":"http:\/\/damas.laiglesiadelacomunidad.com\/index.php?rest_route=%2Fwp%2Fv2%2Fcategories&post=6079"},{"taxonomy":"post_tag","embeddable":true,"href":"http:\/\/damas.laiglesiadelacomunidad.com\/index.php?rest_route=%2Fwp%2Fv2%2Ftags&post=6079"}],"curies":[{"name":"wp","href":"https:\/\/api.w.org\/{rel}","templated":true}]}}