{"id":6050,"date":"2015-01-11T22:16:18","date_gmt":"2015-01-12T04:16:18","guid":{"rendered":"http:\/\/damas.laiglesiadelacomunidad.com\/?p=6050"},"modified":"2015-01-12T13:02:53","modified_gmt":"2015-01-12T19:02:53","slug":"reunion-11-de-enero-2015","status":"publish","type":"post","link":"http:\/\/damas.laiglesiadelacomunidad.com\/?p=6050","title":{"rendered":"Reuni\u00f3n 11 de Enero 2015"},"content":{"rendered":"<p>Gracias a Dios por \u00e9sta noche tan linda que nos regal\u00f3, gracias a todos los voluntarios que se encargaron de hacer el ambiente para poder adorar a Dios, gracias a las cantantes y a los m\u00fasicos por dedicar tiempo en pr\u00e1cticar.<\/p>\n<p>EL tema de hoy fue muy important\u00edsimo para la vida de todo cristiano &#8220;Proclamamos el evangelio&#8221; y la idea grande de hoy fue la misma de la semana pasada &#8220;Jes\u00fas y su seguidores se enfocan en los de afuera&#8221;.<\/p>\n<p>Nuestro lema &#8220;Nosotros existimos para que gente lejos de Dios pueda hallar paz y pr\u00f3posito en Cristo&#8221; esta idea no fue inventada, fue exactamente lo que Jes\u00fas hizo con nosotros y lo que desea que nosotros hagamos con los que est\u00e1n lejos de \u00e9l.<\/p>\n<p>Muchas veces no cumplimos con \u00e9ste mandamiento porque ponemos muchas excusas para no hacerlo, o porque pensamos que con solo nuestro ejemplo podemos hacer que alguien se acerque, el problema con esto es que no siempre damos buenos ejemplos con nuestra vida.<\/p>\n<p>Jes\u00fas nos pide que proclamemos su evangelio y el proclamarlo va agarrado de la mano con vivir una vida agradable a Dios. Pero nos encontramos con el pero, porque no sabemos como hacerlo, como decirlo y no tenemos el valor de hacerlo. Y la soluci\u00f3n esta en aprender como proclamar el evangelio por leer la Biblia y el valor nos lo dar\u00e1 el Esp\u00edritu Santo, solo tenemos que confiar en \u00e9l.<\/p>\n<p><strong>Si nuestra esperanza en Cristo fuera \u00fanicamente para esta vida, ser\u00edamos los m\u00e1s desdichados de todos los hombres<\/strong> 1 Cor. 15:19<\/p>\n<p><strong>Al contrario, honren en su coraz\u00f3n a Cristo, como Se\u00f1or, y mant\u00e9nganse siempre listos para defenderse, con mansedumbre y respeto, ante aquellos que les pidan explicarles la esperanza que hay en ustedes.\u00a0<\/strong>1 Pedro 3:15<\/p>\n<p><strong><span id=\"es-RVC-28204\" class=\"text Rom-10-14\">Ahora bien, \u00bfc\u00f3mo invocar\u00e1n a aquel en el cual no han cre\u00eddo? \u00bfY c\u00f3mo creer\u00e1n en aquel de quien no han o\u00eddo? \u00bfY c\u00f3mo oir\u00e1n si no hay quien les predique?<\/span> <span id=\"es-RVC-28205\" class=\"text Rom-10-15\">\u00bfY c\u00f3mo predicar\u00e1n si no son enviados? Como est\u00e1 escrito: \u00ab\u00a1Cu\u00e1n hermosa es la llegada de los que anuncian la paz, de los que anuncian buenas nuevas!\u00bb<\/span> <span id=\"es-RVC-28206\" class=\"text Rom-10-16\">Pero no todos obedecieron al evangelio; pues Isa\u00edas dice: \u00abSe\u00f1or, \u00bfqui\u00e9n ha cre\u00eddo a nuestro anuncio?\u00bb<\/span> <\/strong><span id=\"es-RVC-28207\" class=\"text Rom-10-17\"><strong>As\u00ed que la fe proviene del o\u00edr, y el o\u00edr proviene de la palabra de Dios.<\/strong> Romanos 10:14-17<\/span><\/p>\n<p><strong>Desde entonces Jes\u00fas comenz\u00f3 a predicar, y dec\u00eda:<span style=\"color: #ff0000;\"> \u00abArrepi\u00e9ntanse, porque el reino de los cielos se ha acercado.\u00bb<\/span> <\/strong>Mateo 4:17<\/p>\n<p>Gracias Se\u00f1or por tan buen mensaje, gracias por ense\u00f1arnos nuestro pr\u00f3posito aqu\u00ed en la tierra, te pedimos Se\u00f1or que nos ayudes primero a arrepentirnos de nuestros pecados, y segundo que nos des el valor de proclamar Tu evangelio a cada persona que pones en nuestra vida para que TU los lleves al arrepentimiento y a tomar la decisi\u00f3n de Bautizarse, te lo pedimos en nombre de Jesucristo nuestro Se\u00f1or, am\u00e9n.<\/p>\n<p>Que tengan una semana llena de pr\u00f3posito \ud83d\ude42<\/p>\n<p>Dios las bendiga;<\/p>\n<p>Jackie C.<\/p>\n<p><a href=\"http:\/\/damas.laiglesiadelacomunidad.com\/wp-content\/uploads\/2015\/01\/IMG_3153.jpg\"><img decoding=\"async\" class=\"alignnone size-full\" src=\"http:\/\/damas.laiglesiadelacomunidad.com\/wp-content\/uploads\/2015\/01\/IMG_3153.jpg\" alt=\"IMG_3153.JPG\" \/><\/a><\/p>\n<p><a href=\"http:\/\/damas.laiglesiadelacomunidad.com\/?attachment_id=6056\" rel=\"attachment wp-att-6056\"><img loading=\"lazy\" decoding=\"async\" class=\"alignnone size-full wp-image-6056\" src=\"http:\/\/damas.laiglesiadelacomunidad.com\/wp-content\/uploads\/2015\/01\/IMG_3154-e1421080998829.jpg\" alt=\"IMG_3154.JPG\" width=\"691\" height=\"896\" srcset=\"http:\/\/damas.laiglesiadelacomunidad.com\/wp-content\/uploads\/2015\/01\/IMG_3154-e1421080998829.jpg 691w, http:\/\/damas.laiglesiadelacomunidad.com\/wp-content\/uploads\/2015\/01\/IMG_3154-e1421080998829-231x300.jpg 231w\" sizes=\"(max-width: 691px) 100vw, 691px\" \/><\/a><\/p>\n<p><a href=\"http:\/\/damas.laiglesiadelacomunidad.com\/wp-content\/uploads\/2015\/01\/IMG_3155.jpg\"><img decoding=\"async\" class=\"alignnone size-full\" src=\"http:\/\/damas.laiglesiadelacomunidad.com\/wp-content\/uploads\/2015\/01\/IMG_3155.jpg\" alt=\"IMG_3155.JPG\" \/><\/a><\/p>\n<p><a href=\"http:\/\/damas.laiglesiadelacomunidad.com\/wp-content\/uploads\/2015\/01\/IMG_3152.jpg\"><img decoding=\"async\" class=\"alignnone size-full\" src=\"http:\/\/damas.laiglesiadelacomunidad.com\/wp-content\/uploads\/2015\/01\/IMG_3152.jpg\" alt=\"IMG_3152.JPG\" \/><\/a><\/p>\n<p><a href=\"http:\/\/damas.laiglesiadelacomunidad.com\/wp-content\/uploads\/2015\/01\/IMG_3151.jpg\"><img decoding=\"async\" class=\"alignnone size-full\" src=\"http:\/\/damas.laiglesiadelacomunidad.com\/wp-content\/uploads\/2015\/01\/IMG_3151.jpg\" alt=\"IMG_3151.JPG\" \/><\/a><\/p>\n<p><a href=\"http:\/\/damas.laiglesiadelacomunidad.com\/wp-content\/uploads\/2015\/01\/IMG_3150.jpg\"><img decoding=\"async\" class=\"alignnone size-full\" src=\"http:\/\/damas.laiglesiadelacomunidad.com\/wp-content\/uploads\/2015\/01\/IMG_3150.jpg\" alt=\"IMG_3150.JPG\" \/><\/a><\/p>\n<p><a href=\"http:\/\/damas.laiglesiadelacomunidad.com\/wp-content\/uploads\/2015\/01\/IMG_3149.jpg\"><img decoding=\"async\" class=\"alignnone size-full\" src=\"http:\/\/damas.laiglesiadelacomunidad.com\/wp-content\/uploads\/2015\/01\/IMG_3149.jpg\" alt=\"IMG_3149.JPG\" \/><\/a><\/p>\n<p><a href=\"http:\/\/damas.laiglesiadelacomunidad.com\/wp-content\/uploads\/2015\/01\/IMG_3148.jpg\"><img decoding=\"async\" class=\"alignnone size-full\" src=\"http:\/\/damas.laiglesiadelacomunidad.com\/wp-content\/uploads\/2015\/01\/IMG_3148.jpg\" alt=\"IMG_3148.JPG\" \/><\/a><\/p>\n<p><a href=\"http:\/\/damas.laiglesiadelacomunidad.com\/wp-content\/uploads\/2015\/01\/IMG_3147.jpg\"><img decoding=\"async\" class=\"alignnone size-full\" src=\"http:\/\/damas.laiglesiadelacomunidad.com\/wp-content\/uploads\/2015\/01\/IMG_3147.jpg\" alt=\"IMG_3147.JPG\" \/><\/a><\/p>\n<p><a href=\"http:\/\/damas.laiglesiadelacomunidad.com\/wp-content\/uploads\/2015\/01\/IMG_3146.jpg\"><img decoding=\"async\" class=\"alignnone size-full\" src=\"http:\/\/damas.laiglesiadelacomunidad.com\/wp-content\/uploads\/2015\/01\/IMG_3146.jpg\" alt=\"IMG_3146.JPG\" \/><\/a><\/p>\n<p><a href=\"http:\/\/damas.laiglesiadelacomunidad.com\/wp-content\/uploads\/2015\/01\/IMG_3162.jpg\"><img decoding=\"async\" class=\"alignnone size-full\" src=\"http:\/\/damas.laiglesiadelacomunidad.com\/wp-content\/uploads\/2015\/01\/IMG_3162.jpg\" alt=\"IMG_3162.JPG\" \/><\/a><\/p>\n<p><a href=\"http:\/\/damas.laiglesiadelacomunidad.com\/wp-content\/uploads\/2015\/01\/IMG_3163.jpg\"><img decoding=\"async\" class=\"alignnone size-full\" src=\"http:\/\/damas.laiglesiadelacomunidad.com\/wp-content\/uploads\/2015\/01\/IMG_3163.jpg\" alt=\"IMG_3163.JPG\" \/><\/a><\/p>\n<p><a href=\"http:\/\/damas.laiglesiadelacomunidad.com\/wp-content\/uploads\/2015\/01\/IMG_3161.jpg\"><img decoding=\"async\" class=\"alignnone size-full\" src=\"http:\/\/damas.laiglesiadelacomunidad.com\/wp-content\/uploads\/2015\/01\/IMG_3161.jpg\" alt=\"IMG_3161.JPG\" \/><\/a><\/p>\n","protected":false},"excerpt":{"rendered":"<p>Gracias a Dios por \u00e9sta noche tan linda que nos regal\u00f3, gracias a todos los voluntarios que se encargaron de hacer el ambiente para poder adorar a Dios, gracias a las cantantes y a los m\u00fasicos por dedicar tiempo en pr\u00e1cticar. EL tema de hoy fue muy important\u00edsimo para la vida de todo cristiano &#8220;Proclamamos &hellip; <a href=\"http:\/\/damas.laiglesiadelacomunidad.com\/?p=6050\" class=\"more-link\">Continue reading <span class=\"screen-reader-text\">Reuni\u00f3n 11 de Enero 2015<\/span> <span class=\"meta-nav\">&rarr;<\/span><\/a><\/p>\n","protected":false},"author":2,"featured_media":0,"comment_status":"open","ping_status":"open","sticky":false,"template":"","format":"gallery","meta":{"footnotes":""},"categories":[7],"tags":[],"_links":{"self":[{"href":"http:\/\/damas.laiglesiadelacomunidad.com\/index.php?rest_route=\/wp\/v2\/posts\/6050"}],"collection":[{"href":"http:\/\/damas.laiglesiadelacomunidad.com\/index.php?rest_route=\/wp\/v2\/posts"}],"about":[{"href":"http:\/\/damas.laiglesiadelacomunidad.com\/index.php?rest_route=\/wp\/v2\/types\/post"}],"author":[{"embeddable":true,"href":"http:\/\/damas.laiglesiadelacomunidad.com\/index.php?rest_route=\/wp\/v2\/users\/2"}],"replies":[{"embeddable":true,"href":"http:\/\/damas.laiglesiadelacomunidad.com\/index.php?rest_route=%2Fwp%2Fv2%2Fcomments&post=6050"}],"version-history":[{"count":7,"href":"http:\/\/damas.laiglesiadelacomunidad.com\/index.php?rest_route=\/wp\/v2\/posts\/6050\/revisions"}],"predecessor-version":[{"id":6084,"href":"http:\/\/damas.laiglesiadelacomunidad.com\/index.php?rest_route=\/wp\/v2\/posts\/6050\/revisions\/6084"}],"wp:attachment":[{"href":"http:\/\/damas.laiglesiadelacomunidad.com\/index.php?rest_route=%2Fwp%2Fv2%2Fmedia&parent=6050"}],"wp:term":[{"taxonomy":"category","embeddable":true,"href":"http:\/\/damas.laiglesiadelacomunidad.com\/index.php?rest_route=%2Fwp%2Fv2%2Fcategories&post=6050"},{"taxonomy":"post_tag","embeddable":true,"href":"http:\/\/damas.laiglesiadelacomunidad.com\/index.php?rest_route=%2Fwp%2Fv2%2Ftags&post=6050"}],"curies":[{"name":"wp","href":"https:\/\/api.w.org\/{rel}","templated":true}]}}