{"id":6024,"date":"2015-01-08T07:21:59","date_gmt":"2015-01-08T13:21:59","guid":{"rendered":"http:\/\/damas.laiglesiadelacomunidad.com\/?p=6024"},"modified":"2015-01-08T07:21:59","modified_gmt":"2015-01-08T13:21:59","slug":"versiculos-para-meditar-77","status":"publish","type":"post","link":"http:\/\/damas.laiglesiadelacomunidad.com\/?p=6024","title":{"rendered":"Vers\u00edculos  para Meditar"},"content":{"rendered":"<p>\u00bbEl que los recibe a ustedes, me recibe a m\u00ed; y el que me recibe a m\u00ed, recibe al que me envi\u00f3. El que recibe a un profeta porque es profeta, recibir\u00e1 igual recompensa que el profeta; y el que recibe a un justo porque es justo, recibir\u00e1 igual recompensa que el justo. De cierto les digo que cualquiera que d\u00e9 a uno de estos peque\u00f1itos aunque sea un vaso de agua fr\u00eda, por tratarse de un disc\u00edpulo, no perder\u00e1 su recompensa.\u00bb (\u202dSan Mateo\u202c \u202d10\u202c:\u202d40-42\u202c RVC)<\/p>\n","protected":false},"excerpt":{"rendered":"<p>\u00bbEl que los recibe a ustedes, me recibe a m\u00ed; y el que me recibe a m\u00ed, recibe al que me envi\u00f3. El que recibe a un profeta porque es profeta, recibir\u00e1 igual recompensa que el profeta; y el que recibe a un justo porque es justo, recibir\u00e1 igual recompensa que el justo. De cierto &hellip; <a href=\"http:\/\/damas.laiglesiadelacomunidad.com\/?p=6024\" class=\"more-link\">Continue reading <span class=\"screen-reader-text\">Vers\u00edculos  para Meditar<\/span> <span class=\"meta-nav\">&rarr;<\/span><\/a><\/p>\n","protected":false},"author":2,"featured_media":0,"comment_status":"open","ping_status":"open","sticky":false,"template":"","format":"gallery","meta":{"footnotes":""},"categories":[5],"tags":[],"_links":{"self":[{"href":"http:\/\/damas.laiglesiadelacomunidad.com\/index.php?rest_route=\/wp\/v2\/posts\/6024"}],"collection":[{"href":"http:\/\/damas.laiglesiadelacomunidad.com\/index.php?rest_route=\/wp\/v2\/posts"}],"about":[{"href":"http:\/\/damas.laiglesiadelacomunidad.com\/index.php?rest_route=\/wp\/v2\/types\/post"}],"author":[{"embeddable":true,"href":"http:\/\/damas.laiglesiadelacomunidad.com\/index.php?rest_route=\/wp\/v2\/users\/2"}],"replies":[{"embeddable":true,"href":"http:\/\/damas.laiglesiadelacomunidad.com\/index.php?rest_route=%2Fwp%2Fv2%2Fcomments&post=6024"}],"version-history":[{"count":1,"href":"http:\/\/damas.laiglesiadelacomunidad.com\/index.php?rest_route=\/wp\/v2\/posts\/6024\/revisions"}],"predecessor-version":[{"id":6025,"href":"http:\/\/damas.laiglesiadelacomunidad.com\/index.php?rest_route=\/wp\/v2\/posts\/6024\/revisions\/6025"}],"wp:attachment":[{"href":"http:\/\/damas.laiglesiadelacomunidad.com\/index.php?rest_route=%2Fwp%2Fv2%2Fmedia&parent=6024"}],"wp:term":[{"taxonomy":"category","embeddable":true,"href":"http:\/\/damas.laiglesiadelacomunidad.com\/index.php?rest_route=%2Fwp%2Fv2%2Fcategories&post=6024"},{"taxonomy":"post_tag","embeddable":true,"href":"http:\/\/damas.laiglesiadelacomunidad.com\/index.php?rest_route=%2Fwp%2Fv2%2Ftags&post=6024"}],"curies":[{"name":"wp","href":"https:\/\/api.w.org\/{rel}","templated":true}]}}