{"id":6014,"date":"2015-01-07T23:57:04","date_gmt":"2015-01-08T05:57:04","guid":{"rendered":"http:\/\/damas.laiglesiadelacomunidad.com\/?p=6014"},"modified":"2015-01-08T00:04:31","modified_gmt":"2015-01-08T06:04:31","slug":"estudio-7-de-enero-2015","status":"publish","type":"post","link":"http:\/\/damas.laiglesiadelacomunidad.com\/?p=6014","title":{"rendered":"Estudio 7 de Enero 2015"},"content":{"rendered":"<p>Gracias a Dios por recibir el a \u00f1o nuevo con tan buen estudio, gracias por haber fortalecido \u00e9ste grupo durante el 2014, gracias Se\u00f1or por que nuestra hermandad a crecido lo mismo que las amistades y el n\u00famero de damas, gracias por confiar \u00e9stas almas a \u00e9sta iglesia y gracias por mantenernos firmes en el 2014, te pedimos que nos hagas crecer aun m\u00e1s en esp\u00edritu y n\u00famero en el 2015.<\/p>\n<p>Me he dado cuenta que la mayor\u00eda esta leyendo el plan de leer la Bibliaen un a\u00f1o, \u00a1FELICIDADES! les cuento que el grupo cada d\u00eda crece m\u00e1s, que buen \u00e1nimo \ud83d\ude42 Dios nos siga poniendo ese deseo de leer su palabra de principio a fin, no importa si terminamos en m\u00e1s de un a\u00f1o o antes de un a\u00f1o lo importante es escudri\u00f1ar su palabra y ponerla en pr\u00e1ctica.<\/p>\n<p>En el estudio de hoy vimos que a veces nos ponemos muy comodos, tanto en nuestra vida cristiana como en la iglesia, muchas veces dejamos que otras persona hagan el trabajo que nos corresponde y dejamos la &#8220;carga&#8221; o ponemos m\u00e1s &#8220;carga&#8221; a los dem\u00e1s especialmente a los l\u00edderes o a las personas que tienen la iniciativa de trabajar.<\/p>\n<p>Como vimos Jes\u00fas y sus seguidires se enfocaban en las personas de afuera, no s\u00f3lo se quedaban sentados en una sinagoga, por lo contrario andaban de cuidad en cuidad predicando el evangelio y ayudaban a muchas personas a conocer a Jes\u00fas y bautizaban en su nombre, se llevaban con toda clase de gente, especialmente con los que estaban lejos de Dios, en su tiempo era los cobradores de impuesto, samaritanos, prostitutas etc, y el pide lo mismo de nosotras. No nos pide que nos pongamos comodas, nos pide que le obedezcamos por muy incomodo que sea.<\/p>\n<p><strong><span class=\"text Luke-5-27\">Despu\u00e9s de esto, Jes\u00fas se fue de aquel lugar. En el camino vio a un hombre llamado Mateo, que estaba cobrando impuestos para el gobierno de Roma. Jes\u00fas le dijo: <span style=\"color: #ff0000;\">\u00abS\u00edgueme\u00bb<\/span>.<\/span>Mateo se levant\u00f3, dej\u00f3 todo lo que ten\u00eda, y lo sigui\u00f3.<\/strong><\/p>\n<p><strong><span id=\"es-TLA-20942\" class=\"text Luke-5-29\">Ese mismo d\u00eda, Mateo ofreci\u00f3 en su casa una gran fiesta en honor de Jes\u00fas. All\u00ed estaban comiendo muchos cobradores de impuestos y otras personas.<span style=\"font-size: 12px; line-height: 0px;\">\u00a0<\/span><\/span><span id=\"es-TLA-20943\" class=\"text Luke-5-30\">Algunos fariseos y maestros de la Ley comenzaron a hablar contra los disc\u00edpulos de Jes\u00fas, y les dijeron:\u00a0<\/span>\u2014\u00bfPor qu\u00e9 comen ustedes con los cobradores de impuestos y con toda esta gente mala?<\/strong><\/p>\n<p class=\"top-1\"><strong><span id=\"es-TLA-20944\" class=\"text Luke-5-31\">Jes\u00fas les respondi\u00f3:\u00a0<\/span><span class=\"text Luke-5-31\">\u2014L<span style=\"color: #ff0000;\">os que necesitan del m\u00e9dico son los enfermos, no los que est\u00e1n sanos.<\/span><\/span> <\/strong><span id=\"es-TLA-20945\" class=\"text Luke-5-32\"><strong><span style=\"color: #ff0000;\"><sup class=\"versenum\">\u00a0<\/sup>Yo vine a invitar a los pecadores para que regresen a Dios, no a los que se creen buenos.<\/span> <\/strong>Lucas 5:27-32<\/span><\/p>\n<p class=\"top-1\">Se\u00f1or te pedimos que dejemos nuestra comodidad, que dejemos de delegar nuestras responsabilidades a otros y nos hagamos cargo de lo que nos corresponde como cristianas, que reconozcamos que nosotras tambi\u00e9n hemos recibido el llamado de servirte, te lo pedimos en nombre de tu hijo amado, am\u00e9n.<\/p>\n<p class=\"top-1\">Por favor oren por do\u00f1a Beatriz, su operaci\u00f3n es ma\u00f1ana en la ma\u00f1ana.<\/p>\n<p class=\"top-1\">Dios las bendiga, Love U;<\/p>\n<p class=\"top-1\">Jackie C.<\/p>\n<p><a href=\"http:\/\/damas.laiglesiadelacomunidad.com\/wp-content\/uploads\/2015\/01\/IMG_3073.jpg\"><img decoding=\"async\" src=\"http:\/\/damas.laiglesiadelacomunidad.com\/wp-content\/uploads\/2015\/01\/IMG_3073.jpg\" alt=\"IMG_3073.JPG\" class=\"alignnone size-full\" \/><\/a><\/p>\n<p><a href=\"http:\/\/damas.laiglesiadelacomunidad.com\/wp-content\/uploads\/2015\/01\/IMG_3072.jpg\"><img decoding=\"async\" src=\"http:\/\/damas.laiglesiadelacomunidad.com\/wp-content\/uploads\/2015\/01\/IMG_3072.jpg\" alt=\"IMG_3072.JPG\" class=\"alignnone size-full\" \/><\/a><\/p>\n<p><a href=\"http:\/\/damas.laiglesiadelacomunidad.com\/wp-content\/uploads\/2015\/01\/IMG_3071.jpg\"><img decoding=\"async\" src=\"http:\/\/damas.laiglesiadelacomunidad.com\/wp-content\/uploads\/2015\/01\/IMG_3071.jpg\" alt=\"IMG_3071.JPG\" class=\"alignnone size-full\" \/><\/a><\/p>\n","protected":false},"excerpt":{"rendered":"<p>Gracias a Dios por recibir el a \u00f1o nuevo con tan buen estudio, gracias por haber fortalecido \u00e9ste grupo durante el 2014, gracias Se\u00f1or por que nuestra hermandad a crecido lo mismo que las amistades y el n\u00famero de damas, gracias por confiar \u00e9stas almas a \u00e9sta iglesia y gracias por mantenernos firmes en el &hellip; <a href=\"http:\/\/damas.laiglesiadelacomunidad.com\/?p=6014\" class=\"more-link\">Continue reading <span class=\"screen-reader-text\">Estudio 7 de Enero 2015<\/span> <span class=\"meta-nav\">&rarr;<\/span><\/a><\/p>\n","protected":false},"author":2,"featured_media":0,"comment_status":"open","ping_status":"open","sticky":false,"template":"","format":"standard","meta":{"footnotes":""},"categories":[6],"tags":[],"_links":{"self":[{"href":"http:\/\/damas.laiglesiadelacomunidad.com\/index.php?rest_route=\/wp\/v2\/posts\/6014"}],"collection":[{"href":"http:\/\/damas.laiglesiadelacomunidad.com\/index.php?rest_route=\/wp\/v2\/posts"}],"about":[{"href":"http:\/\/damas.laiglesiadelacomunidad.com\/index.php?rest_route=\/wp\/v2\/types\/post"}],"author":[{"embeddable":true,"href":"http:\/\/damas.laiglesiadelacomunidad.com\/index.php?rest_route=\/wp\/v2\/users\/2"}],"replies":[{"embeddable":true,"href":"http:\/\/damas.laiglesiadelacomunidad.com\/index.php?rest_route=%2Fwp%2Fv2%2Fcomments&post=6014"}],"version-history":[{"count":3,"href":"http:\/\/damas.laiglesiadelacomunidad.com\/index.php?rest_route=\/wp\/v2\/posts\/6014\/revisions"}],"predecessor-version":[{"id":6023,"href":"http:\/\/damas.laiglesiadelacomunidad.com\/index.php?rest_route=\/wp\/v2\/posts\/6014\/revisions\/6023"}],"wp:attachment":[{"href":"http:\/\/damas.laiglesiadelacomunidad.com\/index.php?rest_route=%2Fwp%2Fv2%2Fmedia&parent=6014"}],"wp:term":[{"taxonomy":"category","embeddable":true,"href":"http:\/\/damas.laiglesiadelacomunidad.com\/index.php?rest_route=%2Fwp%2Fv2%2Fcategories&post=6014"},{"taxonomy":"post_tag","embeddable":true,"href":"http:\/\/damas.laiglesiadelacomunidad.com\/index.php?rest_route=%2Fwp%2Fv2%2Ftags&post=6014"}],"curies":[{"name":"wp","href":"https:\/\/api.w.org\/{rel}","templated":true}]}}