{"id":5996,"date":"2015-01-05T23:36:44","date_gmt":"2015-01-06T05:36:44","guid":{"rendered":"http:\/\/damas.laiglesiadelacomunidad.com\/?p=5996"},"modified":"2015-01-05T23:36:44","modified_gmt":"2015-01-06T05:36:44","slug":"versiculos-para-meditar-76","status":"publish","type":"post","link":"http:\/\/damas.laiglesiadelacomunidad.com\/?p=5996","title":{"rendered":"Vers\u00edculos para Meditar"},"content":{"rendered":"<p>Por eso, ustedes deben esforzarse por a\u00f1adir virtud a su fe, conocimiento a la virtud, dominio propio al conocimiento; paciencia al dominio propio, piedad a la paciencia, afecto fraternal a la piedad, y amor al afecto fraternal. Si todo esto abunda en ustedes, ser\u00e1n muy \u00fatiles y productivos en el conocimiento de nuestro Se\u00f1or Jesucristo. Quien no tiene todo esto es corto de vista, o ciego, y ha olvidado que sus antiguos pecados fueron limpiados. Por eso, hermanos, procuren fortalecer su llamado y elecci\u00f3n. Si hacen esto, jam\u00e1s caer\u00e1n. De esta manera se les abrir\u00e1n de par en par las puertas del reino eterno de nuestro Se\u00f1or y Salvador Jesucristo. (\u202d2 Pedro\u202c \u202d1\u202c:\u202d5-11\u202c RVC)<\/p>\n","protected":false},"excerpt":{"rendered":"<p>Por eso, ustedes deben esforzarse por a\u00f1adir virtud a su fe, conocimiento a la virtud, dominio propio al conocimiento; paciencia al dominio propio, piedad a la paciencia, afecto fraternal a la piedad, y amor al afecto fraternal. Si todo esto abunda en ustedes, ser\u00e1n muy \u00fatiles y productivos en el conocimiento de nuestro Se\u00f1or Jesucristo. &hellip; <a href=\"http:\/\/damas.laiglesiadelacomunidad.com\/?p=5996\" class=\"more-link\">Continue reading <span class=\"screen-reader-text\">Vers\u00edculos para Meditar<\/span> <span class=\"meta-nav\">&rarr;<\/span><\/a><\/p>\n","protected":false},"author":2,"featured_media":0,"comment_status":"open","ping_status":"open","sticky":false,"template":"","format":"chat","meta":{"footnotes":""},"categories":[5],"tags":[],"_links":{"self":[{"href":"http:\/\/damas.laiglesiadelacomunidad.com\/index.php?rest_route=\/wp\/v2\/posts\/5996"}],"collection":[{"href":"http:\/\/damas.laiglesiadelacomunidad.com\/index.php?rest_route=\/wp\/v2\/posts"}],"about":[{"href":"http:\/\/damas.laiglesiadelacomunidad.com\/index.php?rest_route=\/wp\/v2\/types\/post"}],"author":[{"embeddable":true,"href":"http:\/\/damas.laiglesiadelacomunidad.com\/index.php?rest_route=\/wp\/v2\/users\/2"}],"replies":[{"embeddable":true,"href":"http:\/\/damas.laiglesiadelacomunidad.com\/index.php?rest_route=%2Fwp%2Fv2%2Fcomments&post=5996"}],"version-history":[{"count":1,"href":"http:\/\/damas.laiglesiadelacomunidad.com\/index.php?rest_route=\/wp\/v2\/posts\/5996\/revisions"}],"predecessor-version":[{"id":5997,"href":"http:\/\/damas.laiglesiadelacomunidad.com\/index.php?rest_route=\/wp\/v2\/posts\/5996\/revisions\/5997"}],"wp:attachment":[{"href":"http:\/\/damas.laiglesiadelacomunidad.com\/index.php?rest_route=%2Fwp%2Fv2%2Fmedia&parent=5996"}],"wp:term":[{"taxonomy":"category","embeddable":true,"href":"http:\/\/damas.laiglesiadelacomunidad.com\/index.php?rest_route=%2Fwp%2Fv2%2Fcategories&post=5996"},{"taxonomy":"post_tag","embeddable":true,"href":"http:\/\/damas.laiglesiadelacomunidad.com\/index.php?rest_route=%2Fwp%2Fv2%2Ftags&post=5996"}],"curies":[{"name":"wp","href":"https:\/\/api.w.org\/{rel}","templated":true}]}}