{"id":5970,"date":"2015-01-04T23:16:30","date_gmt":"2015-01-05T05:16:30","guid":{"rendered":"http:\/\/damas.laiglesiadelacomunidad.com\/?p=5970"},"modified":"2015-01-04T23:26:04","modified_gmt":"2015-01-05T05:26:04","slug":"reunion-4-de-enero-2015","status":"publish","type":"post","link":"http:\/\/damas.laiglesiadelacomunidad.com\/?p=5970","title":{"rendered":"Reuni\u00f3n 4 de Enero 2015"},"content":{"rendered":"<p>\u00a1FELIZ A\u00d1O 2015! Gracias Se\u00f1or por el 2014 y gracias por darnos el privilegio de comenzar el 2015 \ud83d\ude42 gracias a todos los voluntarios que han trabajado en \u00e9sta obra de Dios por todos estos a\u00f1os y esperamos seguir as\u00ed o mejor en el 2015.<\/p>\n<p>Empezamos \u00e9ste a\u00f1o con un mensaje que se enfoca en la Misi\u00f3n de todo cristiano, el tema fue <strong>&#8220;Enfocados en los de afuera&#8221; <\/strong>y la idea principal fue &#8220;Jes\u00fas y sus seguidores se enfocan en los de afuera.\u00a0<strong>\u00a0<\/strong>Hoy al estudiar de la vida de Jes\u00fas, vemos como su ejemplo y sus palabras nos inspiran a ser m\u00e1s como \u00c9l era.<\/p>\n<p>Nosotros como seres humanos, imperfectos que somos, siempre andamos buscando iglesias donde los l\u00edderes sean los que trabajen y hagan el trabajo por m\u00ed, o iglesias donde hay gente que se viste bien, o donde tengan un buen edificio, o se reunan a tal hora y a veces nos ponemos mimis, todo lo queremos para Mi<\/p>\n<p>Al ver la vida de Jes\u00fas\u00a0vemos que \u00c9l nos ense\u00f1a algo muy diferente, Su meta principal era obedecer a Su Padre al pie de la letra, y cumplir con los pr\u00f3positos de Su Padre que era rescatar a lo que se hab\u00eda perdido, en otras palabras a nosotros y ese es el llamado que el hace a sus seguidores, a los que un d\u00eda tomamos la decisi\u00f3n de hacerlo nuestro Se\u00f1or y Salvador, \u00c9l no quiere que nos quedemos sentados con los brazos curzados esperando que nuestros pastores hagan todo el trabajo, \u00c9l quiere que nos enfoquemos en la gente que aun no ha tomado \u00e9sta decisi\u00f3n y los llevemos a ese momento de arrepentirse y bautizarse. Ese debe de ser nuestro enfoque en el 2015 y siempre. El llamado es para todos, no s\u00f3lo para nuestros l\u00edderes.<\/p>\n<p><strong><span class=\"text Matt-4-12\">Cuando Jes\u00fas se enter\u00f3 de que Juan estaba preso, volvi\u00f3 a Galilea,<\/span> <span id=\"es-RVC-23224\" class=\"text Matt-4-13\">pero se retir\u00f3 de Nazaret y se estableci\u00f3 en Cafarna\u00fan, ciudad mar\u00edtima en la regi\u00f3n de Zabul\u00f3n y de Neftal\u00ed,<\/span> <span id=\"es-RVC-23225\" class=\"text Matt-4-14\">para que se cumpliera lo dicho por el profeta Isa\u00edas:<\/span><\/strong><\/p>\n<div class=\"poetry\">\n<p class=\"line\"><strong><span id=\"es-RVC-23226\" class=\"text Matt-4-15\"><sup class=\"versenum\">\u00a0<\/sup>\u00abTierra de Zabul\u00f3n y tierra de Neftal\u00ed,<\/span><\/strong><br \/>\n<strong><span class=\"text Matt-4-15\">Camino del mar, al otro lado del Jord\u00e1n,<\/span><\/strong><br \/>\n<strong><span class=\"text Matt-4-15\">Galilea de los gentiles;<\/span><\/strong><br \/>\n<strong><span id=\"es-RVC-23227\" class=\"text Matt-4-16\">El pueblo asentado en tinieblas vio gran luz;<\/span><\/strong><br \/>\n<strong><span class=\"text Matt-4-16\">a los que viv\u00edan en regi\u00f3n de sombra de muerte,<\/span><\/strong><br \/>\n<strong><span class=\"text Matt-4-16\">les resplandeci\u00f3 la luz.\u00bb<\/span><\/strong><\/p>\n<\/div>\n<p class=\"first-line-none\"><span id=\"es-RVC-23228\" class=\"text Matt-4-17\"><strong>Desde entonces Jes\u00fas comenz\u00f3 a predicar, y dec\u00eda:<span style=\"color: #ff0000;\"> \u00abArrepi\u00e9ntanse, porque el reino de los cielos se ha acercado.\u00bb<\/span><\/strong> Mateo 4:12-17<\/span><\/p>\n<p class=\"first-line-none\"><span style=\"color: #000000;\">Se\u00f1or te pedimos que pongas en nuestros corazones el deseo de hablar tu evangelio a todas nuestras amistades, especialmente a los que no te conocen, que nos ayudes a dar un buen testimonio con nuestras vidas, te lo pedimos en nombre de Jesucristo nuestro Se\u00f1or, am\u00e9n.<\/span><\/p>\n<p class=\"first-line-none\">Felicidades a todas por estar leyendo su Biblia, para las que no han empezado con el plan nunca es tarde. pueden hacer <a href=\"http:\/\/ag.org\/top_spn\/Downloads\/Bible%20Reading%20guide.pdf\">click aqu\u00ed\u00a0<\/a><\/p>\n<p class=\"first-line-none\">Dios las Bendiga y que tengan una buena semana.<\/p>\n<p class=\"first-line-none\">Jackie C.<\/p>\n<p><a href=\"http:\/\/damas.laiglesiadelacomunidad.com\/wp-content\/uploads\/2015\/01\/IMG_3024.jpg\"><img decoding=\"async\" class=\"alignnone size-full\" src=\"http:\/\/damas.laiglesiadelacomunidad.com\/wp-content\/uploads\/2015\/01\/IMG_3024.jpg\" alt=\"IMG_3024.JPG\" \/><\/a><\/p>\n<p><a href=\"http:\/\/damas.laiglesiadelacomunidad.com\/wp-content\/uploads\/2015\/01\/IMG_3023.jpg\"><img decoding=\"async\" class=\"alignnone size-full\" src=\"http:\/\/damas.laiglesiadelacomunidad.com\/wp-content\/uploads\/2015\/01\/IMG_3023.jpg\" alt=\"IMG_3023.JPG\" \/><\/a><\/p>\n<p><a href=\"http:\/\/damas.laiglesiadelacomunidad.com\/wp-content\/uploads\/2015\/01\/IMG_3022.jpg\"><img decoding=\"async\" class=\"alignnone size-full\" src=\"http:\/\/damas.laiglesiadelacomunidad.com\/wp-content\/uploads\/2015\/01\/IMG_3022.jpg\" alt=\"IMG_3022.JPG\" \/><\/a><\/p>\n<p><a href=\"http:\/\/damas.laiglesiadelacomunidad.com\/wp-content\/uploads\/2015\/01\/IMG_3021.jpg\"><img decoding=\"async\" class=\"alignnone size-full\" src=\"http:\/\/damas.laiglesiadelacomunidad.com\/wp-content\/uploads\/2015\/01\/IMG_3021.jpg\" alt=\"IMG_3021.JPG\" \/><\/a><\/p>\n<p><a href=\"http:\/\/damas.laiglesiadelacomunidad.com\/wp-content\/uploads\/2015\/01\/IMG_3020.jpg\"><img decoding=\"async\" class=\"alignnone size-full\" src=\"http:\/\/damas.laiglesiadelacomunidad.com\/wp-content\/uploads\/2015\/01\/IMG_3020.jpg\" alt=\"IMG_3020.JPG\" \/><\/a><\/p>\n<p><a href=\"http:\/\/damas.laiglesiadelacomunidad.com\/wp-content\/uploads\/2015\/01\/IMG_3019.jpg\"><img decoding=\"async\" class=\"alignnone size-full\" src=\"http:\/\/damas.laiglesiadelacomunidad.com\/wp-content\/uploads\/2015\/01\/IMG_3019.jpg\" alt=\"IMG_3019.JPG\" \/><\/a><\/p>\n<p><a href=\"http:\/\/damas.laiglesiadelacomunidad.com\/wp-content\/uploads\/2015\/01\/IMG_3017.jpg\"><img decoding=\"async\" class=\"alignnone size-full\" src=\"http:\/\/damas.laiglesiadelacomunidad.com\/wp-content\/uploads\/2015\/01\/IMG_3017.jpg\" alt=\"IMG_3017.JPG\" \/><\/a><\/p>\n","protected":false},"excerpt":{"rendered":"<p>\u00a1FELIZ A\u00d1O 2015! Gracias Se\u00f1or por el 2014 y gracias por darnos el privilegio de comenzar el 2015 \ud83d\ude42 gracias a todos los voluntarios que han trabajado en \u00e9sta obra de Dios por todos estos a\u00f1os y esperamos seguir as\u00ed o mejor en el 2015. Empezamos \u00e9ste a\u00f1o con un mensaje que se enfoca en &hellip; <a href=\"http:\/\/damas.laiglesiadelacomunidad.com\/?p=5970\" class=\"more-link\">Continue reading <span class=\"screen-reader-text\">Reuni\u00f3n 4 de Enero 2015<\/span> <span class=\"meta-nav\">&rarr;<\/span><\/a><\/p>\n","protected":false},"author":2,"featured_media":0,"comment_status":"open","ping_status":"open","sticky":false,"template":"","format":"gallery","meta":{"footnotes":""},"categories":[7],"tags":[],"_links":{"self":[{"href":"http:\/\/damas.laiglesiadelacomunidad.com\/index.php?rest_route=\/wp\/v2\/posts\/5970"}],"collection":[{"href":"http:\/\/damas.laiglesiadelacomunidad.com\/index.php?rest_route=\/wp\/v2\/posts"}],"about":[{"href":"http:\/\/damas.laiglesiadelacomunidad.com\/index.php?rest_route=\/wp\/v2\/types\/post"}],"author":[{"embeddable":true,"href":"http:\/\/damas.laiglesiadelacomunidad.com\/index.php?rest_route=\/wp\/v2\/users\/2"}],"replies":[{"embeddable":true,"href":"http:\/\/damas.laiglesiadelacomunidad.com\/index.php?rest_route=%2Fwp%2Fv2%2Fcomments&post=5970"}],"version-history":[{"count":6,"href":"http:\/\/damas.laiglesiadelacomunidad.com\/index.php?rest_route=\/wp\/v2\/posts\/5970\/revisions"}],"predecessor-version":[{"id":5990,"href":"http:\/\/damas.laiglesiadelacomunidad.com\/index.php?rest_route=\/wp\/v2\/posts\/5970\/revisions\/5990"}],"wp:attachment":[{"href":"http:\/\/damas.laiglesiadelacomunidad.com\/index.php?rest_route=%2Fwp%2Fv2%2Fmedia&parent=5970"}],"wp:term":[{"taxonomy":"category","embeddable":true,"href":"http:\/\/damas.laiglesiadelacomunidad.com\/index.php?rest_route=%2Fwp%2Fv2%2Fcategories&post=5970"},{"taxonomy":"post_tag","embeddable":true,"href":"http:\/\/damas.laiglesiadelacomunidad.com\/index.php?rest_route=%2Fwp%2Fv2%2Ftags&post=5970"}],"curies":[{"name":"wp","href":"https:\/\/api.w.org\/{rel}","templated":true}]}}