{"id":5958,"date":"2015-01-02T10:08:52","date_gmt":"2015-01-02T16:08:52","guid":{"rendered":"http:\/\/damas.laiglesiadelacomunidad.com\/?p=5958"},"modified":"2015-01-02T10:08:52","modified_gmt":"2015-01-02T16:08:52","slug":"versiculo-para-meditar-111","status":"publish","type":"post","link":"http:\/\/damas.laiglesiadelacomunidad.com\/?p=5958","title":{"rendered":"Vers\u00edculo para Meditar"},"content":{"rendered":"<p>Si haces lo bueno, \u00bfacaso no ser\u00e1s enaltecido? Pero, si no lo haces, el pecado est\u00e1 listo para dominarte. Sin embargo, su deseo lo llevar\u00e1 a ti, y t\u00fa lo dominar\u00e1s.\u00bb (\u202dG\u00e9nesis\u202c \u202d4\u202c:\u202d7\u202c RVC)<\/p>\n","protected":false},"excerpt":{"rendered":"<p>Si haces lo bueno, \u00bfacaso no ser\u00e1s enaltecido? Pero, si no lo haces, el pecado est\u00e1 listo para dominarte. Sin embargo, su deseo lo llevar\u00e1 a ti, y t\u00fa lo dominar\u00e1s.\u00bb (\u202dG\u00e9nesis\u202c \u202d4\u202c:\u202d7\u202c RVC)<\/p>\n","protected":false},"author":2,"featured_media":0,"comment_status":"open","ping_status":"open","sticky":false,"template":"","format":"chat","meta":{"footnotes":""},"categories":[5],"tags":[],"_links":{"self":[{"href":"http:\/\/damas.laiglesiadelacomunidad.com\/index.php?rest_route=\/wp\/v2\/posts\/5958"}],"collection":[{"href":"http:\/\/damas.laiglesiadelacomunidad.com\/index.php?rest_route=\/wp\/v2\/posts"}],"about":[{"href":"http:\/\/damas.laiglesiadelacomunidad.com\/index.php?rest_route=\/wp\/v2\/types\/post"}],"author":[{"embeddable":true,"href":"http:\/\/damas.laiglesiadelacomunidad.com\/index.php?rest_route=\/wp\/v2\/users\/2"}],"replies":[{"embeddable":true,"href":"http:\/\/damas.laiglesiadelacomunidad.com\/index.php?rest_route=%2Fwp%2Fv2%2Fcomments&post=5958"}],"version-history":[{"count":1,"href":"http:\/\/damas.laiglesiadelacomunidad.com\/index.php?rest_route=\/wp\/v2\/posts\/5958\/revisions"}],"predecessor-version":[{"id":5959,"href":"http:\/\/damas.laiglesiadelacomunidad.com\/index.php?rest_route=\/wp\/v2\/posts\/5958\/revisions\/5959"}],"wp:attachment":[{"href":"http:\/\/damas.laiglesiadelacomunidad.com\/index.php?rest_route=%2Fwp%2Fv2%2Fmedia&parent=5958"}],"wp:term":[{"taxonomy":"category","embeddable":true,"href":"http:\/\/damas.laiglesiadelacomunidad.com\/index.php?rest_route=%2Fwp%2Fv2%2Fcategories&post=5958"},{"taxonomy":"post_tag","embeddable":true,"href":"http:\/\/damas.laiglesiadelacomunidad.com\/index.php?rest_route=%2Fwp%2Fv2%2Ftags&post=5958"}],"curies":[{"name":"wp","href":"https:\/\/api.w.org\/{rel}","templated":true}]}}