{"id":5867,"date":"2014-12-28T22:30:13","date_gmt":"2014-12-29T04:30:13","guid":{"rendered":"http:\/\/damas.laiglesiadelacomunidad.com\/?p=5867"},"modified":"2014-12-29T12:50:39","modified_gmt":"2014-12-29T18:50:39","slug":"reunion-28-de-dic-2014","status":"publish","type":"post","link":"http:\/\/damas.laiglesiadelacomunidad.com\/?p=5867","title":{"rendered":"Reuni\u00f3n 28 de Dic. 2014"},"content":{"rendered":"<p>Gracias Se\u00f1or por tan linda noche, que buena forma de terminar el a\u00f1o, gracias a todos los voluntarios que han estado tan fieles en crear el ambiente para reunirnos y adorar a Dios, gracias a las que domingo a domingo han preparado el ambiente del caf\u00e9 y la libreria, como hemos visto nada del trabajo que hemos hecho ha sido en vano. Dios nos siga bendiciendo con animos de seguir trabajando en su obra en el 2015 y en los a\u00f1os por venir.<\/p>\n<p>Hoy seguimos con nuestro estudio de la vida de Jes\u00fas seg\u00fan el evangelio de Mateo, el tema de hoy fue<strong> &#8220;Gu\u00edado por el Esp\u00edritu&#8221;<\/strong> y la idea grande de hoy fue; <strong>&#8220;El hijo de Dios es guiado por el Esp\u00edritu de Dios&#8221;<\/strong><\/p>\n<p>En nuestra vida estamos acostumbradas a tomar nuestras propias desiciones, hacemos lo que queremos y nos cuesta escuchar consejos de otras personas por muy buenos que sean, somos muy reveldes. Jes\u00fas nos ense\u00f1a a tener una vida de sumsi\u00f3n absoluta, sin cuestionar nada de lo que su Padre le pide.\u00a0Ejemplo de ello fue queJes\u00fas inmediatamente despu\u00e9s de su bautismo recibi\u00f3 el esp\u00edritu de su Padre y \u00e9ste lo llevo nada mas y nada menos que al desierto para ser tentado por S\u00e1tanas, Jes\u00fas en absoluta sumisi\u00f3n sigui\u00f3 la gu\u00eda del Esp\u00edritu Santo, no hizo lo que nosotras hacemos, consultar con mi esposo, mi amiga, orar por d\u00edas y d\u00edas, Jes\u00fas simplemente dijo s\u00ed.<\/p>\n<p>Dios nos pide como hijas que somos de \u00c9l que hagamos exactamente como Jes\u00fas y sigamos la gu\u00eda del Esp\u00edritu Santo que comenz\u00f3 a morar en nosotras el d\u00eda de nuestro bautismo, pero muchas veces no sabemos como seguir \u00e9sta gu\u00eda si no conocemos bien a nuestro Padre y como actua su Esp\u00edritu. Con la lectura diaria de la Biblia conocemos mejor a nuestro Padre , el esp\u00edritu hablar\u00e1 mejor a traves de nosotras cuando tenemos mejor conocimiento de la palabra de Dios, podremos aconsejar utilizando vers\u00edculos b\u00edblicos, que el mismo Esp\u00edritu Santo traera a nuestra memoria. otra forma de seguir la gu\u00eda del Esp\u00edritu Santo es a traves de la oraci\u00f3n y ayuno, nos conectamos mejor con \u00c9l y sabremos mejor cual es Su voluntad, no seremos perfectas como Jes\u00fas pero seremos mejores que antes y tendremos una mejor conecci\u00f3n con nuestro padre.<\/p>\n<p>Para las que aun no han tomado la decisi\u00f3n de seguir a Jes\u00fas la \u00fanica forma de que el Esp\u00edritu Santo more en nosotras, es por tomar la decisi\u00f3n de hacer que Jes\u00fas ser nuestro Se\u00f1or y Salvador por arrepentirnos y bautizarnos y as\u00ed tendremos el perd\u00f3n de nuestros pecados y recibiremos el don del Esp\u00edritu Santo.<\/p>\n<p><strong><span style=\"color: #ff0000;\"><span class=\"text Matt-4-1\"><span class=\"chapternum\"><span style=\"color: #000000;\"><span class=\"text Matt-3-13\">Jes\u00fas fue de Galilea al Jord\u00e1n, donde estaba Juan, para ser bautizado por \u00e9l.<span style=\"font-size: 12px; line-height: 0px;\">\u00a0<\/span><\/span><span id=\"es-RVC-23208\" class=\"text Matt-3-14\">Pero Juan se le opon\u00eda, diciendo: \u00abYo necesito ser bautizado por ti, \u00bfy t\u00fa vienes a m\u00ed?\u00bb<\/span> <\/span><span id=\"es-RVC-23209\" class=\"text Matt-3-15\"><span style=\"color: #000000;\">Jes\u00fas le respondi\u00f3:<\/span> \u00abPor ahora, d\u00e9jalo as\u00ed, porque conviene que cumplamos toda justicia.\u00bb Entonces Juan acept\u00f3.<\/span> <span style=\"color: #000000;\"><span id=\"es-RVC-23210\" class=\"text Matt-3-16\">Despu\u00e9s de ser bautizado, Jes\u00fas sali\u00f3 del agua. Entonces los cielos se abrieron y \u00e9l vio al Esp\u00edritu de Dios, que descend\u00eda como paloma y se posaba sobre \u00e9l.<\/span> <span id=\"es-RVC-23211\" class=\"text Matt-3-17\">Desde los cielos se oy\u00f3 entonces una voz, que dec\u00eda: \u00ab\u00c9ste es mi Hijo amado, en quien me complazco.\u00bb<\/span>\u00a0<\/span><\/span><\/span><\/span><\/strong><span style=\"color: #ff0000;\"><span class=\"text Matt-4-1\"><span class=\"chapternum\"><span style=\"color: #000000;\">Mateo 3:13-17<\/span><\/span><\/span><\/span><\/p>\n<p><strong><span style=\"color: #ff0000;\"><span class=\"text Matt-4-1\">Luego Jes\u00fas fue llevado por el Esp\u00edritu al desierto, para ser tentado por el diablo.<\/span> <span id=\"es-RVC-23213\" class=\"text Matt-4-2\">Despu\u00e9s de haber ayunado cuarenta d\u00edas y cuarenta noches, tuvo hambre.<\/span><span id=\"es-RVC-23214\" class=\"text Matt-4-3\"><sup class=\"versenum\">\u00a0<\/sup>El tentador se le acerc\u00f3, y le dijo: \u00abSi eres Hijo de Dios, di que estas piedras se conviertan en pan.\u00bb<\/span> <span id=\"es-RVC-23215\" class=\"text Matt-4-4\">Jes\u00fas respondi\u00f3: \u00abEscrito est\u00e1: No s\u00f3lo de pan vive el hombre, sino de toda palabra que sale de la boca de Dios.\u00bb\u00a0<\/span><\/span><\/strong><span style=\"color: #ff0000;\"><span id=\"es-RVC-23215\" class=\"text Matt-4-4\"><span style=\"color: #000000;\">Mateo 4:1-4<\/span><\/span><\/span><\/p>\n<p><strong><span style=\"color: #ff0000;\"><span id=\"es-RVC-23438\" class=\"text Matt-10-19\">Pero cuando ustedes sean entregados, no se preocupen por lo que han de decir, ni por c\u00f3mo habr\u00e1n de decirlo, porque en ese momento se les dar\u00e1 lo que tienen que decir.<\/span> <span id=\"es-RVC-23439\" class=\"text Matt-10-20\">Porque no ser\u00e1n ustedes los que hablen, sino que el Esp\u00edritu de su Padre hablar\u00e1 por ustedes.\u00a0<\/span><\/span><\/strong><span style=\"color: #000000;\"><span id=\"es-RVC-23439\" class=\"text Matt-10-20\">Mateo 10:19-20<\/span><\/span><\/p>\n<p><strong>Y Pedro les dijo: \u00abArrepi\u00e9ntanse, y baut\u00edcense todos ustedes en el nombre de Jesucristo, para que sus pecados les sean perdonados. Entonces recibir\u00e1n el don del Esp\u00edritu Santo.<\/strong> Hechos 2:38<\/p>\n<p><strong>Porque los hijos de Dios son todos aquellos que son guiados por el Esp\u00edritu de Dios<\/strong>.Romanos 8:14<\/p>\n<p>Gracias Se\u00f1or por todo lo que has hecho en \u00e9sta obra en el a\u00f1o del 2014, te pedimos Se\u00f1or que sigas a\u00f1adiendo a Tu familia a muchos, te pedimos que nos llenes de Tu esp\u00edritu y que nos sigas dando el valor de predicar el evangelio, te lo pedimos en nombre de Jesucristo nuestro se\u00f1or, am\u00e9n.<\/p>\n<p>Que pasen una linda semana y Dios bendiga sus hogares.<\/p>\n<p>Las quiero mucho;<\/p>\n<p>Jackie C.<\/p>\n<p><a href=\"http:\/\/damas.laiglesiadelacomunidad.com\/?attachment_id=5908\" rel=\"attachment wp-att-5908\"><img loading=\"lazy\" decoding=\"async\" class=\"alignnone size-full wp-image-5908\" src=\"http:\/\/damas.laiglesiadelacomunidad.com\/wp-content\/uploads\/2014\/12\/2014-12-28-21.35.18.jpg\" alt=\"2014-12-28 21.35.18\" width=\"1280\" height=\"720\" srcset=\"http:\/\/damas.laiglesiadelacomunidad.com\/wp-content\/uploads\/2014\/12\/2014-12-28-21.35.18.jpg 1280w, http:\/\/damas.laiglesiadelacomunidad.com\/wp-content\/uploads\/2014\/12\/2014-12-28-21.35.18-300x169.jpg 300w, http:\/\/damas.laiglesiadelacomunidad.com\/wp-content\/uploads\/2014\/12\/2014-12-28-21.35.18-1024x576.jpg 1024w\" sizes=\"(max-width: 1280px) 100vw, 1280px\" \/><\/a> <a href=\"http:\/\/damas.laiglesiadelacomunidad.com\/?attachment_id=5909\" rel=\"attachment wp-att-5909\"><img loading=\"lazy\" decoding=\"async\" class=\"alignnone size-full wp-image-5909\" src=\"http:\/\/damas.laiglesiadelacomunidad.com\/wp-content\/uploads\/2014\/12\/2014-12-28-21.35.23.jpg\" alt=\"2014-12-28 21.35.23\" width=\"720\" height=\"1280\" srcset=\"http:\/\/damas.laiglesiadelacomunidad.com\/wp-content\/uploads\/2014\/12\/2014-12-28-21.35.23.jpg 720w, http:\/\/damas.laiglesiadelacomunidad.com\/wp-content\/uploads\/2014\/12\/2014-12-28-21.35.23-169x300.jpg 169w, http:\/\/damas.laiglesiadelacomunidad.com\/wp-content\/uploads\/2014\/12\/2014-12-28-21.35.23-576x1024.jpg 576w\" sizes=\"(max-width: 720px) 100vw, 720px\" \/><\/a> <a href=\"http:\/\/damas.laiglesiadelacomunidad.com\/?attachment_id=5910\" rel=\"attachment wp-att-5910\"><img loading=\"lazy\" decoding=\"async\" class=\"alignnone size-full wp-image-5910\" src=\"http:\/\/damas.laiglesiadelacomunidad.com\/wp-content\/uploads\/2014\/12\/2014-12-28-21.35.28.jpg\" alt=\"2014-12-28 21.35.28\" width=\"720\" height=\"1280\" srcset=\"http:\/\/damas.laiglesiadelacomunidad.com\/wp-content\/uploads\/2014\/12\/2014-12-28-21.35.28.jpg 720w, http:\/\/damas.laiglesiadelacomunidad.com\/wp-content\/uploads\/2014\/12\/2014-12-28-21.35.28-169x300.jpg 169w, http:\/\/damas.laiglesiadelacomunidad.com\/wp-content\/uploads\/2014\/12\/2014-12-28-21.35.28-576x1024.jpg 576w\" sizes=\"(max-width: 720px) 100vw, 720px\" \/><\/a> <a href=\"http:\/\/damas.laiglesiadelacomunidad.com\/?attachment_id=5911\" rel=\"attachment wp-att-5911\"><img loading=\"lazy\" decoding=\"async\" class=\"alignnone size-full wp-image-5911\" src=\"http:\/\/damas.laiglesiadelacomunidad.com\/wp-content\/uploads\/2014\/12\/2014-12-28-21.35.34.jpg\" alt=\"2014-12-28 21.35.34\" width=\"720\" height=\"1280\" srcset=\"http:\/\/damas.laiglesiadelacomunidad.com\/wp-content\/uploads\/2014\/12\/2014-12-28-21.35.34.jpg 720w, http:\/\/damas.laiglesiadelacomunidad.com\/wp-content\/uploads\/2014\/12\/2014-12-28-21.35.34-169x300.jpg 169w, http:\/\/damas.laiglesiadelacomunidad.com\/wp-content\/uploads\/2014\/12\/2014-12-28-21.35.34-576x1024.jpg 576w\" sizes=\"(max-width: 720px) 100vw, 720px\" \/><\/a><\/p>\n<p><a href=\"http:\/\/damas.laiglesiadelacomunidad.com\/?attachment_id=5918\" rel=\"attachment wp-att-5918\"><img loading=\"lazy\" decoding=\"async\" class=\"alignnone size-full wp-image-5918\" src=\"http:\/\/damas.laiglesiadelacomunidad.com\/wp-content\/uploads\/2014\/12\/2014-12-28-19.17.20.jpg\" alt=\"2014-12-28-19.17.20\" width=\"408\" height=\"306\" srcset=\"http:\/\/damas.laiglesiadelacomunidad.com\/wp-content\/uploads\/2014\/12\/2014-12-28-19.17.20.jpg 408w, http:\/\/damas.laiglesiadelacomunidad.com\/wp-content\/uploads\/2014\/12\/2014-12-28-19.17.20-300x225.jpg 300w\" sizes=\"(max-width: 408px) 100vw, 408px\" \/><\/a> <a href=\"http:\/\/damas.laiglesiadelacomunidad.com\/?attachment_id=5919\" rel=\"attachment wp-att-5919\"><img loading=\"lazy\" decoding=\"async\" class=\"alignnone size-full wp-image-5919\" src=\"http:\/\/damas.laiglesiadelacomunidad.com\/wp-content\/uploads\/2014\/12\/2014-12-28-19.17.30.jpg\" alt=\"2014-12-28-19.17.30\" width=\"408\" height=\"306\" srcset=\"http:\/\/damas.laiglesiadelacomunidad.com\/wp-content\/uploads\/2014\/12\/2014-12-28-19.17.30.jpg 408w, http:\/\/damas.laiglesiadelacomunidad.com\/wp-content\/uploads\/2014\/12\/2014-12-28-19.17.30-300x225.jpg 300w\" sizes=\"(max-width: 408px) 100vw, 408px\" \/><\/a> <a href=\"http:\/\/damas.laiglesiadelacomunidad.com\/?attachment_id=5920\" rel=\"attachment wp-att-5920\"><img loading=\"lazy\" decoding=\"async\" class=\"alignnone size-full wp-image-5920\" src=\"http:\/\/damas.laiglesiadelacomunidad.com\/wp-content\/uploads\/2014\/12\/2014-12-28-19.17.57.jpg\" alt=\"2014-12-28-19.17.57\" width=\"408\" height=\"306\" \/><\/a> <a href=\"http:\/\/damas.laiglesiadelacomunidad.com\/?attachment_id=5921\" rel=\"attachment wp-att-5921\"><img loading=\"lazy\" decoding=\"async\" class=\"alignnone size-full wp-image-5921\" src=\"http:\/\/damas.laiglesiadelacomunidad.com\/wp-content\/uploads\/2014\/12\/2014-12-28-19.18.09.jpg\" alt=\"2014-12-28-19.18.09\" width=\"408\" height=\"306\" \/><\/a> <a href=\"http:\/\/damas.laiglesiadelacomunidad.com\/?attachment_id=5922\" rel=\"attachment wp-att-5922\"><img loading=\"lazy\" decoding=\"async\" class=\"alignnone size-full wp-image-5922\" src=\"http:\/\/damas.laiglesiadelacomunidad.com\/wp-content\/uploads\/2014\/12\/2014-12-28-19.18.25.jpg\" alt=\"2014-12-28-19.18.25\" width=\"408\" height=\"306\" srcset=\"http:\/\/damas.laiglesiadelacomunidad.com\/wp-content\/uploads\/2014\/12\/2014-12-28-19.18.25.jpg 408w, http:\/\/damas.laiglesiadelacomunidad.com\/wp-content\/uploads\/2014\/12\/2014-12-28-19.18.25-300x225.jpg 300w\" sizes=\"(max-width: 408px) 100vw, 408px\" \/><\/a> <a href=\"http:\/\/damas.laiglesiadelacomunidad.com\/?attachment_id=5923\" rel=\"attachment wp-att-5923\"><img loading=\"lazy\" decoding=\"async\" class=\"alignnone size-full wp-image-5923\" src=\"http:\/\/damas.laiglesiadelacomunidad.com\/wp-content\/uploads\/2014\/12\/2014-12-28-19.45.05.jpg\" alt=\"2014-12-28-19.45.05\" width=\"408\" height=\"306\" srcset=\"http:\/\/damas.laiglesiadelacomunidad.com\/wp-content\/uploads\/2014\/12\/2014-12-28-19.45.05.jpg 408w, http:\/\/damas.laiglesiadelacomunidad.com\/wp-content\/uploads\/2014\/12\/2014-12-28-19.45.05-300x225.jpg 300w\" sizes=\"(max-width: 408px) 100vw, 408px\" \/><\/a><\/p>\n<p><a href=\"http:\/\/damas.laiglesiadelacomunidad.com\/?attachment_id=5917\" rel=\"attachment wp-att-5917\"><img loading=\"lazy\" decoding=\"async\" class=\"alignnone size-full wp-image-5917\" src=\"http:\/\/damas.laiglesiadelacomunidad.com\/wp-content\/uploads\/2014\/12\/2014-12-28-19.17.03.jpg\" alt=\"2014-12-28-19.17.03\" width=\"306\" height=\"408\" srcset=\"http:\/\/damas.laiglesiadelacomunidad.com\/wp-content\/uploads\/2014\/12\/2014-12-28-19.17.03.jpg 306w, http:\/\/damas.laiglesiadelacomunidad.com\/wp-content\/uploads\/2014\/12\/2014-12-28-19.17.03-225x300.jpg 225w\" sizes=\"(max-width: 306px) 100vw, 306px\" \/><\/a><a href=\"http:\/\/damas.laiglesiadelacomunidad.com\/?attachment_id=5916\" rel=\"attachment wp-att-5916\"><img loading=\"lazy\" decoding=\"async\" class=\"alignnone size-full wp-image-5916\" src=\"http:\/\/damas.laiglesiadelacomunidad.com\/wp-content\/uploads\/2014\/12\/2014-12-28-19.16.40-1.jpg\" alt=\"2014-12-28-19.16.40-1\" width=\"306\" height=\"408\" srcset=\"http:\/\/damas.laiglesiadelacomunidad.com\/wp-content\/uploads\/2014\/12\/2014-12-28-19.16.40-1.jpg 306w, http:\/\/damas.laiglesiadelacomunidad.com\/wp-content\/uploads\/2014\/12\/2014-12-28-19.16.40-1-225x300.jpg 225w\" sizes=\"(max-width: 306px) 100vw, 306px\" \/><\/a><a href=\"http:\/\/damas.laiglesiadelacomunidad.com\/?attachment_id=5924\" rel=\"attachment wp-att-5924\"><img loading=\"lazy\" decoding=\"async\" class=\"alignnone size-full wp-image-5924\" src=\"http:\/\/damas.laiglesiadelacomunidad.com\/wp-content\/uploads\/2014\/12\/2014-12-28-19.48.30.jpg\" alt=\"2014-12-28-19.48.30\" width=\"408\" height=\"306\" \/><\/a><a href=\"http:\/\/damas.laiglesiadelacomunidad.com\/?attachment_id=5925\" rel=\"attachment wp-att-5925\"><img loading=\"lazy\" decoding=\"async\" class=\"alignnone size-full wp-image-5925\" src=\"http:\/\/damas.laiglesiadelacomunidad.com\/wp-content\/uploads\/2014\/12\/2014-12-28-19.49.29.jpg\" alt=\"2014-12-28-19.49.29\" width=\"408\" height=\"306\" srcset=\"http:\/\/damas.laiglesiadelacomunidad.com\/wp-content\/uploads\/2014\/12\/2014-12-28-19.49.29.jpg 408w, http:\/\/damas.laiglesiadelacomunidad.com\/wp-content\/uploads\/2014\/12\/2014-12-28-19.49.29-300x225.jpg 300w\" sizes=\"(max-width: 408px) 100vw, 408px\" \/><\/a><a href=\"http:\/\/damas.laiglesiadelacomunidad.com\/?attachment_id=5926\" rel=\"attachment wp-att-5926\"><img loading=\"lazy\" decoding=\"async\" class=\"alignnone size-full wp-image-5926\" src=\"http:\/\/damas.laiglesiadelacomunidad.com\/wp-content\/uploads\/2014\/12\/2014-12-28-20.13.07.jpg\" alt=\"2014-12-28-20.13.07\" width=\"408\" height=\"306\" srcset=\"http:\/\/damas.laiglesiadelacomunidad.com\/wp-content\/uploads\/2014\/12\/2014-12-28-20.13.07.jpg 408w, http:\/\/damas.laiglesiadelacomunidad.com\/wp-content\/uploads\/2014\/12\/2014-12-28-20.13.07-300x225.jpg 300w\" sizes=\"(max-width: 408px) 100vw, 408px\" \/><\/a><a href=\"http:\/\/damas.laiglesiadelacomunidad.com\/?attachment_id=5927\" rel=\"attachment wp-att-5927\"><img loading=\"lazy\" decoding=\"async\" class=\"alignnone size-full wp-image-5927\" src=\"http:\/\/damas.laiglesiadelacomunidad.com\/wp-content\/uploads\/2014\/12\/2014-12-28-20.13.16.jpg\" alt=\"2014-12-28-20.13.16\" width=\"408\" height=\"306\" \/><\/a><a href=\"http:\/\/damas.laiglesiadelacomunidad.com\/?attachment_id=5928\" rel=\"attachment wp-att-5928\"><img loading=\"lazy\" decoding=\"async\" class=\"alignnone size-full wp-image-5928\" src=\"http:\/\/damas.laiglesiadelacomunidad.com\/wp-content\/uploads\/2014\/12\/2014-12-28-20.13.271.jpg\" alt=\"2014-12-28-20.13.27\" width=\"408\" height=\"306\" srcset=\"http:\/\/damas.laiglesiadelacomunidad.com\/wp-content\/uploads\/2014\/12\/2014-12-28-20.13.271.jpg 408w, http:\/\/damas.laiglesiadelacomunidad.com\/wp-content\/uploads\/2014\/12\/2014-12-28-20.13.271-300x225.jpg 300w\" sizes=\"(max-width: 408px) 100vw, 408px\" \/><\/a><a href=\"http:\/\/damas.laiglesiadelacomunidad.com\/?attachment_id=5929\" rel=\"attachment wp-att-5929\"><img loading=\"lazy\" decoding=\"async\" class=\"alignnone size-full wp-image-5929\" src=\"http:\/\/damas.laiglesiadelacomunidad.com\/wp-content\/uploads\/2014\/12\/2014-12-28-20.13.34.jpg\" alt=\"2014-12-28-20.13.34\" width=\"408\" height=\"306\" \/><\/a><a href=\"http:\/\/damas.laiglesiadelacomunidad.com\/?attachment_id=5930\" rel=\"attachment wp-att-5930\"><img loading=\"lazy\" decoding=\"async\" class=\"alignnone size-full wp-image-5930\" src=\"http:\/\/damas.laiglesiadelacomunidad.com\/wp-content\/uploads\/2014\/12\/2014-12-28-20.13.45.jpg\" alt=\"2014-12-28-20.13.45\" width=\"408\" height=\"306\" srcset=\"http:\/\/damas.laiglesiadelacomunidad.com\/wp-content\/uploads\/2014\/12\/2014-12-28-20.13.45.jpg 408w, http:\/\/damas.laiglesiadelacomunidad.com\/wp-content\/uploads\/2014\/12\/2014-12-28-20.13.45-300x225.jpg 300w\" sizes=\"(max-width: 408px) 100vw, 408px\" \/><\/a><a href=\"http:\/\/damas.laiglesiadelacomunidad.com\/?attachment_id=5931\" rel=\"attachment wp-att-5931\"><img loading=\"lazy\" decoding=\"async\" class=\"alignnone size-full wp-image-5931\" src=\"http:\/\/damas.laiglesiadelacomunidad.com\/wp-content\/uploads\/2014\/12\/2014-12-28-20.14.05.jpg\" alt=\"2014-12-28-20.14.05\" width=\"408\" height=\"306\" srcset=\"http:\/\/damas.laiglesiadelacomunidad.com\/wp-content\/uploads\/2014\/12\/2014-12-28-20.14.05.jpg 408w, http:\/\/damas.laiglesiadelacomunidad.com\/wp-content\/uploads\/2014\/12\/2014-12-28-20.14.05-300x225.jpg 300w\" sizes=\"(max-width: 408px) 100vw, 408px\" \/><\/a><a href=\"http:\/\/damas.laiglesiadelacomunidad.com\/?attachment_id=5932\" rel=\"attachment wp-att-5932\"><img loading=\"lazy\" decoding=\"async\" class=\"alignnone size-full wp-image-5932\" src=\"http:\/\/damas.laiglesiadelacomunidad.com\/wp-content\/uploads\/2014\/12\/2014-12-28-20.14.16.jpg\" alt=\"2014-12-28-20.14.16\" width=\"408\" height=\"306\" srcset=\"http:\/\/damas.laiglesiadelacomunidad.com\/wp-content\/uploads\/2014\/12\/2014-12-28-20.14.16.jpg 408w, http:\/\/damas.laiglesiadelacomunidad.com\/wp-content\/uploads\/2014\/12\/2014-12-28-20.14.16-300x225.jpg 300w\" sizes=\"(max-width: 408px) 100vw, 408px\" \/><\/a><a href=\"http:\/\/damas.laiglesiadelacomunidad.com\/?attachment_id=5933\" rel=\"attachment wp-att-5933\"><img loading=\"lazy\" decoding=\"async\" class=\"alignnone size-full wp-image-5933\" src=\"http:\/\/damas.laiglesiadelacomunidad.com\/wp-content\/uploads\/2014\/12\/2014-12-28-20.14.28.jpg\" alt=\"2014-12-28-20.14.28\" width=\"408\" height=\"306\" srcset=\"http:\/\/damas.laiglesiadelacomunidad.com\/wp-content\/uploads\/2014\/12\/2014-12-28-20.14.28.jpg 408w, http:\/\/damas.laiglesiadelacomunidad.com\/wp-content\/uploads\/2014\/12\/2014-12-28-20.14.28-300x225.jpg 300w\" sizes=\"(max-width: 408px) 100vw, 408px\" \/><\/a><a href=\"http:\/\/damas.laiglesiadelacomunidad.com\/?attachment_id=5934\" rel=\"attachment wp-att-5934\"><img loading=\"lazy\" decoding=\"async\" class=\"alignnone size-full wp-image-5934\" src=\"http:\/\/damas.laiglesiadelacomunidad.com\/wp-content\/uploads\/2014\/12\/2014-12-28-20.14.46.jpg\" alt=\"2014-12-28-20.14.46\" width=\"408\" height=\"306\" \/><\/a><a href=\"http:\/\/damas.laiglesiadelacomunidad.com\/?attachment_id=5935\" rel=\"attachment wp-att-5935\"><img loading=\"lazy\" decoding=\"async\" class=\"alignnone size-full wp-image-5935\" src=\"http:\/\/damas.laiglesiadelacomunidad.com\/wp-content\/uploads\/2014\/12\/2014-12-28-20.14.50.jpg\" alt=\"2014-12-28-20.14.50\" width=\"408\" height=\"306\" srcset=\"http:\/\/damas.laiglesiadelacomunidad.com\/wp-content\/uploads\/2014\/12\/2014-12-28-20.14.50.jpg 408w, http:\/\/damas.laiglesiadelacomunidad.com\/wp-content\/uploads\/2014\/12\/2014-12-28-20.14.50-300x225.jpg 300w\" sizes=\"(max-width: 408px) 100vw, 408px\" \/><\/a><a href=\"http:\/\/damas.laiglesiadelacomunidad.com\/?attachment_id=5936\" rel=\"attachment wp-att-5936\"><img loading=\"lazy\" decoding=\"async\" class=\"alignnone size-full wp-image-5936\" src=\"http:\/\/damas.laiglesiadelacomunidad.com\/wp-content\/uploads\/2014\/12\/2014-12-28-20.14.52.jpg\" alt=\"2014-12-28-20.14.52\" width=\"408\" height=\"306\" \/><\/a><a href=\"http:\/\/damas.laiglesiadelacomunidad.com\/?attachment_id=5937\" rel=\"attachment wp-att-5937\"><img loading=\"lazy\" decoding=\"async\" class=\"alignnone size-full wp-image-5937\" src=\"http:\/\/damas.laiglesiadelacomunidad.com\/wp-content\/uploads\/2014\/12\/2014-12-28-20.14.59.jpg\" alt=\"2014-12-28-20.14.59\" width=\"408\" height=\"306\" srcset=\"http:\/\/damas.laiglesiadelacomunidad.com\/wp-content\/uploads\/2014\/12\/2014-12-28-20.14.59.jpg 408w, http:\/\/damas.laiglesiadelacomunidad.com\/wp-content\/uploads\/2014\/12\/2014-12-28-20.14.59-300x225.jpg 300w\" sizes=\"(max-width: 408px) 100vw, 408px\" \/><\/a><\/p>\n","protected":false},"excerpt":{"rendered":"<p>Gracias Se\u00f1or por tan linda noche, que buena forma de terminar el a\u00f1o, gracias a todos los voluntarios que han estado tan fieles en crear el ambiente para reunirnos y adorar a Dios, gracias a las que domingo a domingo han preparado el ambiente del caf\u00e9 y la libreria, como hemos visto nada del trabajo &hellip; <a href=\"http:\/\/damas.laiglesiadelacomunidad.com\/?p=5867\" class=\"more-link\">Continue reading <span class=\"screen-reader-text\">Reuni\u00f3n 28 de Dic. 2014<\/span> <span class=\"meta-nav\">&rarr;<\/span><\/a><\/p>\n","protected":false},"author":2,"featured_media":0,"comment_status":"open","ping_status":"open","sticky":false,"template":"","format":"chat","meta":{"footnotes":""},"categories":[6],"tags":[],"_links":{"self":[{"href":"http:\/\/damas.laiglesiadelacomunidad.com\/index.php?rest_route=\/wp\/v2\/posts\/5867"}],"collection":[{"href":"http:\/\/damas.laiglesiadelacomunidad.com\/index.php?rest_route=\/wp\/v2\/posts"}],"about":[{"href":"http:\/\/damas.laiglesiadelacomunidad.com\/index.php?rest_route=\/wp\/v2\/types\/post"}],"author":[{"embeddable":true,"href":"http:\/\/damas.laiglesiadelacomunidad.com\/index.php?rest_route=\/wp\/v2\/users\/2"}],"replies":[{"embeddable":true,"href":"http:\/\/damas.laiglesiadelacomunidad.com\/index.php?rest_route=%2Fwp%2Fv2%2Fcomments&post=5867"}],"version-history":[{"count":9,"href":"http:\/\/damas.laiglesiadelacomunidad.com\/index.php?rest_route=\/wp\/v2\/posts\/5867\/revisions"}],"predecessor-version":[{"id":5944,"href":"http:\/\/damas.laiglesiadelacomunidad.com\/index.php?rest_route=\/wp\/v2\/posts\/5867\/revisions\/5944"}],"wp:attachment":[{"href":"http:\/\/damas.laiglesiadelacomunidad.com\/index.php?rest_route=%2Fwp%2Fv2%2Fmedia&parent=5867"}],"wp:term":[{"taxonomy":"category","embeddable":true,"href":"http:\/\/damas.laiglesiadelacomunidad.com\/index.php?rest_route=%2Fwp%2Fv2%2Fcategories&post=5867"},{"taxonomy":"post_tag","embeddable":true,"href":"http:\/\/damas.laiglesiadelacomunidad.com\/index.php?rest_route=%2Fwp%2Fv2%2Ftags&post=5867"}],"curies":[{"name":"wp","href":"https:\/\/api.w.org\/{rel}","templated":true}]}}