{"id":5863,"date":"2014-12-23T19:27:50","date_gmt":"2014-12-24T01:27:50","guid":{"rendered":"http:\/\/damas.laiglesiadelacomunidad.com\/?p=5863"},"modified":"2014-12-23T19:27:50","modified_gmt":"2014-12-24T01:27:50","slug":"versiculo-para-meditar-110","status":"publish","type":"post","link":"http:\/\/damas.laiglesiadelacomunidad.com\/?p=5863","title":{"rendered":"Vers\u00edculo para Meditar"},"content":{"rendered":"<p>\u00bbNadie volver\u00e1 a ense\u00f1ar a su pr\u00f3jimo ni a su hermano, ni le dir\u00e1: \u201cConoce al Se\u00f1or\u201d, porque todos ellos, desde el m\u00e1s peque\u00f1o hasta el m\u00e1s grande, me conocer\u00e1n. Y yo perdonar\u00e9 su maldad, y no volver\u00e9 a acordarme de su pecado.\u00bb, \u2014Palabra del Se\u00f1or. (\u202dJerem\u00edas\u202c \u202d31\u202c:\u202d34\u202c RVC)<\/p>\n","protected":false},"excerpt":{"rendered":"<p>\u00bbNadie volver\u00e1 a ense\u00f1ar a su pr\u00f3jimo ni a su hermano, ni le dir\u00e1: \u201cConoce al Se\u00f1or\u201d, porque todos ellos, desde el m\u00e1s peque\u00f1o hasta el m\u00e1s grande, me conocer\u00e1n. Y yo perdonar\u00e9 su maldad, y no volver\u00e9 a acordarme de su pecado.\u00bb, \u2014Palabra del Se\u00f1or. (\u202dJerem\u00edas\u202c \u202d31\u202c:\u202d34\u202c RVC)<\/p>\n","protected":false},"author":2,"featured_media":0,"comment_status":"open","ping_status":"open","sticky":false,"template":"","format":"chat","meta":{"footnotes":""},"categories":[5],"tags":[],"_links":{"self":[{"href":"http:\/\/damas.laiglesiadelacomunidad.com\/index.php?rest_route=\/wp\/v2\/posts\/5863"}],"collection":[{"href":"http:\/\/damas.laiglesiadelacomunidad.com\/index.php?rest_route=\/wp\/v2\/posts"}],"about":[{"href":"http:\/\/damas.laiglesiadelacomunidad.com\/index.php?rest_route=\/wp\/v2\/types\/post"}],"author":[{"embeddable":true,"href":"http:\/\/damas.laiglesiadelacomunidad.com\/index.php?rest_route=\/wp\/v2\/users\/2"}],"replies":[{"embeddable":true,"href":"http:\/\/damas.laiglesiadelacomunidad.com\/index.php?rest_route=%2Fwp%2Fv2%2Fcomments&post=5863"}],"version-history":[{"count":1,"href":"http:\/\/damas.laiglesiadelacomunidad.com\/index.php?rest_route=\/wp\/v2\/posts\/5863\/revisions"}],"predecessor-version":[{"id":5864,"href":"http:\/\/damas.laiglesiadelacomunidad.com\/index.php?rest_route=\/wp\/v2\/posts\/5863\/revisions\/5864"}],"wp:attachment":[{"href":"http:\/\/damas.laiglesiadelacomunidad.com\/index.php?rest_route=%2Fwp%2Fv2%2Fmedia&parent=5863"}],"wp:term":[{"taxonomy":"category","embeddable":true,"href":"http:\/\/damas.laiglesiadelacomunidad.com\/index.php?rest_route=%2Fwp%2Fv2%2Fcategories&post=5863"},{"taxonomy":"post_tag","embeddable":true,"href":"http:\/\/damas.laiglesiadelacomunidad.com\/index.php?rest_route=%2Fwp%2Fv2%2Ftags&post=5863"}],"curies":[{"name":"wp","href":"https:\/\/api.w.org\/{rel}","templated":true}]}}