{"id":5749,"date":"2014-12-21T23:12:57","date_gmt":"2014-12-22T05:12:57","guid":{"rendered":"http:\/\/damas.laiglesiadelacomunidad.com\/?p=5749"},"modified":"2014-12-22T23:16:05","modified_gmt":"2014-12-23T05:16:05","slug":"reunion-21-de-dic-2014","status":"publish","type":"post","link":"http:\/\/damas.laiglesiadelacomunidad.com\/?p=5749","title":{"rendered":"Reuni\u00f3n 21 de Dic. 2014"},"content":{"rendered":"<p>Que BELLA Noche, gracias Se\u00f1or por regalarnos tan linda noche, gracias a todos por colaborar especialmente a los ni\u00f1os, gracias por participar en los canto, quedan contratados para el pr\u00f3ximo domingo \ud83d\ude42 gracias a las mam\u00e1s por animarlos a participar.<\/p>\n<p>Que Lindo mensaje, el tema del mensaje de hoy fue <strong>&#8220;Enfrentando la realidad m\u00e1s grande&#8221;\u00a0<\/strong>y la idea grande de hoy fue <strong>&#8220;La Navidad nos enfrenta con la realidad m\u00e1s grande de la vida&#8221;\u00a0<\/strong>Nunca habia visto la Navidad de \u00e9ste punto de vista, la navidad nos enfoca en cosas superficiales, compras, comidas, fiestas, regalos.<\/p>\n<p>La Navidad nos deber\u00eda de llevar al evangelio, estamos lejos de Dios o en alg\u00fan tiempo viv\u00edamos lejos de Dios, separados de \u00e9l, en reveld\u00eda contra Dios y merecemos o mereciamos su ira. Con el nacimiento de Jes\u00fas Dios nos di\u00f3 su regalo de vida eterna, pero el hecho de que \u00c9l nos de ese regalo no significa que todos lo hemos aceptado, el regalo esta all\u00ed Dios nos lo di\u00f3 y trae la promesa de vida eterna. Solo nos queda aceptar el regalo y vivir esa promesa, y una vez que aceptamos esa promesa debemos de ense\u00f1ar a otros a aceptarla.<\/p>\n<p><strong><span class=\"text Matt-1-18\"><sup class=\"versenum\">\u00a0<\/sup>El nacimiento de Jesucristo fue as\u00ed: Mar\u00eda, la madre de Jes\u00fas, estaba comprometida con Jos\u00e9, pero antes de unirse como esposos se encontr\u00f3 que ella hab\u00eda concebido del Esp\u00edritu Santo.<\/span> <span id=\"es-RVC-23165\" class=\"text Matt-1-19\">Jos\u00e9, su marido, era un hombre justo y quiso dejarla secretamente, pues no quer\u00eda denigrarla.<\/span> <span id=\"es-RVC-23166\" class=\"text Matt-1-20\">Mientras Jos\u00e9 reflexionaba al respecto, un \u00e1ngel del Se\u00f1or se le apareci\u00f3 en sue\u00f1os y le dijo: \u00abJos\u00e9, hijo de David, no temas recibir a Mar\u00eda, tu mujer, porque su hijo ha sido concebido por el Esp\u00edritu Santo.<\/span> <span id=\"es-RVC-23167\" class=\"text Matt-1-21\">Mar\u00eda tendr\u00e1 un hijo, a quien pondr\u00e1s por nombre JES\u00daS,<sup class=\"footnote\" style=\"box-sizing: border-box; font-size: 0.625em; line-height: 22px; position: relative; vertical-align: top; top: 0px;\" data-fn=\"#fes-RVC-23167a\" data-link=\"[&lt;a href=&quot;#fes-RVC-23167a&quot; title=&quot;See footnote a&quot;&gt;a&lt;\/a&gt;]\">[<a title=\"See footnote a\" href=\"https:\/\/www.biblegateway.com\/passage\/?search=Mateo+1%3A18-25&amp;version=RVC#fes-RVC-23167a\">a<\/a>]<\/sup> porque \u00e9l salvar\u00e1 a su pueblo de sus pecados.\u00bb<\/span> <span id=\"es-RVC-23168\" class=\"text Matt-1-22\">Todo esto sucedi\u00f3 para que se cumpliera lo que el Se\u00f1or dijo por medio del profeta:<\/span><\/strong><\/p>\n<div class=\"poetry\">\n<p class=\"line\"><strong><span id=\"es-RVC-23169\" class=\"text Matt-1-23\">\u00abUna virgen concebir\u00e1 y dar\u00e1 a luz un hijo,<\/span><\/strong><br \/>\n<strong><span class=\"text Matt-1-23\">y le pondr\u00e1s por nombre Emanuel,<\/span><\/strong><strong><span class=\"text Matt-1-23\">que significa: \u201cDios est\u00e1 con nosotros.\u201d\u00bb<\/span><\/strong><\/p>\n<\/div>\n<p><strong><span id=\"es-RVC-23170\" class=\"text Matt-1-24\">Cuando Jos\u00e9 despert\u00f3 del sue\u00f1o, hizo lo que el \u00e1ngel del Se\u00f1or le hab\u00eda mandado y recibi\u00f3 a su mujer,<\/span> <span id=\"es-RVC-23171\" class=\"text Matt-1-25\">pero no la conoci\u00f3 hasta que dio a luz a su hijo primog\u00e9nito. Y le puso por nombre JES\u00daS.\u00a0<\/span><\/strong><span id=\"es-RVC-23171\" class=\"text Matt-1-25\">Mateo 1:18-25<\/span><\/p>\n<p>Gracias Se\u00f1or por lo bueno que has sido con nosotros, por darnos el regalo de vida eterna, te pedimos por las que a\u00fan no hemos aceptado ese regalo, que tu nos des un coraz\u00f3n para aceptarlo y para compartirlo, te lo pedimos en nombre de Jesucristo nuestro Se\u00f1or, am\u00e9n.<\/p>\n<p>Dios las bendiga hoy y siempre. Que pasen unas lindas fiestas navide\u00f1as.<\/p>\n<p>Jackie C.<a href=\"http:\/\/damas.laiglesiadelacomunidad.com\/?attachment_id=5775\" rel=\"attachment wp-att-5775\"><img loading=\"lazy\" decoding=\"async\" class=\"alignnone size-full wp-image-5775\" src=\"http:\/\/damas.laiglesiadelacomunidad.com\/wp-content\/uploads\/2014\/12\/2014-12-21-22.45.291.jpg\" alt=\"2014-12-21 22.45.29\" width=\"1280\" height=\"720\" srcset=\"http:\/\/damas.laiglesiadelacomunidad.com\/wp-content\/uploads\/2014\/12\/2014-12-21-22.45.291.jpg 1280w, http:\/\/damas.laiglesiadelacomunidad.com\/wp-content\/uploads\/2014\/12\/2014-12-21-22.45.291-300x169.jpg 300w, http:\/\/damas.laiglesiadelacomunidad.com\/wp-content\/uploads\/2014\/12\/2014-12-21-22.45.291-1024x576.jpg 1024w\" sizes=\"(max-width: 1280px) 100vw, 1280px\" \/><\/a> <a href=\"http:\/\/damas.laiglesiadelacomunidad.com\/?attachment_id=5780\" rel=\"attachment wp-att-5780\"><img loading=\"lazy\" decoding=\"async\" class=\"alignnone size-full wp-image-5780\" src=\"http:\/\/damas.laiglesiadelacomunidad.com\/wp-content\/uploads\/2014\/12\/2014-12-21-22.25.23.jpg\" alt=\"2014-12-21 22.25.23\" width=\"1280\" height=\"720\" srcset=\"http:\/\/damas.laiglesiadelacomunidad.com\/wp-content\/uploads\/2014\/12\/2014-12-21-22.25.23.jpg 1280w, http:\/\/damas.laiglesiadelacomunidad.com\/wp-content\/uploads\/2014\/12\/2014-12-21-22.25.23-300x169.jpg 300w, http:\/\/damas.laiglesiadelacomunidad.com\/wp-content\/uploads\/2014\/12\/2014-12-21-22.25.23-1024x576.jpg 1024w\" sizes=\"(max-width: 1280px) 100vw, 1280px\" \/><\/a> <a href=\"http:\/\/damas.laiglesiadelacomunidad.com\/?attachment_id=5781\" rel=\"attachment wp-att-5781\"><img loading=\"lazy\" decoding=\"async\" class=\"alignnone size-full wp-image-5781\" src=\"http:\/\/damas.laiglesiadelacomunidad.com\/wp-content\/uploads\/2014\/12\/2014-12-21-22.25.27.jpg\" alt=\"2014-12-21 22.25.27\" width=\"1280\" height=\"720\" srcset=\"http:\/\/damas.laiglesiadelacomunidad.com\/wp-content\/uploads\/2014\/12\/2014-12-21-22.25.27.jpg 1280w, http:\/\/damas.laiglesiadelacomunidad.com\/wp-content\/uploads\/2014\/12\/2014-12-21-22.25.27-300x169.jpg 300w, http:\/\/damas.laiglesiadelacomunidad.com\/wp-content\/uploads\/2014\/12\/2014-12-21-22.25.27-1024x576.jpg 1024w\" sizes=\"(max-width: 1280px) 100vw, 1280px\" \/><\/a> <a href=\"http:\/\/damas.laiglesiadelacomunidad.com\/?attachment_id=5782\" rel=\"attachment wp-att-5782\"><img loading=\"lazy\" decoding=\"async\" class=\"alignnone size-full wp-image-5782\" src=\"http:\/\/damas.laiglesiadelacomunidad.com\/wp-content\/uploads\/2014\/12\/2014-12-21-22.25.36.jpg\" alt=\"2014-12-21 22.25.36\" width=\"1280\" height=\"720\" srcset=\"http:\/\/damas.laiglesiadelacomunidad.com\/wp-content\/uploads\/2014\/12\/2014-12-21-22.25.36.jpg 1280w, http:\/\/damas.laiglesiadelacomunidad.com\/wp-content\/uploads\/2014\/12\/2014-12-21-22.25.36-300x169.jpg 300w, http:\/\/damas.laiglesiadelacomunidad.com\/wp-content\/uploads\/2014\/12\/2014-12-21-22.25.36-1024x576.jpg 1024w\" sizes=\"(max-width: 1280px) 100vw, 1280px\" \/><\/a><\/p>\n<p><a href=\"http:\/\/damas.laiglesiadelacomunidad.com\/?attachment_id=5766\" rel=\"attachment wp-att-5766\"><img loading=\"lazy\" decoding=\"async\" class=\"alignnone size-full wp-image-5766\" src=\"http:\/\/damas.laiglesiadelacomunidad.com\/wp-content\/uploads\/2014\/12\/2014-12-21-11.46.03.jpg\" alt=\"2014-12-21 11.46.03\" width=\"1920\" height=\"1920\" srcset=\"http:\/\/damas.laiglesiadelacomunidad.com\/wp-content\/uploads\/2014\/12\/2014-12-21-11.46.03.jpg 1920w, http:\/\/damas.laiglesiadelacomunidad.com\/wp-content\/uploads\/2014\/12\/2014-12-21-11.46.03-150x150.jpg 150w, http:\/\/damas.laiglesiadelacomunidad.com\/wp-content\/uploads\/2014\/12\/2014-12-21-11.46.03-300x300.jpg 300w, http:\/\/damas.laiglesiadelacomunidad.com\/wp-content\/uploads\/2014\/12\/2014-12-21-11.46.03-1024x1024.jpg 1024w\" sizes=\"(max-width: 1920px) 100vw, 1920px\" \/><\/a> <a href=\"http:\/\/damas.laiglesiadelacomunidad.com\/?attachment_id=5767\" rel=\"attachment wp-att-5767\"><img loading=\"lazy\" decoding=\"async\" class=\"alignnone size-full wp-image-5767\" src=\"http:\/\/damas.laiglesiadelacomunidad.com\/wp-content\/uploads\/2014\/12\/2014-12-21-13.11.13.jpg\" alt=\"2014-12-21 13.11.13\" width=\"1920\" height=\"1920\" srcset=\"http:\/\/damas.laiglesiadelacomunidad.com\/wp-content\/uploads\/2014\/12\/2014-12-21-13.11.13.jpg 1920w, http:\/\/damas.laiglesiadelacomunidad.com\/wp-content\/uploads\/2014\/12\/2014-12-21-13.11.13-150x150.jpg 150w, http:\/\/damas.laiglesiadelacomunidad.com\/wp-content\/uploads\/2014\/12\/2014-12-21-13.11.13-300x300.jpg 300w, http:\/\/damas.laiglesiadelacomunidad.com\/wp-content\/uploads\/2014\/12\/2014-12-21-13.11.13-1024x1024.jpg 1024w\" sizes=\"(max-width: 1920px) 100vw, 1920px\" \/><\/a> <a href=\"http:\/\/damas.laiglesiadelacomunidad.com\/?attachment_id=5768\" rel=\"attachment wp-att-5768\"><img loading=\"lazy\" decoding=\"async\" class=\"alignnone size-full wp-image-5768\" src=\"http:\/\/damas.laiglesiadelacomunidad.com\/wp-content\/uploads\/2014\/12\/2014-12-21-22.45.26.jpg\" alt=\"2014-12-21 22.45.26\" width=\"720\" height=\"1280\" srcset=\"http:\/\/damas.laiglesiadelacomunidad.com\/wp-content\/uploads\/2014\/12\/2014-12-21-22.45.26.jpg 720w, http:\/\/damas.laiglesiadelacomunidad.com\/wp-content\/uploads\/2014\/12\/2014-12-21-22.45.26-169x300.jpg 169w, http:\/\/damas.laiglesiadelacomunidad.com\/wp-content\/uploads\/2014\/12\/2014-12-21-22.45.26-576x1024.jpg 576w\" sizes=\"(max-width: 720px) 100vw, 720px\" \/><\/a> <a href=\"http:\/\/damas.laiglesiadelacomunidad.com\/?attachment_id=5769\" rel=\"attachment wp-att-5769\"><img loading=\"lazy\" decoding=\"async\" class=\"alignnone size-full wp-image-5769\" src=\"http:\/\/damas.laiglesiadelacomunidad.com\/wp-content\/uploads\/2014\/12\/2014-12-21-22.45.29.jpg\" alt=\"2014-12-21 22.45.29\" width=\"1280\" height=\"720\" srcset=\"http:\/\/damas.laiglesiadelacomunidad.com\/wp-content\/uploads\/2014\/12\/2014-12-21-22.45.29.jpg 1280w, http:\/\/damas.laiglesiadelacomunidad.com\/wp-content\/uploads\/2014\/12\/2014-12-21-22.45.29-300x169.jpg 300w, http:\/\/damas.laiglesiadelacomunidad.com\/wp-content\/uploads\/2014\/12\/2014-12-21-22.45.29-1024x576.jpg 1024w\" sizes=\"(max-width: 1280px) 100vw, 1280px\" \/><\/a> <a href=\"http:\/\/damas.laiglesiadelacomunidad.com\/?attachment_id=5770\" rel=\"attachment wp-att-5770\"><img loading=\"lazy\" decoding=\"async\" class=\"alignnone size-full wp-image-5770\" src=\"http:\/\/damas.laiglesiadelacomunidad.com\/wp-content\/uploads\/2014\/12\/2014-12-21-22.45.34.jpg\" alt=\"2014-12-21 22.45.34\" width=\"1280\" height=\"720\" srcset=\"http:\/\/damas.laiglesiadelacomunidad.com\/wp-content\/uploads\/2014\/12\/2014-12-21-22.45.34.jpg 1280w, http:\/\/damas.laiglesiadelacomunidad.com\/wp-content\/uploads\/2014\/12\/2014-12-21-22.45.34-300x169.jpg 300w, http:\/\/damas.laiglesiadelacomunidad.com\/wp-content\/uploads\/2014\/12\/2014-12-21-22.45.34-1024x576.jpg 1024w\" sizes=\"(max-width: 1280px) 100vw, 1280px\" \/><\/a> <a href=\"http:\/\/damas.laiglesiadelacomunidad.com\/?attachment_id=5771\" rel=\"attachment wp-att-5771\"><img loading=\"lazy\" decoding=\"async\" class=\"alignnone size-full wp-image-5771\" src=\"http:\/\/damas.laiglesiadelacomunidad.com\/wp-content\/uploads\/2014\/12\/2014-12-21-22.45.37.jpg\" alt=\"2014-12-21 22.45.37\" width=\"1280\" height=\"720\" srcset=\"http:\/\/damas.laiglesiadelacomunidad.com\/wp-content\/uploads\/2014\/12\/2014-12-21-22.45.37.jpg 1280w, http:\/\/damas.laiglesiadelacomunidad.com\/wp-content\/uploads\/2014\/12\/2014-12-21-22.45.37-300x169.jpg 300w, http:\/\/damas.laiglesiadelacomunidad.com\/wp-content\/uploads\/2014\/12\/2014-12-21-22.45.37-1024x576.jpg 1024w\" sizes=\"(max-width: 1280px) 100vw, 1280px\" \/><\/a> <a href=\"http:\/\/damas.laiglesiadelacomunidad.com\/?attachment_id=5772\" rel=\"attachment wp-att-5772\"><img loading=\"lazy\" decoding=\"async\" class=\"alignnone size-full wp-image-5772\" src=\"http:\/\/damas.laiglesiadelacomunidad.com\/wp-content\/uploads\/2014\/12\/2014-12-21-22.45.41.jpg\" alt=\"2014-12-21 22.45.41\" width=\"1280\" height=\"720\" srcset=\"http:\/\/damas.laiglesiadelacomunidad.com\/wp-content\/uploads\/2014\/12\/2014-12-21-22.45.41.jpg 1280w, http:\/\/damas.laiglesiadelacomunidad.com\/wp-content\/uploads\/2014\/12\/2014-12-21-22.45.41-300x169.jpg 300w, http:\/\/damas.laiglesiadelacomunidad.com\/wp-content\/uploads\/2014\/12\/2014-12-21-22.45.41-1024x576.jpg 1024w\" sizes=\"(max-width: 1280px) 100vw, 1280px\" \/><\/a> <a href=\"http:\/\/damas.laiglesiadelacomunidad.com\/?attachment_id=5773\" rel=\"attachment wp-att-5773\"><img loading=\"lazy\" decoding=\"async\" class=\"alignnone size-full wp-image-5773\" src=\"http:\/\/damas.laiglesiadelacomunidad.com\/wp-content\/uploads\/2014\/12\/2014-12-21-22.45.44.jpg\" alt=\"2014-12-21 22.45.44\" width=\"1280\" height=\"720\" srcset=\"http:\/\/damas.laiglesiadelacomunidad.com\/wp-content\/uploads\/2014\/12\/2014-12-21-22.45.44.jpg 1280w, http:\/\/damas.laiglesiadelacomunidad.com\/wp-content\/uploads\/2014\/12\/2014-12-21-22.45.44-300x169.jpg 300w, http:\/\/damas.laiglesiadelacomunidad.com\/wp-content\/uploads\/2014\/12\/2014-12-21-22.45.44-1024x576.jpg 1024w\" sizes=\"(max-width: 1280px) 100vw, 1280px\" \/><\/a><\/p>\n","protected":false},"excerpt":{"rendered":"<p>Que BELLA Noche, gracias Se\u00f1or por regalarnos tan linda noche, gracias a todos por colaborar especialmente a los ni\u00f1os, gracias por participar en los canto, quedan contratados para el pr\u00f3ximo domingo \ud83d\ude42 gracias a las mam\u00e1s por animarlos a participar. Que Lindo mensaje, el tema del mensaje de hoy fue &#8220;Enfrentando la realidad m\u00e1s grande&#8221;\u00a0y &hellip; <a href=\"http:\/\/damas.laiglesiadelacomunidad.com\/?p=5749\" class=\"more-link\">Continue reading <span class=\"screen-reader-text\">Reuni\u00f3n 21 de Dic. 2014<\/span> <span class=\"meta-nav\">&rarr;<\/span><\/a><\/p>\n","protected":false},"author":2,"featured_media":0,"comment_status":"open","ping_status":"open","sticky":false,"template":"","format":"standard","meta":{"footnotes":""},"categories":[7],"tags":[],"_links":{"self":[{"href":"http:\/\/damas.laiglesiadelacomunidad.com\/index.php?rest_route=\/wp\/v2\/posts\/5749"}],"collection":[{"href":"http:\/\/damas.laiglesiadelacomunidad.com\/index.php?rest_route=\/wp\/v2\/posts"}],"about":[{"href":"http:\/\/damas.laiglesiadelacomunidad.com\/index.php?rest_route=\/wp\/v2\/types\/post"}],"author":[{"embeddable":true,"href":"http:\/\/damas.laiglesiadelacomunidad.com\/index.php?rest_route=\/wp\/v2\/users\/2"}],"replies":[{"embeddable":true,"href":"http:\/\/damas.laiglesiadelacomunidad.com\/index.php?rest_route=%2Fwp%2Fv2%2Fcomments&post=5749"}],"version-history":[{"count":6,"href":"http:\/\/damas.laiglesiadelacomunidad.com\/index.php?rest_route=\/wp\/v2\/posts\/5749\/revisions"}],"predecessor-version":[{"id":5857,"href":"http:\/\/damas.laiglesiadelacomunidad.com\/index.php?rest_route=\/wp\/v2\/posts\/5749\/revisions\/5857"}],"wp:attachment":[{"href":"http:\/\/damas.laiglesiadelacomunidad.com\/index.php?rest_route=%2Fwp%2Fv2%2Fmedia&parent=5749"}],"wp:term":[{"taxonomy":"category","embeddable":true,"href":"http:\/\/damas.laiglesiadelacomunidad.com\/index.php?rest_route=%2Fwp%2Fv2%2Fcategories&post=5749"},{"taxonomy":"post_tag","embeddable":true,"href":"http:\/\/damas.laiglesiadelacomunidad.com\/index.php?rest_route=%2Fwp%2Fv2%2Ftags&post=5749"}],"curies":[{"name":"wp","href":"https:\/\/api.w.org\/{rel}","templated":true}]}}