{"id":5707,"date":"2014-12-17T22:20:46","date_gmt":"2014-12-18T04:20:46","guid":{"rendered":"http:\/\/damas.laiglesiadelacomunidad.com\/?p=5707"},"modified":"2014-12-17T22:36:38","modified_gmt":"2014-12-18T04:36:38","slug":"estudio-17-de-dic-2014","status":"publish","type":"post","link":"http:\/\/damas.laiglesiadelacomunidad.com\/?p=5707","title":{"rendered":"Estudio 17 de Dic. 2014"},"content":{"rendered":"<p>Gracias Se\u00f1or por tan linda noche, gracias por tan lindo estudio, te pedimos que cuides de las que estan enfermitas. Chicas esperamos que se recuperen pronto. Las extra\u00f1amos mucho.<\/p>\n<p>El tema del estudio de hoy fue <strong>&#8220;Como luchar contra las tentaciones&#8221;\u00a0<\/strong>cuando aprendemos a reconocer las tentaciones nos damos cuenta de que si podemos luchar contra ellas y que podemos ser mejores, pero tambi\u00e9n experimentamos fallas en nuestras luchas. Pero por ver el ejemplo de Jes\u00fas sabemos que si podemos vencer la tentaci\u00f3n, se nos va a dificultar porque no somos perfectar pero m\u00e1s luchamos m\u00e1s venceremos, claro con la ayuda del Esp\u00edritu Santo como gu\u00eda y por conocer mejor su palabra.<\/p>\n<p>Estudiamos la historia de Cain y Abel, y muchas veces nosotras cometemos el pecado de Ca\u00edn. Ca\u00edn escuch\u00f3 a Dios advertirle sobre su pecado y Ca\u00edn decidi\u00f3 no escucharlo, Dios nos advierte y nos da a escoger vamos a ser como Jes\u00fas y luchar contra nuestra tentaci\u00f3n, o vamos a ser como Ca\u00edn ignorar a Dios y caer en la tentaci\u00f3n.<\/p>\n<p class=\"chapter-1\"><strong><span class=\"text Gen-4-1\">Ad\u00e1n conoci\u00f3 a Eva, su mujer, y ella concibi\u00f3 y dio a luz a Ca\u00edn, y dijo: \u00abPor la voluntad del Se\u00f1or he adquirido<sup class=\"footnote\" style=\"box-sizing: border-box; font-size: 0.625em; line-height: 22px; position: relative; vertical-align: top; top: 0px;\" data-fn=\"#fes-RVC-81a\" data-link=\"[&lt;a href=&quot;#fes-RVC-81a&quot; title=&quot;See footnote a&quot;&gt;a&lt;\/a&gt;]\">[<a title=\"See footnote a\" href=\"https:\/\/www.biblegateway.com\/passage\/?search=Genesis%204#fes-RVC-81a\">a<\/a>]<\/sup> un var\u00f3n.\u00bb<\/span> <span id=\"es-RVC-82\" class=\"text Gen-4-2\">Despu\u00e9s dio a luz a Abel, hermano de Ca\u00edn. Abel era pastor de ovejas, y Ca\u00edn cultivaba la tierra.<span style=\"font-size: 12px; line-height: 0px;\">\u00a0<\/span><\/span><span id=\"es-RVC-83\" class=\"text Gen-4-3\">Andando el tiempo, sucedi\u00f3 que Ca\u00edn llev\u00f3 al Se\u00f1or una ofrenda del fruto de la tierra.<\/span> <span id=\"es-RVC-84\" class=\"text Gen-4-4\">Y Abel tambi\u00e9n llev\u00f3 algunos de los primog\u00e9nitos de sus ovejas, de los mejores entre ellas. Y el Se\u00f1or mir\u00f3 con agrado a Abel y a su ofrenda,<span style=\"font-size: 12px; line-height: 0px;\">\u00a0<\/span><\/span><span id=\"es-RVC-85\" class=\"text Gen-4-5\">pero no mir\u00f3 con agrado a Ca\u00edn ni a su ofrenda. Y Ca\u00edn se enoj\u00f3 mucho, y decay\u00f3 su semblante.<\/span> <span id=\"es-RVC-86\" class=\"text Gen-4-6\">Entonces el Se\u00f1or le dijo a Ca\u00edn:<span style=\"color: #800000;\">\u00a0<\/span><\/span><span style=\"color: #800000;\"><span class=\"text Gen-4-6\">\u00ab\u00bfPor qu\u00e9 est\u00e1s enojado? \u00bfPor qu\u00e9 ha deca\u00eddo tu semblante?<\/span> <span id=\"es-RVC-87\" class=\"text Gen-4-7\">Si haces lo bueno, \u00bfacaso no ser\u00e1s enaltecido? Pero, si no lo haces, el pecado est\u00e1 listo para dominarte. Sin embargo, su deseo lo llevar\u00e1 a ti, y t\u00fa lo dominar\u00e1s.\u00bb<\/span><\/span><\/strong><\/p>\n<p><strong><span id=\"es-RVC-88\" class=\"text Gen-4-8\">Dijo entonces Ca\u00edn a su hermano Abel: \u00abVayamos al campo.\u00bb Y sucedi\u00f3 que, mientras estaban ellos en el campo, Ca\u00edn se levant\u00f3 contra su hermano Abel, y lo mat\u00f3.<\/span> <span id=\"es-RVC-89\" class=\"text Gen-4-9\">Y el Se\u00f1or le dijo a Ca\u00edn:\u00a0<\/span>\u00ab\u00bfD\u00f3nde est\u00e1 tu hermano Abel?\u00bb\u00a0Y \u00e9l respondi\u00f3:\u00a0\u00abNo lo s\u00e9. \u00bfAcaso soy yo el guardi\u00e1n de mi hermano?\u00bb<\/strong><\/p>\n<p><strong><span id=\"es-RVC-90\" class=\"text Gen-4-10\"><sup class=\"versenum\">\u00a0<\/sup>Y el Se\u00f1or le dijo:\u00a0<\/span><span class=\"text Gen-4-10\">\u00ab\u00bfQu\u00e9 es lo que has hecho? Desde la tierra, la voz de la sangre de tu hermano me pide que le haga justicia.<\/span> <span id=\"es-RVC-91\" class=\"text Gen-4-11\">Ahora, pues, \u00a1maldito ser\u00e1s por parte de la tierra, que abri\u00f3 su boca para recibir de tus manos la sangre de tu hermano!<span style=\"font-size: 12px; line-height: 0px;\">\u00a0<\/span><\/span><\/strong><span id=\"es-RVC-92\" class=\"text Gen-4-12\"><strong>Cuando labres la tierra, no te volver\u00e1 a dar su fuerza. Y andr\u00e1s por la tierra errante y extranjero.\u00bb<\/strong> Genesis 4:1-12<\/span><\/p>\n<p>Se\u00f1or te pedimos que nos ayudes a ser menos como Ca\u00edn y m\u00e1s como Jes\u00fas, que tu Esp\u00edritu Santo sobre abunde entre nosotras para que seamos m\u00e1s y m\u00e1s como Jes\u00fas, en Su nombre te lo pedimos, am\u00e9n.<\/p>\n<p>Las quiero a todas.<\/p>\n<p>Nos vemos el viernes en la FIESTA si Dios quiere,<\/p>\n<p>Dios las bendiga;<\/p>\n<p>Jackie C.<\/p>\n<p><a href=\"http:\/\/damas.laiglesiadelacomunidad.com\/wp-content\/uploads\/2014\/12\/IMG_2204.jpg\"><img decoding=\"async\" src=\"http:\/\/damas.laiglesiadelacomunidad.com\/wp-content\/uploads\/2014\/12\/IMG_2204.jpg\" alt=\"IMG_2204.JPG\" class=\"alignnone size-full\" \/><\/a><\/p>\n<p><a href=\"http:\/\/damas.laiglesiadelacomunidad.com\/wp-content\/uploads\/2014\/12\/IMG_2205.jpg\"><img decoding=\"async\" src=\"http:\/\/damas.laiglesiadelacomunidad.com\/wp-content\/uploads\/2014\/12\/IMG_2205.jpg\" alt=\"IMG_2205.JPG\" class=\"alignnone size-full\" \/><\/a><\/p>\n<p><a href=\"http:\/\/damas.laiglesiadelacomunidad.com\/wp-content\/uploads\/2014\/12\/IMG_2202.jpg\"><img decoding=\"async\" src=\"http:\/\/damas.laiglesiadelacomunidad.com\/wp-content\/uploads\/2014\/12\/IMG_2202.jpg\" alt=\"IMG_2202.JPG\" class=\"alignnone size-full\" \/><\/a><\/p>\n<p><a href=\"http:\/\/damas.laiglesiadelacomunidad.com\/wp-content\/uploads\/2014\/12\/IMG_2203.jpg\"><img decoding=\"async\" src=\"http:\/\/damas.laiglesiadelacomunidad.com\/wp-content\/uploads\/2014\/12\/IMG_2203.jpg\" alt=\"IMG_2203.JPG\" class=\"alignnone size-full\" \/><\/a><\/p>\n<p><a href=\"http:\/\/damas.laiglesiadelacomunidad.com\/wp-content\/uploads\/2014\/12\/IMG_2201.jpg\"><img decoding=\"async\" src=\"http:\/\/damas.laiglesiadelacomunidad.com\/wp-content\/uploads\/2014\/12\/IMG_2201.jpg\" alt=\"IMG_2201.JPG\" class=\"alignnone size-full\" \/><\/a><\/p>\n<p><a href=\"http:\/\/damas.laiglesiadelacomunidad.com\/wp-content\/uploads\/2014\/12\/IMG_2206.jpg\"><img decoding=\"async\" src=\"http:\/\/damas.laiglesiadelacomunidad.com\/wp-content\/uploads\/2014\/12\/IMG_2206.jpg\" alt=\"IMG_2206.JPG\" class=\"alignnone size-full\" \/><\/a><\/p>\n","protected":false},"excerpt":{"rendered":"<p>Gracias Se\u00f1or por tan linda noche, gracias por tan lindo estudio, te pedimos que cuides de las que estan enfermitas. Chicas esperamos que se recuperen pronto. Las extra\u00f1amos mucho. El tema del estudio de hoy fue &#8220;Como luchar contra las tentaciones&#8221;\u00a0cuando aprendemos a reconocer las tentaciones nos damos cuenta de que si podemos luchar contra &hellip; <a href=\"http:\/\/damas.laiglesiadelacomunidad.com\/?p=5707\" class=\"more-link\">Continue reading <span class=\"screen-reader-text\">Estudio 17 de Dic. 2014<\/span> <span class=\"meta-nav\">&rarr;<\/span><\/a><\/p>\n","protected":false},"author":2,"featured_media":0,"comment_status":"open","ping_status":"open","sticky":false,"template":"","format":"chat","meta":{"footnotes":""},"categories":[6],"tags":[],"_links":{"self":[{"href":"http:\/\/damas.laiglesiadelacomunidad.com\/index.php?rest_route=\/wp\/v2\/posts\/5707"}],"collection":[{"href":"http:\/\/damas.laiglesiadelacomunidad.com\/index.php?rest_route=\/wp\/v2\/posts"}],"about":[{"href":"http:\/\/damas.laiglesiadelacomunidad.com\/index.php?rest_route=\/wp\/v2\/types\/post"}],"author":[{"embeddable":true,"href":"http:\/\/damas.laiglesiadelacomunidad.com\/index.php?rest_route=\/wp\/v2\/users\/2"}],"replies":[{"embeddable":true,"href":"http:\/\/damas.laiglesiadelacomunidad.com\/index.php?rest_route=%2Fwp%2Fv2%2Fcomments&post=5707"}],"version-history":[{"count":3,"href":"http:\/\/damas.laiglesiadelacomunidad.com\/index.php?rest_route=\/wp\/v2\/posts\/5707\/revisions"}],"predecessor-version":[{"id":5722,"href":"http:\/\/damas.laiglesiadelacomunidad.com\/index.php?rest_route=\/wp\/v2\/posts\/5707\/revisions\/5722"}],"wp:attachment":[{"href":"http:\/\/damas.laiglesiadelacomunidad.com\/index.php?rest_route=%2Fwp%2Fv2%2Fmedia&parent=5707"}],"wp:term":[{"taxonomy":"category","embeddable":true,"href":"http:\/\/damas.laiglesiadelacomunidad.com\/index.php?rest_route=%2Fwp%2Fv2%2Fcategories&post=5707"},{"taxonomy":"post_tag","embeddable":true,"href":"http:\/\/damas.laiglesiadelacomunidad.com\/index.php?rest_route=%2Fwp%2Fv2%2Ftags&post=5707"}],"curies":[{"name":"wp","href":"https:\/\/api.w.org\/{rel}","templated":true}]}}