{"id":5705,"date":"2014-12-16T12:34:29","date_gmt":"2014-12-16T18:34:29","guid":{"rendered":"http:\/\/damas.laiglesiadelacomunidad.com\/?p=5705"},"modified":"2014-12-16T12:34:29","modified_gmt":"2014-12-16T18:34:29","slug":"versiculos-para-meditar-75","status":"publish","type":"post","link":"http:\/\/damas.laiglesiadelacomunidad.com\/?p=5705","title":{"rendered":"Vers\u00edculos para Meditar"},"content":{"rendered":"<p>\u00a1Miren! Dios el Se\u00f1or viene con poder, y su brazo dominar\u00e1. \u00a1Miren! Ya trae con \u00e9l su recompensa; ya le precede el galard\u00f3n. Cuidar\u00e1 de su reba\u00f1o como un pastor; en sus brazos, junto a su pecho, llevar\u00e1 a los corderos, y guiar\u00e1 con suavidad a las ovejas reci\u00e9n paridas. (\u202dIsa\u00edas\u202c \u202d40\u202c:\u202d10-11\u202c RVC)<\/p>\n","protected":false},"excerpt":{"rendered":"<p>\u00a1Miren! Dios el Se\u00f1or viene con poder, y su brazo dominar\u00e1. \u00a1Miren! Ya trae con \u00e9l su recompensa; ya le precede el galard\u00f3n. Cuidar\u00e1 de su reba\u00f1o como un pastor; en sus brazos, junto a su pecho, llevar\u00e1 a los corderos, y guiar\u00e1 con suavidad a las ovejas reci\u00e9n paridas. (\u202dIsa\u00edas\u202c \u202d40\u202c:\u202d10-11\u202c RVC)<\/p>\n","protected":false},"author":2,"featured_media":0,"comment_status":"open","ping_status":"open","sticky":false,"template":"","format":"standard","meta":{"footnotes":""},"categories":[5],"tags":[],"_links":{"self":[{"href":"http:\/\/damas.laiglesiadelacomunidad.com\/index.php?rest_route=\/wp\/v2\/posts\/5705"}],"collection":[{"href":"http:\/\/damas.laiglesiadelacomunidad.com\/index.php?rest_route=\/wp\/v2\/posts"}],"about":[{"href":"http:\/\/damas.laiglesiadelacomunidad.com\/index.php?rest_route=\/wp\/v2\/types\/post"}],"author":[{"embeddable":true,"href":"http:\/\/damas.laiglesiadelacomunidad.com\/index.php?rest_route=\/wp\/v2\/users\/2"}],"replies":[{"embeddable":true,"href":"http:\/\/damas.laiglesiadelacomunidad.com\/index.php?rest_route=%2Fwp%2Fv2%2Fcomments&post=5705"}],"version-history":[{"count":1,"href":"http:\/\/damas.laiglesiadelacomunidad.com\/index.php?rest_route=\/wp\/v2\/posts\/5705\/revisions"}],"predecessor-version":[{"id":5706,"href":"http:\/\/damas.laiglesiadelacomunidad.com\/index.php?rest_route=\/wp\/v2\/posts\/5705\/revisions\/5706"}],"wp:attachment":[{"href":"http:\/\/damas.laiglesiadelacomunidad.com\/index.php?rest_route=%2Fwp%2Fv2%2Fmedia&parent=5705"}],"wp:term":[{"taxonomy":"category","embeddable":true,"href":"http:\/\/damas.laiglesiadelacomunidad.com\/index.php?rest_route=%2Fwp%2Fv2%2Fcategories&post=5705"},{"taxonomy":"post_tag","embeddable":true,"href":"http:\/\/damas.laiglesiadelacomunidad.com\/index.php?rest_route=%2Fwp%2Fv2%2Ftags&post=5705"}],"curies":[{"name":"wp","href":"https:\/\/api.w.org\/{rel}","templated":true}]}}