{"id":5659,"date":"2014-12-14T23:30:29","date_gmt":"2014-12-15T05:30:29","guid":{"rendered":"http:\/\/damas.laiglesiadelacomunidad.com\/?p=5659"},"modified":"2014-12-15T00:02:15","modified_gmt":"2014-12-15T06:02:15","slug":"reunio-14-de-dic-2014","status":"publish","type":"post","link":"http:\/\/damas.laiglesiadelacomunidad.com\/?p=5659","title":{"rendered":"Reuni\u00f3n 14 de Dic. 2014"},"content":{"rendered":"<p>NO me canso de darle gracias a Dios por cada noche que nos reunimos, cada vez suceden cosas incre\u00edbles en esta comunidad, tantos milagros, ver a Dios como obra, y ver el deseo de seguirle que \u00c9l pone en el coraz\u00f3n de los que \u00c9L quiere salvar y verlos llegar al arrepentimieto y a rendirse a \u00c9l a traves del Bautizo, es impresionante.<\/p>\n<p>Una vez que ya hemos tomado \u00e9sta decisi\u00f3n por arrepentirnos y bautizarnos, una nueva vida empieza y nos hacemos de un enemigo que nos quiere hacer caer y alejarnos de Dios, por eso fue muy importante el tema de hoy. El tema del estudio de hoy fue <strong>&#8220;Como Luchar con las tentaciones&#8221;<\/strong><\/p>\n<p>En la primera parte estudiamos como reconocer las tentaciones y en esta segunda parte estudiamos como luchar contra esas tentaciones, Dios nos llama a ser como \u00c9l es, pero al msimo tiempo S\u00e1tanas no quiere que obedezcamos y nos llena de mentiras y de tentaciones y claro por lo debil de somos caemos y pecamos, pero por leer la palabra de Dios, nos damos cuenta que Dios nos ha dicho como no caer en la tentaci\u00f3n, una de las formas es orando, como Jes\u00fas dijo en la oraci\u00f3n del padre nuestro.<\/p>\n<p>Jes\u00fas cuando fue tentado en el desierto nos ense\u00f1o tambi\u00e9n como enfrentar la tentaci\u00f3n y lo hizo por ser firmes su no significaba NO y su si significaba SI, siendo persistente S\u00e1tanas es necio en tentarnos, nosotros deberiamos ser m\u00e1s persistentes que \u00e9l, Jes\u00fas uso la palabra de Dios porque la conoc\u00eda perfectamente nosotras deberiamos de hacer lo mismo, meditar en Su palabra d\u00eda y noche.<\/p>\n<p><strong><span id=\"es-RVC-29299\" class=\"text Eph-4-25\">Por eso cada uno de ustedes debe desechar la mentira y hablar la verdad con su pr\u00f3jimo; porque somos miembros los unos de los otros.<\/span> <span id=\"es-RVC-29300\" class=\"text Eph-4-26\"><sup class=\"versenum\">\u00a0<\/sup>En\u00f3jense, pero no pequen; reconc\u00edliense antes de que el sol se ponga,<\/span> <span id=\"es-RVC-29301\" class=\"text Eph-4-27\">y no den lugar al diablo.<\/span><span id=\"es-RVC-29302\" class=\"text Eph-4-28\">El que antes robaba, que no vuelva a robar; al contrario, que trabaje y use sus manos para el bien, a fin de que pueda compartir algo con quien tenga alguna necesidad.<\/span> <span id=\"es-RVC-29303\" class=\"text Eph-4-29\"><sup class=\"versenum\">\u00a0<\/sup>No pronuncien ustedes ninguna palabra obscena, sino s\u00f3lo aquellas que contribuyan a la necesaria edificaci\u00f3n y que sean de bendici\u00f3n para los oyentes.<\/span><\/strong><span id=\"es-RVC-29303\" class=\"text Eph-4-29\">Efesios 4:25-29<\/span><\/p>\n<p><strong>Por tanto, som\u00e9tanse a Dios. Resistan, pues, al diablo y huir\u00e1 de ustedes.<\/strong> Santiago 4:7<\/p>\n<p><strong><span id=\"es-RVC-30031\" class=\"text Heb-4-15\">Porque no tenemos un sumo sacerdote que no pueda compadecerse de nuestras debilidades, sino uno que fue tentado en todo de la misma manera que nosotros, aunque sin pecado.<\/span> <span id=\"es-RVC-30032\" class=\"text Heb-4-16\">Por tanto, acerqu\u00e9monos confiadamente al trono de la gracia, para alcanzar misericordia y hallar gracia para cuando necesitemos ayuda.\u00a0<\/span><\/strong><span id=\"es-RVC-30032\" class=\"text Heb-4-16\">Hebreos 4:15-16<\/span><\/p>\n<p>Gracias Se\u00f1or de nuevo por tan linda comunidad, te pedimos Se\u00f1or que nos sigas cuidando y protegiendo, que no nos dejes caer en tentaci\u00f3n y nos libres del mal, am\u00e9n.<\/p>\n<p>Love you a todas, que pasen una lind\u00edsima semana;<\/p>\n<p>Dios las bendiga;<\/p>\n<p>Jackie C.<\/p>\n<p><a href=\"http:\/\/damas.laiglesiadelacomunidad.com\/wp-content\/uploads\/2014\/12\/IMG_2137.jpg\"><img decoding=\"async\" class=\"alignnone size-full\" src=\"http:\/\/damas.laiglesiadelacomunidad.com\/wp-content\/uploads\/2014\/12\/IMG_2137.jpg\" alt=\"IMG_2137.JPG\" \/><\/a><\/p>\n<p><a href=\"http:\/\/damas.laiglesiadelacomunidad.com\/wp-content\/uploads\/2014\/12\/IMG_2073.jpg\"><img decoding=\"async\" class=\"alignnone size-full\" src=\"http:\/\/damas.laiglesiadelacomunidad.com\/wp-content\/uploads\/2014\/12\/IMG_2073.jpg\" alt=\"IMG_2073.JPG\" \/><\/a><\/p>\n<p><a href=\"http:\/\/damas.laiglesiadelacomunidad.com\/wp-content\/uploads\/2014\/12\/IMG_2068.jpg\"><img decoding=\"async\" class=\"alignnone size-full\" src=\"http:\/\/damas.laiglesiadelacomunidad.com\/wp-content\/uploads\/2014\/12\/IMG_2068.jpg\" alt=\"IMG_2068.JPG\" \/><\/a><\/p>\n<p><a href=\"http:\/\/damas.laiglesiadelacomunidad.com\/wp-content\/uploads\/2014\/12\/IMG_2071.jpg\"><img decoding=\"async\" class=\"alignnone size-full\" src=\"http:\/\/damas.laiglesiadelacomunidad.com\/wp-content\/uploads\/2014\/12\/IMG_2071.jpg\" alt=\"IMG_2071.JPG\" \/><\/a><\/p>\n<p><a href=\"http:\/\/damas.laiglesiadelacomunidad.com\/wp-content\/uploads\/2014\/12\/IMG_2136.jpg\"><img decoding=\"async\" class=\"alignnone size-full\" src=\"http:\/\/damas.laiglesiadelacomunidad.com\/wp-content\/uploads\/2014\/12\/IMG_2136.jpg\" alt=\"IMG_2136.JPG\" \/><\/a><\/p>\n<p><a href=\"http:\/\/damas.laiglesiadelacomunidad.com\/wp-content\/uploads\/2014\/12\/IMG_2134.jpg\"><img decoding=\"async\" class=\"alignnone size-full\" src=\"http:\/\/damas.laiglesiadelacomunidad.com\/wp-content\/uploads\/2014\/12\/IMG_2134.jpg\" alt=\"IMG_2134.JPG\" \/><\/a><\/p>\n<p><a href=\"http:\/\/damas.laiglesiadelacomunidad.com\/wp-content\/uploads\/2014\/12\/IMG_2080.jpg\"><img decoding=\"async\" class=\"alignnone size-full\" src=\"http:\/\/damas.laiglesiadelacomunidad.com\/wp-content\/uploads\/2014\/12\/IMG_2080.jpg\" alt=\"IMG_2080.JPG\" \/><\/a><\/p>\n<p><a href=\"http:\/\/damas.laiglesiadelacomunidad.com\/wp-content\/uploads\/2014\/12\/IMG_2085.jpg\"><img decoding=\"async\" class=\"alignnone size-full\" src=\"http:\/\/damas.laiglesiadelacomunidad.com\/wp-content\/uploads\/2014\/12\/IMG_2085.jpg\" alt=\"IMG_2085.JPG\" \/><\/a><\/p>\n<p><a href=\"http:\/\/damas.laiglesiadelacomunidad.com\/wp-content\/uploads\/2014\/12\/IMG_2139.jpg\"><img decoding=\"async\" class=\"alignnone size-full\" src=\"http:\/\/damas.laiglesiadelacomunidad.com\/wp-content\/uploads\/2014\/12\/IMG_2139.jpg\" alt=\"IMG_2139.JPG\" \/><\/a><\/p>\n<p><a href=\"http:\/\/damas.laiglesiadelacomunidad.com\/wp-content\/uploads\/2014\/12\/IMG_2140.jpg\"><img decoding=\"async\" class=\"alignnone size-full\" src=\"http:\/\/damas.laiglesiadelacomunidad.com\/wp-content\/uploads\/2014\/12\/IMG_2140.jpg\" alt=\"IMG_2140.JPG\" \/><\/a><\/p>\n<p><a href=\"http:\/\/damas.laiglesiadelacomunidad.com\/wp-content\/uploads\/2014\/12\/IMG_2116.jpg\"><img decoding=\"async\" class=\"alignnone size-full\" src=\"http:\/\/damas.laiglesiadelacomunidad.com\/wp-content\/uploads\/2014\/12\/IMG_2116.jpg\" alt=\"IMG_2116.JPG\" \/><\/a><\/p>\n<p><a href=\"http:\/\/damas.laiglesiadelacomunidad.com\/wp-content\/uploads\/2014\/12\/IMG_2165.jpg\"><img decoding=\"async\" class=\"alignnone size-full\" src=\"http:\/\/damas.laiglesiadelacomunidad.com\/wp-content\/uploads\/2014\/12\/IMG_2165.jpg\" alt=\"IMG_2165.JPG\" \/><\/a><\/p>\n<p><a href=\"http:\/\/damas.laiglesiadelacomunidad.com\/wp-content\/uploads\/2014\/12\/IMG_2143.jpg\"><img decoding=\"async\" class=\"alignnone size-full\" src=\"http:\/\/damas.laiglesiadelacomunidad.com\/wp-content\/uploads\/2014\/12\/IMG_2143.jpg\" alt=\"IMG_2143.JPG\" \/><\/a><\/p>\n<p><a href=\"http:\/\/damas.laiglesiadelacomunidad.com\/wp-content\/uploads\/2014\/12\/IMG_2144.jpg\"><img decoding=\"async\" class=\"alignnone size-full\" src=\"http:\/\/damas.laiglesiadelacomunidad.com\/wp-content\/uploads\/2014\/12\/IMG_2144.jpg\" alt=\"IMG_2144.JPG\" \/><\/a><\/p>\n<p><a href=\"http:\/\/damas.laiglesiadelacomunidad.com\/wp-content\/uploads\/2014\/12\/IMG_2145.jpg\"><img decoding=\"async\" class=\"alignnone size-full\" src=\"http:\/\/damas.laiglesiadelacomunidad.com\/wp-content\/uploads\/2014\/12\/IMG_2145.jpg\" alt=\"IMG_2145.JPG\" \/><\/a><\/p>\n<p><a href=\"http:\/\/damas.laiglesiadelacomunidad.com\/wp-content\/uploads\/2014\/12\/IMG_2146.jpg\"><img decoding=\"async\" class=\"alignnone size-full\" src=\"http:\/\/damas.laiglesiadelacomunidad.com\/wp-content\/uploads\/2014\/12\/IMG_2146.jpg\" alt=\"IMG_2146.JPG\" \/><\/a><\/p>\n<p><a href=\"http:\/\/damas.laiglesiadelacomunidad.com\/wp-content\/uploads\/2014\/12\/IMG_2147.jpg\"><img decoding=\"async\" class=\"alignnone size-full\" src=\"http:\/\/damas.laiglesiadelacomunidad.com\/wp-content\/uploads\/2014\/12\/IMG_2147.jpg\" alt=\"IMG_2147.JPG\" \/><\/a><\/p>\n<p><a href=\"http:\/\/damas.laiglesiadelacomunidad.com\/wp-content\/uploads\/2014\/12\/IMG_2148.jpg\"><img decoding=\"async\" class=\"alignnone size-full\" src=\"http:\/\/damas.laiglesiadelacomunidad.com\/wp-content\/uploads\/2014\/12\/IMG_2148.jpg\" alt=\"IMG_2148.JPG\" \/><\/a><\/p>\n<p><a href=\"http:\/\/damas.laiglesiadelacomunidad.com\/wp-content\/uploads\/2014\/12\/IMG_2149.jpg\"><img decoding=\"async\" class=\"alignnone size-full\" src=\"http:\/\/damas.laiglesiadelacomunidad.com\/wp-content\/uploads\/2014\/12\/IMG_2149.jpg\" alt=\"IMG_2149.JPG\" \/><\/a><\/p>\n<p><a href=\"http:\/\/damas.laiglesiadelacomunidad.com\/wp-content\/uploads\/2014\/12\/IMG_2151.jpg\"><img decoding=\"async\" class=\"alignnone size-full\" src=\"http:\/\/damas.laiglesiadelacomunidad.com\/wp-content\/uploads\/2014\/12\/IMG_2151.jpg\" alt=\"IMG_2151.JPG\" \/><\/a><\/p>\n<p><a href=\"http:\/\/damas.laiglesiadelacomunidad.com\/wp-content\/uploads\/2014\/12\/IMG_2150.jpg\"><img decoding=\"async\" class=\"alignnone size-full\" src=\"http:\/\/damas.laiglesiadelacomunidad.com\/wp-content\/uploads\/2014\/12\/IMG_2150.jpg\" alt=\"IMG_2150.JPG\" \/><\/a><\/p>\n<p><a href=\"http:\/\/damas.laiglesiadelacomunidad.com\/wp-content\/uploads\/2014\/12\/IMG_2153.jpg\"><img decoding=\"async\" class=\"alignnone size-full\" src=\"http:\/\/damas.laiglesiadelacomunidad.com\/wp-content\/uploads\/2014\/12\/IMG_2153.jpg\" alt=\"IMG_2153.JPG\" \/><\/a><\/p>\n<p><a href=\"http:\/\/damas.laiglesiadelacomunidad.com\/wp-content\/uploads\/2014\/12\/IMG_2152.jpg\"><img decoding=\"async\" class=\"alignnone size-full\" src=\"http:\/\/damas.laiglesiadelacomunidad.com\/wp-content\/uploads\/2014\/12\/IMG_2152.jpg\" alt=\"IMG_2152.JPG\" \/><\/a><\/p>\n<p><a href=\"http:\/\/damas.laiglesiadelacomunidad.com\/wp-content\/uploads\/2014\/12\/IMG_2154.jpg\"><img decoding=\"async\" class=\"alignnone size-full\" src=\"http:\/\/damas.laiglesiadelacomunidad.com\/wp-content\/uploads\/2014\/12\/IMG_2154.jpg\" alt=\"IMG_2154.JPG\" \/><\/a><\/p>\n<p><a href=\"http:\/\/damas.laiglesiadelacomunidad.com\/wp-content\/uploads\/2014\/12\/IMG_2155.jpg\"><img decoding=\"async\" class=\"alignnone size-full\" src=\"http:\/\/damas.laiglesiadelacomunidad.com\/wp-content\/uploads\/2014\/12\/IMG_2155.jpg\" alt=\"IMG_2155.JPG\" \/><\/a><\/p>\n<p><a href=\"http:\/\/damas.laiglesiadelacomunidad.com\/wp-content\/uploads\/2014\/12\/IMG_2156.jpg\"><img decoding=\"async\" class=\"alignnone size-full\" src=\"http:\/\/damas.laiglesiadelacomunidad.com\/wp-content\/uploads\/2014\/12\/IMG_2156.jpg\" alt=\"IMG_2156.JPG\" \/><\/a><\/p>\n<p><a href=\"http:\/\/damas.laiglesiadelacomunidad.com\/wp-content\/uploads\/2014\/12\/IMG_2157.jpg\"><img decoding=\"async\" class=\"alignnone size-full\" src=\"http:\/\/damas.laiglesiadelacomunidad.com\/wp-content\/uploads\/2014\/12\/IMG_2157.jpg\" alt=\"IMG_2157.JPG\" \/><\/a><\/p>\n<p><a href=\"http:\/\/damas.laiglesiadelacomunidad.com\/wp-content\/uploads\/2014\/12\/IMG_2159.jpg\"><img decoding=\"async\" class=\"alignnone size-full\" src=\"http:\/\/damas.laiglesiadelacomunidad.com\/wp-content\/uploads\/2014\/12\/IMG_2159.jpg\" alt=\"IMG_2159.JPG\" \/><\/a><\/p>\n<p><a href=\"http:\/\/damas.laiglesiadelacomunidad.com\/wp-content\/uploads\/2014\/12\/IMG_2160.jpg\"><img decoding=\"async\" class=\"alignnone size-full\" src=\"http:\/\/damas.laiglesiadelacomunidad.com\/wp-content\/uploads\/2014\/12\/IMG_2160.jpg\" alt=\"IMG_2160.JPG\" \/><\/a><\/p>\n<p><a href=\"http:\/\/damas.laiglesiadelacomunidad.com\/wp-content\/uploads\/2014\/12\/IMG_2161.jpg\"><img decoding=\"async\" class=\"alignnone size-full\" src=\"http:\/\/damas.laiglesiadelacomunidad.com\/wp-content\/uploads\/2014\/12\/IMG_2161.jpg\" alt=\"IMG_2161.JPG\" \/><\/a><\/p>\n<p><a href=\"http:\/\/damas.laiglesiadelacomunidad.com\/wp-content\/uploads\/2014\/12\/IMG_2162.jpg\"><img decoding=\"async\" class=\"alignnone size-full\" src=\"http:\/\/damas.laiglesiadelacomunidad.com\/wp-content\/uploads\/2014\/12\/IMG_2162.jpg\" alt=\"IMG_2162.JPG\" \/><\/a><\/p>\n<p><a href=\"http:\/\/damas.laiglesiadelacomunidad.com\/wp-content\/uploads\/2014\/12\/IMG_2163.jpg\"><img decoding=\"async\" class=\"alignnone size-full\" src=\"http:\/\/damas.laiglesiadelacomunidad.com\/wp-content\/uploads\/2014\/12\/IMG_2163.jpg\" alt=\"IMG_2163.JPG\" \/><\/a><\/p>\n<p><a href=\"http:\/\/damas.laiglesiadelacomunidad.com\/wp-content\/uploads\/2014\/12\/IMG_2164.jpg\"><img decoding=\"async\" class=\"alignnone size-full\" src=\"http:\/\/damas.laiglesiadelacomunidad.com\/wp-content\/uploads\/2014\/12\/IMG_2164.jpg\" alt=\"IMG_2164.JPG\" \/><\/a><\/p>\n<p><a href=\"http:\/\/damas.laiglesiadelacomunidad.com\/wp-content\/uploads\/2014\/12\/IMG_2167.jpg\"><img decoding=\"async\" class=\"alignnone size-full\" src=\"http:\/\/damas.laiglesiadelacomunidad.com\/wp-content\/uploads\/2014\/12\/IMG_2167.jpg\" alt=\"IMG_2167.JPG\" \/><\/a><\/p>\n<p><a href=\"http:\/\/damas.laiglesiadelacomunidad.com\/wp-content\/uploads\/2014\/12\/IMG_2166.jpg\"><img decoding=\"async\" class=\"alignnone size-full\" src=\"http:\/\/damas.laiglesiadelacomunidad.com\/wp-content\/uploads\/2014\/12\/IMG_2166.jpg\" alt=\"IMG_2166.JPG\" \/><\/a><\/p>\n<p><a href=\"http:\/\/damas.laiglesiadelacomunidad.com\/wp-content\/uploads\/2014\/12\/IMG_2169.jpg\"><img decoding=\"async\" class=\"alignnone size-full\" src=\"http:\/\/damas.laiglesiadelacomunidad.com\/wp-content\/uploads\/2014\/12\/IMG_2169.jpg\" alt=\"IMG_2169.JPG\" \/><\/a><\/p>\n<p><a href=\"http:\/\/damas.laiglesiadelacomunidad.com\/wp-content\/uploads\/2014\/12\/IMG_2132.jpg\"><img decoding=\"async\" class=\"alignnone size-full\" src=\"http:\/\/damas.laiglesiadelacomunidad.com\/wp-content\/uploads\/2014\/12\/IMG_2132.jpg\" alt=\"IMG_2132.JPG\" \/><\/a><\/p>\n","protected":false},"excerpt":{"rendered":"<p>NO me canso de darle gracias a Dios por cada noche que nos reunimos, cada vez suceden cosas incre\u00edbles en esta comunidad, tantos milagros, ver a Dios como obra, y ver el deseo de seguirle que \u00c9l pone en el coraz\u00f3n de los que \u00c9L quiere salvar y verlos llegar al arrepentimieto y a rendirse &hellip; <a href=\"http:\/\/damas.laiglesiadelacomunidad.com\/?p=5659\" class=\"more-link\">Continue reading <span class=\"screen-reader-text\">Reuni\u00f3n 14 de Dic. 2014<\/span> <span class=\"meta-nav\">&rarr;<\/span><\/a><\/p>\n","protected":false},"author":2,"featured_media":0,"comment_status":"open","ping_status":"open","sticky":false,"template":"","format":"gallery","meta":{"footnotes":""},"categories":[7],"tags":[],"_links":{"self":[{"href":"http:\/\/damas.laiglesiadelacomunidad.com\/index.php?rest_route=\/wp\/v2\/posts\/5659"}],"collection":[{"href":"http:\/\/damas.laiglesiadelacomunidad.com\/index.php?rest_route=\/wp\/v2\/posts"}],"about":[{"href":"http:\/\/damas.laiglesiadelacomunidad.com\/index.php?rest_route=\/wp\/v2\/types\/post"}],"author":[{"embeddable":true,"href":"http:\/\/damas.laiglesiadelacomunidad.com\/index.php?rest_route=\/wp\/v2\/users\/2"}],"replies":[{"embeddable":true,"href":"http:\/\/damas.laiglesiadelacomunidad.com\/index.php?rest_route=%2Fwp%2Fv2%2Fcomments&post=5659"}],"version-history":[{"count":5,"href":"http:\/\/damas.laiglesiadelacomunidad.com\/index.php?rest_route=\/wp\/v2\/posts\/5659\/revisions"}],"predecessor-version":[{"id":5702,"href":"http:\/\/damas.laiglesiadelacomunidad.com\/index.php?rest_route=\/wp\/v2\/posts\/5659\/revisions\/5702"}],"wp:attachment":[{"href":"http:\/\/damas.laiglesiadelacomunidad.com\/index.php?rest_route=%2Fwp%2Fv2%2Fmedia&parent=5659"}],"wp:term":[{"taxonomy":"category","embeddable":true,"href":"http:\/\/damas.laiglesiadelacomunidad.com\/index.php?rest_route=%2Fwp%2Fv2%2Fcategories&post=5659"},{"taxonomy":"post_tag","embeddable":true,"href":"http:\/\/damas.laiglesiadelacomunidad.com\/index.php?rest_route=%2Fwp%2Fv2%2Ftags&post=5659"}],"curies":[{"name":"wp","href":"https:\/\/api.w.org\/{rel}","templated":true}]}}