{"id":5656,"date":"2014-12-13T10:31:39","date_gmt":"2014-12-13T16:31:39","guid":{"rendered":"http:\/\/damas.laiglesiadelacomunidad.com\/?p=5656"},"modified":"2014-12-13T10:31:39","modified_gmt":"2014-12-13T16:31:39","slug":"versiculo-para-meditar-109","status":"publish","type":"post","link":"http:\/\/damas.laiglesiadelacomunidad.com\/?p=5656","title":{"rendered":"Vers\u00edculo para Meditar"},"content":{"rendered":"<p>\u00abPorque dentro de muy poco tiempo el que ha de venir, vendr\u00e1 y no tardar\u00e1. Pero el justo vivir\u00e1 por la fe; y si se vuelve atr\u00e1s, no ser\u00e1 de mi agrado.\u00bb Pero nosotros no somos de los que se vuelven atr\u00e1s y se pierden, sino de los que tienen fe y salvan su alma. (\u202dHebreos\u202c \u202d10\u202c:\u202d37-39\u202c RVC)<\/p>\n","protected":false},"excerpt":{"rendered":"<p>\u00abPorque dentro de muy poco tiempo el que ha de venir, vendr\u00e1 y no tardar\u00e1. Pero el justo vivir\u00e1 por la fe; y si se vuelve atr\u00e1s, no ser\u00e1 de mi agrado.\u00bb Pero nosotros no somos de los que se vuelven atr\u00e1s y se pierden, sino de los que tienen fe y salvan su alma. &hellip; <a href=\"http:\/\/damas.laiglesiadelacomunidad.com\/?p=5656\" class=\"more-link\">Continue reading <span class=\"screen-reader-text\">Vers\u00edculo para Meditar<\/span> <span class=\"meta-nav\">&rarr;<\/span><\/a><\/p>\n","protected":false},"author":2,"featured_media":0,"comment_status":"open","ping_status":"open","sticky":false,"template":"","format":"standard","meta":{"footnotes":""},"categories":[5],"tags":[],"_links":{"self":[{"href":"http:\/\/damas.laiglesiadelacomunidad.com\/index.php?rest_route=\/wp\/v2\/posts\/5656"}],"collection":[{"href":"http:\/\/damas.laiglesiadelacomunidad.com\/index.php?rest_route=\/wp\/v2\/posts"}],"about":[{"href":"http:\/\/damas.laiglesiadelacomunidad.com\/index.php?rest_route=\/wp\/v2\/types\/post"}],"author":[{"embeddable":true,"href":"http:\/\/damas.laiglesiadelacomunidad.com\/index.php?rest_route=\/wp\/v2\/users\/2"}],"replies":[{"embeddable":true,"href":"http:\/\/damas.laiglesiadelacomunidad.com\/index.php?rest_route=%2Fwp%2Fv2%2Fcomments&post=5656"}],"version-history":[{"count":1,"href":"http:\/\/damas.laiglesiadelacomunidad.com\/index.php?rest_route=\/wp\/v2\/posts\/5656\/revisions"}],"predecessor-version":[{"id":5657,"href":"http:\/\/damas.laiglesiadelacomunidad.com\/index.php?rest_route=\/wp\/v2\/posts\/5656\/revisions\/5657"}],"wp:attachment":[{"href":"http:\/\/damas.laiglesiadelacomunidad.com\/index.php?rest_route=%2Fwp%2Fv2%2Fmedia&parent=5656"}],"wp:term":[{"taxonomy":"category","embeddable":true,"href":"http:\/\/damas.laiglesiadelacomunidad.com\/index.php?rest_route=%2Fwp%2Fv2%2Fcategories&post=5656"},{"taxonomy":"post_tag","embeddable":true,"href":"http:\/\/damas.laiglesiadelacomunidad.com\/index.php?rest_route=%2Fwp%2Fv2%2Ftags&post=5656"}],"curies":[{"name":"wp","href":"https:\/\/api.w.org\/{rel}","templated":true}]}}