{"id":5612,"date":"2014-12-10T01:19:54","date_gmt":"2014-12-10T07:19:54","guid":{"rendered":"http:\/\/damas.laiglesiadelacomunidad.com\/?p=5612"},"modified":"2014-12-10T01:19:54","modified_gmt":"2014-12-10T07:19:54","slug":"versiculos-para-meditar-74","status":"publish","type":"post","link":"http:\/\/damas.laiglesiadelacomunidad.com\/?p=5612","title":{"rendered":"Vers\u00edculos para Meditar"},"content":{"rendered":"<p>Cuando los \u00e1ngeles volvieron al cielo, los pastores se dijeron unos a otros: \u00abVayamos a Bel\u00e9n, y veamos esto que ha sucedido, y que el Se\u00f1or nos ha dado a conocer.\u00bb As\u00ed que fueron de prisa, y hallaron a Mar\u00eda y a Jos\u00e9, y el ni\u00f1o estaba acostado en el pesebre. Al ver al ni\u00f1o, contaron lo que se les hab\u00eda dicho acerca de \u00e9l. Todos los que estaban escuchando quedaron asombrados de lo que dec\u00edan los pastores, (\u202dSan Lucas\u202c \u202d2\u202c:\u202d15-18\u202c RVC)<\/p>\n","protected":false},"excerpt":{"rendered":"<p>Cuando los \u00e1ngeles volvieron al cielo, los pastores se dijeron unos a otros: \u00abVayamos a Bel\u00e9n, y veamos esto que ha sucedido, y que el Se\u00f1or nos ha dado a conocer.\u00bb As\u00ed que fueron de prisa, y hallaron a Mar\u00eda y a Jos\u00e9, y el ni\u00f1o estaba acostado en el pesebre. Al ver al ni\u00f1o, &hellip; <a href=\"http:\/\/damas.laiglesiadelacomunidad.com\/?p=5612\" class=\"more-link\">Continue reading <span class=\"screen-reader-text\">Vers\u00edculos para Meditar<\/span> <span class=\"meta-nav\">&rarr;<\/span><\/a><\/p>\n","protected":false},"author":2,"featured_media":0,"comment_status":"open","ping_status":"open","sticky":false,"template":"","format":"gallery","meta":{"footnotes":""},"categories":[5],"tags":[],"_links":{"self":[{"href":"http:\/\/damas.laiglesiadelacomunidad.com\/index.php?rest_route=\/wp\/v2\/posts\/5612"}],"collection":[{"href":"http:\/\/damas.laiglesiadelacomunidad.com\/index.php?rest_route=\/wp\/v2\/posts"}],"about":[{"href":"http:\/\/damas.laiglesiadelacomunidad.com\/index.php?rest_route=\/wp\/v2\/types\/post"}],"author":[{"embeddable":true,"href":"http:\/\/damas.laiglesiadelacomunidad.com\/index.php?rest_route=\/wp\/v2\/users\/2"}],"replies":[{"embeddable":true,"href":"http:\/\/damas.laiglesiadelacomunidad.com\/index.php?rest_route=%2Fwp%2Fv2%2Fcomments&post=5612"}],"version-history":[{"count":1,"href":"http:\/\/damas.laiglesiadelacomunidad.com\/index.php?rest_route=\/wp\/v2\/posts\/5612\/revisions"}],"predecessor-version":[{"id":5613,"href":"http:\/\/damas.laiglesiadelacomunidad.com\/index.php?rest_route=\/wp\/v2\/posts\/5612\/revisions\/5613"}],"wp:attachment":[{"href":"http:\/\/damas.laiglesiadelacomunidad.com\/index.php?rest_route=%2Fwp%2Fv2%2Fmedia&parent=5612"}],"wp:term":[{"taxonomy":"category","embeddable":true,"href":"http:\/\/damas.laiglesiadelacomunidad.com\/index.php?rest_route=%2Fwp%2Fv2%2Fcategories&post=5612"},{"taxonomy":"post_tag","embeddable":true,"href":"http:\/\/damas.laiglesiadelacomunidad.com\/index.php?rest_route=%2Fwp%2Fv2%2Ftags&post=5612"}],"curies":[{"name":"wp","href":"https:\/\/api.w.org\/{rel}","templated":true}]}}