{"id":5587,"date":"2014-12-06T23:58:09","date_gmt":"2014-12-07T05:58:09","guid":{"rendered":"http:\/\/damas.laiglesiadelacomunidad.com\/?p=5587"},"modified":"2014-12-06T23:58:09","modified_gmt":"2014-12-07T05:58:09","slug":"versiculos-para-meditar-73","status":"publish","type":"post","link":"http:\/\/damas.laiglesiadelacomunidad.com\/?p=5587","title":{"rendered":"Vers\u00edculos para Meditar"},"content":{"rendered":"<p>Y me dijo tambi\u00e9n: \u00abNo selles las palabras prof\u00e9ticas de este libro, porque el tiempo est\u00e1 cerca. Deja que quien sea injusto, siga siendo injusto; que quien sea impuro, siga siendo impuro; que quien sea justo, siga practicando la justicia; y que quien sea santo, siga santific\u00e1ndose.\u00bb \u00ab\u00a1Miren! \u00a1Ya pronto vengo! Y traigo conmigo mi galard\u00f3n, para recompensar a cada uno conforme a sus acciones. Yo soy el Alfa y la Omega, el principio y el fin, el primero y el \u00faltimo.\u00bb Bienaventurados los que lavan sus ropas, para tener derecho al \u00e1rbol de la vida y para entrar por las puertas en la ciudad. Pero afuera se quedar\u00e1n los pervertidos, los hechiceros, los que han ca\u00eddo en la inmoralidad sexual, los homicidas, los id\u00f3latras, y todo aquel que ama y practica la mentira. (\u202dApocalipsis\u202c \u202d22\u202c:\u202d10-15\u202c RVC)<\/p>\n","protected":false},"excerpt":{"rendered":"<p>Y me dijo tambi\u00e9n: \u00abNo selles las palabras prof\u00e9ticas de este libro, porque el tiempo est\u00e1 cerca. Deja que quien sea injusto, siga siendo injusto; que quien sea impuro, siga siendo impuro; que quien sea justo, siga practicando la justicia; y que quien sea santo, siga santific\u00e1ndose.\u00bb \u00ab\u00a1Miren! \u00a1Ya pronto vengo! Y traigo conmigo mi &hellip; <a href=\"http:\/\/damas.laiglesiadelacomunidad.com\/?p=5587\" class=\"more-link\">Continue reading <span class=\"screen-reader-text\">Vers\u00edculos para Meditar<\/span> <span class=\"meta-nav\">&rarr;<\/span><\/a><\/p>\n","protected":false},"author":2,"featured_media":0,"comment_status":"open","ping_status":"open","sticky":false,"template":"","format":"status","meta":{"footnotes":""},"categories":[5],"tags":[],"_links":{"self":[{"href":"http:\/\/damas.laiglesiadelacomunidad.com\/index.php?rest_route=\/wp\/v2\/posts\/5587"}],"collection":[{"href":"http:\/\/damas.laiglesiadelacomunidad.com\/index.php?rest_route=\/wp\/v2\/posts"}],"about":[{"href":"http:\/\/damas.laiglesiadelacomunidad.com\/index.php?rest_route=\/wp\/v2\/types\/post"}],"author":[{"embeddable":true,"href":"http:\/\/damas.laiglesiadelacomunidad.com\/index.php?rest_route=\/wp\/v2\/users\/2"}],"replies":[{"embeddable":true,"href":"http:\/\/damas.laiglesiadelacomunidad.com\/index.php?rest_route=%2Fwp%2Fv2%2Fcomments&post=5587"}],"version-history":[{"count":1,"href":"http:\/\/damas.laiglesiadelacomunidad.com\/index.php?rest_route=\/wp\/v2\/posts\/5587\/revisions"}],"predecessor-version":[{"id":5588,"href":"http:\/\/damas.laiglesiadelacomunidad.com\/index.php?rest_route=\/wp\/v2\/posts\/5587\/revisions\/5588"}],"wp:attachment":[{"href":"http:\/\/damas.laiglesiadelacomunidad.com\/index.php?rest_route=%2Fwp%2Fv2%2Fmedia&parent=5587"}],"wp:term":[{"taxonomy":"category","embeddable":true,"href":"http:\/\/damas.laiglesiadelacomunidad.com\/index.php?rest_route=%2Fwp%2Fv2%2Fcategories&post=5587"},{"taxonomy":"post_tag","embeddable":true,"href":"http:\/\/damas.laiglesiadelacomunidad.com\/index.php?rest_route=%2Fwp%2Fv2%2Ftags&post=5587"}],"curies":[{"name":"wp","href":"https:\/\/api.w.org\/{rel}","templated":true}]}}