{"id":5585,"date":"2014-12-06T12:45:15","date_gmt":"2014-12-06T18:45:15","guid":{"rendered":"http:\/\/damas.laiglesiadelacomunidad.com\/?p=5585"},"modified":"2014-12-06T12:45:15","modified_gmt":"2014-12-06T18:45:15","slug":"versiculos-para-meditar-72","status":"publish","type":"post","link":"http:\/\/damas.laiglesiadelacomunidad.com\/?p=5585","title":{"rendered":"Vers\u00edculos para Meditar"},"content":{"rendered":"<p>El nacimiento de Jesucristo fue como sigue: estando Su madre Mar\u00eda comprometida para casarse con Jos\u00e9, antes de que se llevara a cabo el matrimonio, se hall\u00f3 que hab\u00eda concebido por obra del Esp\u00edritu Santo. Entonces Jos\u00e9 su marido, siendo un hombre justo y no queriendo denunciarla p\u00fablicamente, quiso abandonarla en secreto. Pero mientras pensaba en esto, se le apareci\u00f3 en sue\u00f1os un \u00e1ngel del Se\u00f1or, dici\u00e9ndole: &#8220;Jos\u00e9, hijo de David, no temas recibir a Mar\u00eda tu mujer, porque el Ni\u00f1o que se ha engendrado en ella es del Esp\u00edritu Santo. Y dar\u00e1 a luz un Hijo, y Le pondr\u00e1s por nombre Jes\u00fas, porque El salvar\u00e1 a Su pueblo de sus pecados.&#8221; (\u202dMateo\u202c \u202d1\u202c:\u202d18-21\u202c NBLH)<\/p>\n","protected":false},"excerpt":{"rendered":"<p>El nacimiento de Jesucristo fue como sigue: estando Su madre Mar\u00eda comprometida para casarse con Jos\u00e9, antes de que se llevara a cabo el matrimonio, se hall\u00f3 que hab\u00eda concebido por obra del Esp\u00edritu Santo. Entonces Jos\u00e9 su marido, siendo un hombre justo y no queriendo denunciarla p\u00fablicamente, quiso abandonarla en secreto. Pero mientras pensaba &hellip; <a href=\"http:\/\/damas.laiglesiadelacomunidad.com\/?p=5585\" class=\"more-link\">Continue reading <span class=\"screen-reader-text\">Vers\u00edculos para Meditar<\/span> <span class=\"meta-nav\">&rarr;<\/span><\/a><\/p>\n","protected":false},"author":2,"featured_media":0,"comment_status":"open","ping_status":"open","sticky":false,"template":"","format":"standard","meta":{"footnotes":""},"categories":[5],"tags":[],"_links":{"self":[{"href":"http:\/\/damas.laiglesiadelacomunidad.com\/index.php?rest_route=\/wp\/v2\/posts\/5585"}],"collection":[{"href":"http:\/\/damas.laiglesiadelacomunidad.com\/index.php?rest_route=\/wp\/v2\/posts"}],"about":[{"href":"http:\/\/damas.laiglesiadelacomunidad.com\/index.php?rest_route=\/wp\/v2\/types\/post"}],"author":[{"embeddable":true,"href":"http:\/\/damas.laiglesiadelacomunidad.com\/index.php?rest_route=\/wp\/v2\/users\/2"}],"replies":[{"embeddable":true,"href":"http:\/\/damas.laiglesiadelacomunidad.com\/index.php?rest_route=%2Fwp%2Fv2%2Fcomments&post=5585"}],"version-history":[{"count":1,"href":"http:\/\/damas.laiglesiadelacomunidad.com\/index.php?rest_route=\/wp\/v2\/posts\/5585\/revisions"}],"predecessor-version":[{"id":5586,"href":"http:\/\/damas.laiglesiadelacomunidad.com\/index.php?rest_route=\/wp\/v2\/posts\/5585\/revisions\/5586"}],"wp:attachment":[{"href":"http:\/\/damas.laiglesiadelacomunidad.com\/index.php?rest_route=%2Fwp%2Fv2%2Fmedia&parent=5585"}],"wp:term":[{"taxonomy":"category","embeddable":true,"href":"http:\/\/damas.laiglesiadelacomunidad.com\/index.php?rest_route=%2Fwp%2Fv2%2Fcategories&post=5585"},{"taxonomy":"post_tag","embeddable":true,"href":"http:\/\/damas.laiglesiadelacomunidad.com\/index.php?rest_route=%2Fwp%2Fv2%2Ftags&post=5585"}],"curies":[{"name":"wp","href":"https:\/\/api.w.org\/{rel}","templated":true}]}}