{"id":5583,"date":"2014-12-05T08:12:41","date_gmt":"2014-12-05T14:12:41","guid":{"rendered":"http:\/\/damas.laiglesiadelacomunidad.com\/?p=5583"},"modified":"2014-12-05T08:12:41","modified_gmt":"2014-12-05T14:12:41","slug":"versiculos-para-meditar-71","status":"publish","type":"post","link":"http:\/\/damas.laiglesiadelacomunidad.com\/?p=5583","title":{"rendered":"Vers\u00edculos para Meditar"},"content":{"rendered":"<p>El \u00e1ngel le dijo: \u00abMar\u00eda, no temas. Dios te ha concedido su gracia. Vas a quedar encinta, y dar\u00e1s a luz un hijo, y le pondr\u00e1s por nombre JES\u00daS. \u00c9ste ser\u00e1 un gran hombre, y lo llamar\u00e1n Hijo del Alt\u00edsimo. Dios, el Se\u00f1or, le dar\u00e1 el trono de David, su padre, y reinar\u00e1 sobre la casa de Jacob para siempre, y su reino no tendr\u00e1 fin.\u00bb (\u202dSan Lucas\u202c \u202d1\u202c:\u202d30-33\u202c RVC)<\/p>\n","protected":false},"excerpt":{"rendered":"<p>El \u00e1ngel le dijo: \u00abMar\u00eda, no temas. Dios te ha concedido su gracia. Vas a quedar encinta, y dar\u00e1s a luz un hijo, y le pondr\u00e1s por nombre JES\u00daS. \u00c9ste ser\u00e1 un gran hombre, y lo llamar\u00e1n Hijo del Alt\u00edsimo. Dios, el Se\u00f1or, le dar\u00e1 el trono de David, su padre, y reinar\u00e1 sobre la &hellip; <a href=\"http:\/\/damas.laiglesiadelacomunidad.com\/?p=5583\" class=\"more-link\">Continue reading <span class=\"screen-reader-text\">Vers\u00edculos para Meditar<\/span> <span class=\"meta-nav\">&rarr;<\/span><\/a><\/p>\n","protected":false},"author":2,"featured_media":0,"comment_status":"open","ping_status":"open","sticky":false,"template":"","format":"gallery","meta":{"footnotes":""},"categories":[5],"tags":[],"_links":{"self":[{"href":"http:\/\/damas.laiglesiadelacomunidad.com\/index.php?rest_route=\/wp\/v2\/posts\/5583"}],"collection":[{"href":"http:\/\/damas.laiglesiadelacomunidad.com\/index.php?rest_route=\/wp\/v2\/posts"}],"about":[{"href":"http:\/\/damas.laiglesiadelacomunidad.com\/index.php?rest_route=\/wp\/v2\/types\/post"}],"author":[{"embeddable":true,"href":"http:\/\/damas.laiglesiadelacomunidad.com\/index.php?rest_route=\/wp\/v2\/users\/2"}],"replies":[{"embeddable":true,"href":"http:\/\/damas.laiglesiadelacomunidad.com\/index.php?rest_route=%2Fwp%2Fv2%2Fcomments&post=5583"}],"version-history":[{"count":1,"href":"http:\/\/damas.laiglesiadelacomunidad.com\/index.php?rest_route=\/wp\/v2\/posts\/5583\/revisions"}],"predecessor-version":[{"id":5584,"href":"http:\/\/damas.laiglesiadelacomunidad.com\/index.php?rest_route=\/wp\/v2\/posts\/5583\/revisions\/5584"}],"wp:attachment":[{"href":"http:\/\/damas.laiglesiadelacomunidad.com\/index.php?rest_route=%2Fwp%2Fv2%2Fmedia&parent=5583"}],"wp:term":[{"taxonomy":"category","embeddable":true,"href":"http:\/\/damas.laiglesiadelacomunidad.com\/index.php?rest_route=%2Fwp%2Fv2%2Fcategories&post=5583"},{"taxonomy":"post_tag","embeddable":true,"href":"http:\/\/damas.laiglesiadelacomunidad.com\/index.php?rest_route=%2Fwp%2Fv2%2Ftags&post=5583"}],"curies":[{"name":"wp","href":"https:\/\/api.w.org\/{rel}","templated":true}]}}