{"id":5581,"date":"2014-12-04T11:28:17","date_gmt":"2014-12-04T17:28:17","guid":{"rendered":"http:\/\/damas.laiglesiadelacomunidad.com\/?p=5581"},"modified":"2014-12-04T11:28:17","modified_gmt":"2014-12-04T17:28:17","slug":"versiculos-para-meditar-70","status":"publish","type":"post","link":"http:\/\/damas.laiglesiadelacomunidad.com\/?p=5581","title":{"rendered":"Vers\u00edculos para Meditar"},"content":{"rendered":"<p>Porque los que siguen los pasos de la carne fijan su atenci\u00f3n en lo que es de la carne, pero los que son del Esp\u00edritu, la fijan en lo que es del Esp\u00edritu. Porque el ocuparse de la carne es muerte, pero el ocuparse del Esp\u00edritu es vida y paz. Las intenciones de la carne llevan a la enemistad contra Dios; porque no se sujetan a la ley de Dios, ni tampoco pueden; adem\u00e1s, los que viven seg\u00fan la carne no pueden agradar a Dios. (\u202dRomanos\u202c \u202d8\u202c:\u202d5-8\u202c RVC)<\/p>\n","protected":false},"excerpt":{"rendered":"<p>Porque los que siguen los pasos de la carne fijan su atenci\u00f3n en lo que es de la carne, pero los que son del Esp\u00edritu, la fijan en lo que es del Esp\u00edritu. Porque el ocuparse de la carne es muerte, pero el ocuparse del Esp\u00edritu es vida y paz. Las intenciones de la carne &hellip; <a href=\"http:\/\/damas.laiglesiadelacomunidad.com\/?p=5581\" class=\"more-link\">Continue reading <span class=\"screen-reader-text\">Vers\u00edculos para Meditar<\/span> <span class=\"meta-nav\">&rarr;<\/span><\/a><\/p>\n","protected":false},"author":2,"featured_media":0,"comment_status":"open","ping_status":"open","sticky":false,"template":"","format":"standard","meta":{"footnotes":""},"categories":[5],"tags":[],"_links":{"self":[{"href":"http:\/\/damas.laiglesiadelacomunidad.com\/index.php?rest_route=\/wp\/v2\/posts\/5581"}],"collection":[{"href":"http:\/\/damas.laiglesiadelacomunidad.com\/index.php?rest_route=\/wp\/v2\/posts"}],"about":[{"href":"http:\/\/damas.laiglesiadelacomunidad.com\/index.php?rest_route=\/wp\/v2\/types\/post"}],"author":[{"embeddable":true,"href":"http:\/\/damas.laiglesiadelacomunidad.com\/index.php?rest_route=\/wp\/v2\/users\/2"}],"replies":[{"embeddable":true,"href":"http:\/\/damas.laiglesiadelacomunidad.com\/index.php?rest_route=%2Fwp%2Fv2%2Fcomments&post=5581"}],"version-history":[{"count":1,"href":"http:\/\/damas.laiglesiadelacomunidad.com\/index.php?rest_route=\/wp\/v2\/posts\/5581\/revisions"}],"predecessor-version":[{"id":5582,"href":"http:\/\/damas.laiglesiadelacomunidad.com\/index.php?rest_route=\/wp\/v2\/posts\/5581\/revisions\/5582"}],"wp:attachment":[{"href":"http:\/\/damas.laiglesiadelacomunidad.com\/index.php?rest_route=%2Fwp%2Fv2%2Fmedia&parent=5581"}],"wp:term":[{"taxonomy":"category","embeddable":true,"href":"http:\/\/damas.laiglesiadelacomunidad.com\/index.php?rest_route=%2Fwp%2Fv2%2Fcategories&post=5581"},{"taxonomy":"post_tag","embeddable":true,"href":"http:\/\/damas.laiglesiadelacomunidad.com\/index.php?rest_route=%2Fwp%2Fv2%2Ftags&post=5581"}],"curies":[{"name":"wp","href":"https:\/\/api.w.org\/{rel}","templated":true}]}}