{"id":5569,"date":"2014-12-03T21:57:25","date_gmt":"2014-12-04T03:57:25","guid":{"rendered":"http:\/\/damas.laiglesiadelacomunidad.com\/?p=5569"},"modified":"2014-12-04T01:11:58","modified_gmt":"2014-12-04T07:11:58","slug":"estudio-3-de-dic-2014","status":"publish","type":"post","link":"http:\/\/damas.laiglesiadelacomunidad.com\/?p=5569","title":{"rendered":"Estudio 3 de Dic. 2014"},"content":{"rendered":"<p>WOW ya estamos en el mes de Diciembre, Gracias Se\u00f1or por darnos un buen a\u00f1o, gracias a todas por haber venido y participado de \u00e9ste estudio, gracias a Dios por ponernos ese deseo de estudiar su palabra en comunidad.<\/p>\n<p>Que buen estudio el de hoy. Hoy estudiamos el tema de la reuni\u00f3n del domingo, como humanos siempre estamos buscando aprobaci\u00f3n de las personas que nos rodean, con buenos o malos motivos buscamos aprobaci\u00f3n, a veces lo hacemos por orgullo, otras veces lo hacemos por culpa y condenaci\u00f3n, en algunas ocaciones lo hacemos por demostrarle algo a alguien, \u00a0a veces el mismo pecado nos hace buscar aprobaci\u00f3n de otras personas.<\/p>\n<p>Hoy vimos que Dios aprueba de nosotros, no importa cuanto hagamos o cuanto fallemos, \u00c9l nos ama y nos da su aprobaci\u00f3n, tambi\u00e9n vimos que Dios nos ha dado ese deseo de querer y hacer las cosas, y pusimos ejemplos tan sencillos como poner sillas en la iglesia, lo hacemos de coraz\u00f3n y porque Dios mismo nos ha puesto ese deseo en el coraz\u00f3n, no porque ganemos algo, ni por ser vistos, o porque vamos a recibir \u00a0dinero por el trabajo que hacemos sino que lo hacemos porque \u00c9l ha puesto ese deseo en nuestro coraz\u00f3n de hacerlo, fuimos creados para hacer buenas obras que \u00c9l ha predispuesto de antemano para que nosotras las hicieramos y se siente tan lido servir a nuestro Dios. Ese sentimiento es indescriptible y nos llena de satisfacci\u00f3n y ese mismo sentimiento viene de Dios.<\/p>\n<p>Todo esto es mejor explicado en Efesios 2<\/p>\n<p class=\"chapter-1\"><strong><span class=\"text Eph-2-1\">A ustedes, \u00e9l les dio vida cuando a\u00fan estaban muertos en sus delitos y pecados,<\/span> <span id=\"es-RVC-29233\" class=\"text Eph-2-2\"><sup class=\"versenum\">\u00a0<\/sup>los cuales en otro tiempo practicaron, pues viv\u00edan de acuerdo a la corriente de este mundo y en conformidad con el pr\u00edncipe del poder del aire, que es el esp\u00edritu que ahora opera en los hijos de desobediencia.<\/span> <span id=\"es-RVC-29234\" class=\"text Eph-2-3\">Entre ellos todos nosotros tambi\u00e9n vivimos en otro tiempo. Segu\u00edamos los deseos de nuestra naturaleza humana y hac\u00edamos lo que nuestra naturaleza y nuestros pensamientos nos llevaban a hacer. \u00c9ramos por naturaleza objetos de ira, como los dem\u00e1s.<\/span> <span id=\"es-RVC-29235\" class=\"text Eph-2-4\">Pero Dios, cuya misericordia es abundante, por el gran amor con que nos am\u00f3,<\/span> <span id=\"es-RVC-29236\" class=\"text Eph-2-5\">nos dio vida junto con Cristo, aun cuando est\u00e1bamos muertos en nuestros pecados (la gracia de Dios los ha salvado),<\/span> <span id=\"es-RVC-29237\" class=\"text Eph-2-6\"><sup class=\"versenum\">\u00a0<\/sup>y tambi\u00e9n junto con \u00e9l nos resucit\u00f3, y asimismo nos sent\u00f3 al lado de Cristo Jes\u00fas en los lugares celestiales,<\/span><span id=\"es-RVC-29238\" class=\"text Eph-2-7\"><sup class=\"versenum\">\u00a0<\/sup>para mostrar en los tiempos venideros las abundantes riquezas de su gracia y su bondad para con nosotros en Cristo Jes\u00fas.<span style=\"font-size: 12px; line-height: 0px;\">\u00a0<\/span><\/span><span id=\"es-RVC-29239\" class=\"text Eph-2-8\">Ciertamente la gracia de Dios los ha salvado por medio de la fe. \u00c9sta no naci\u00f3 de ustedes, sino que es un don de Dios;<\/span> <span id=\"es-RVC-29240\" class=\"text Eph-2-9\">ni es resultado de las obras, para que nadie se vanaglorie.<\/span> <span id=\"es-RVC-29241\" class=\"text Eph-2-10\">Nosotros somos hechura suya; hemos sido creados en Cristo Jes\u00fas para realizar buenas obras, las cuales Dios prepar\u00f3 de antemano para que vivamos de acuerdo con ellas.<\/span><\/strong><\/p>\n<h3><strong><span id=\"es-RVC-29242\" class=\"text Eph-2-11\">Reconciliaci\u00f3n por medio de la cruz<\/span><\/strong><\/h3>\n<p><strong><span class=\"text Eph-2-11\">Por lo tanto ustedes, que por nacimiento no son jud\u00edos, y que son llamados \u00abincircuncisos\u00bb por los que desde su nacimiento han sido f\u00edsicamente circuncidados, deben recordar esto:<\/span> <span id=\"es-RVC-29243\" class=\"text Eph-2-12\">En aquel tiempo ustedes estaban sin Cristo, viv\u00edan alejados de la ciudadan\u00eda de Israel y eran ajenos a los pactos de la promesa; viv\u00edan en este mundo sin Dios y sin esperanza.<\/span> <span id=\"es-RVC-29244\" class=\"text Eph-2-13\">Pero ahora, en Cristo Jes\u00fas, ustedes, que en otro tiempo estaban lejos, han sido acercados por la sangre de Cristo.<\/span> <span id=\"es-RVC-29245\" class=\"text Eph-2-14\">Porque \u00e9l es nuestra paz. De dos pueblos hizo uno solo, al derribar la pared intermedia de separaci\u00f3n<\/span> <span id=\"es-RVC-29246\" class=\"text Eph-2-15\">y al abolir en su propio cuerpo las enemistades. \u00c9l puso fin a la ley de los mandamientos expresados en ordenanzas, para crear en s\u00ed mismo, de los dos pueblos, una nueva humanidad, haciendo la paz,<\/span> <span id=\"es-RVC-29247\" class=\"text Eph-2-16\">y para reconciliar con Dios a los dos en un solo cuerpo mediante la cruz, sobre la cual puso fin a las enemistades.<\/span> <span id=\"es-RVC-29248\" class=\"text Eph-2-17\"><sup class=\"versenum\">\u00a0<\/sup>\u00c9l vino y a ustedes, que estaban lejos, les anunci\u00f3 las buenas nuevas de paz, lo mismo que a los que estaban cerca.<\/span> <span id=\"es-RVC-29249\" class=\"text Eph-2-18\">Por medio de \u00e9l, unos y otros tenemos acceso al Padre en un mismo Esp\u00edritu.<\/span> <span id=\"es-RVC-29250\" class=\"text Eph-2-19\">Por lo tanto, ustedes ya no son extranjeros ni advenedizos, sino conciudadanos de los santos y miembros de la familia de Dios,<\/span> <span id=\"es-RVC-29251\" class=\"text Eph-2-20\">y est\u00e1n edificados sobre el fundamento de los ap\u00f3stoles y profetas, cuya principal piedra angular es Jesucristo mismo.<\/span> <span id=\"es-RVC-29252\" class=\"text Eph-2-21\">En Cristo, todo el edificio, bien coordinado, va creciendo para llegar a ser un templo santo en el Se\u00f1or;<\/span><span id=\"es-RVC-29253\" class=\"text Eph-2-22\"><sup class=\"versenum\">\u00a0<\/sup>en Cristo, tambi\u00e9n ustedes son edificados en uni\u00f3n con \u00e9l, para que all\u00ed habite Dios en el Esp\u00edritu.\u00a0<\/span><\/strong><span id=\"es-RVC-29253\" class=\"text Eph-2-22\">Efesios 2:1-22<\/span><\/p>\n<p><strong><sup class=\"versenum\">\u00a0<\/sup>porque Dios es el que produce en ustedes lo mismo el querer como el hacer, por su buena voluntad. <\/strong>Filipenses 2:13<\/p>\n<p>Te damos gracias Padre por el deseo que has puesto en nuestro coraz\u00f3n de servirte, gracias por la cruz, te pedimos que cada d\u00eda nos des tanto el querer como el hacer, te pedimos que no creamos las mentiras de S\u00e1tanas y nos libreres de la condenaci\u00f3n que sentimos cuando no hacemos las cosas bien, y que nos ayudes a ser m\u00e1s y m\u00e1s como Jes\u00fas, en su nombre te pedimos todo \u00e9sto, Am\u00e9n.<\/p>\n<p>Feliz 10 meses a Raulito y feliz cumplea\u00f1os a nuestra querida Kari, se le quiere mucho.<\/p>\n<p>Que pasen un feliz resto de semana, las quiero mucho, Dios las bendiga.<\/p>\n<p>Jackie C.<\/p>\n<p><a href=\"http:\/\/damas.laiglesiadelacomunidad.com\/wp-content\/uploads\/2014\/12\/IMG_1804.jpg\"><img decoding=\"async\" src=\"http:\/\/damas.laiglesiadelacomunidad.com\/wp-content\/uploads\/2014\/12\/IMG_1804.jpg\" alt=\"IMG_1804.JPG\" class=\"alignnone size-full\" \/><\/a><\/p>\n<p><a href=\"http:\/\/damas.laiglesiadelacomunidad.com\/wp-content\/uploads\/2014\/12\/IMG_1808.jpg\"><img decoding=\"async\" src=\"http:\/\/damas.laiglesiadelacomunidad.com\/wp-content\/uploads\/2014\/12\/IMG_1808.jpg\" alt=\"IMG_1808.JPG\" class=\"alignnone size-full\" \/><\/a><\/p>\n<p><a href=\"http:\/\/damas.laiglesiadelacomunidad.com\/wp-content\/uploads\/2014\/12\/IMG_1794.jpg\"><img decoding=\"async\" src=\"http:\/\/damas.laiglesiadelacomunidad.com\/wp-content\/uploads\/2014\/12\/IMG_1794.jpg\" alt=\"IMG_1794.JPG\" class=\"alignnone size-full\" \/><\/a><\/p>\n<p><a href=\"http:\/\/damas.laiglesiadelacomunidad.com\/wp-content\/uploads\/2014\/12\/IMG_1788.jpg\"><img decoding=\"async\" src=\"http:\/\/damas.laiglesiadelacomunidad.com\/wp-content\/uploads\/2014\/12\/IMG_1788.jpg\" alt=\"IMG_1788.JPG\" class=\"alignnone size-full\" \/><\/a><\/p>\n<p><a href=\"http:\/\/damas.laiglesiadelacomunidad.com\/wp-content\/uploads\/2014\/12\/IMG_1791.jpg\"><img decoding=\"async\" src=\"http:\/\/damas.laiglesiadelacomunidad.com\/wp-content\/uploads\/2014\/12\/IMG_1791.jpg\" alt=\"IMG_1791.JPG\" class=\"alignnone size-full\" \/><\/a><\/p>\n<p><a href=\"http:\/\/damas.laiglesiadelacomunidad.com\/wp-content\/uploads\/2014\/12\/IMG_1812.jpg\"><img decoding=\"async\" src=\"http:\/\/damas.laiglesiadelacomunidad.com\/wp-content\/uploads\/2014\/12\/IMG_1812.jpg\" alt=\"IMG_1812.JPG\" class=\"alignnone size-full\" \/><\/a><\/p>\n<p><a href=\"http:\/\/damas.laiglesiadelacomunidad.com\/wp-content\/uploads\/2014\/12\/IMG_1818.jpg\"><img decoding=\"async\" src=\"http:\/\/damas.laiglesiadelacomunidad.com\/wp-content\/uploads\/2014\/12\/IMG_1818.jpg\" alt=\"IMG_1818.JPG\" class=\"alignnone size-full\" \/><\/a><\/p>\n","protected":false},"excerpt":{"rendered":"<p>WOW ya estamos en el mes de Diciembre, Gracias Se\u00f1or por darnos un buen a\u00f1o, gracias a todas por haber venido y participado de \u00e9ste estudio, gracias a Dios por ponernos ese deseo de estudiar su palabra en comunidad. Que buen estudio el de hoy. Hoy estudiamos el tema de la reuni\u00f3n del domingo, como &hellip; <a href=\"http:\/\/damas.laiglesiadelacomunidad.com\/?p=5569\" class=\"more-link\">Continue reading <span class=\"screen-reader-text\">Estudio 3 de Dic. 2014<\/span> <span class=\"meta-nav\">&rarr;<\/span><\/a><\/p>\n","protected":false},"author":2,"featured_media":0,"comment_status":"open","ping_status":"open","sticky":false,"template":"","format":"chat","meta":{"footnotes":""},"categories":[6],"tags":[],"_links":{"self":[{"href":"http:\/\/damas.laiglesiadelacomunidad.com\/index.php?rest_route=\/wp\/v2\/posts\/5569"}],"collection":[{"href":"http:\/\/damas.laiglesiadelacomunidad.com\/index.php?rest_route=\/wp\/v2\/posts"}],"about":[{"href":"http:\/\/damas.laiglesiadelacomunidad.com\/index.php?rest_route=\/wp\/v2\/types\/post"}],"author":[{"embeddable":true,"href":"http:\/\/damas.laiglesiadelacomunidad.com\/index.php?rest_route=\/wp\/v2\/users\/2"}],"replies":[{"embeddable":true,"href":"http:\/\/damas.laiglesiadelacomunidad.com\/index.php?rest_route=%2Fwp%2Fv2%2Fcomments&post=5569"}],"version-history":[{"count":4,"href":"http:\/\/damas.laiglesiadelacomunidad.com\/index.php?rest_route=\/wp\/v2\/posts\/5569\/revisions"}],"predecessor-version":[{"id":5580,"href":"http:\/\/damas.laiglesiadelacomunidad.com\/index.php?rest_route=\/wp\/v2\/posts\/5569\/revisions\/5580"}],"wp:attachment":[{"href":"http:\/\/damas.laiglesiadelacomunidad.com\/index.php?rest_route=%2Fwp%2Fv2%2Fmedia&parent=5569"}],"wp:term":[{"taxonomy":"category","embeddable":true,"href":"http:\/\/damas.laiglesiadelacomunidad.com\/index.php?rest_route=%2Fwp%2Fv2%2Fcategories&post=5569"},{"taxonomy":"post_tag","embeddable":true,"href":"http:\/\/damas.laiglesiadelacomunidad.com\/index.php?rest_route=%2Fwp%2Fv2%2Ftags&post=5569"}],"curies":[{"name":"wp","href":"https:\/\/api.w.org\/{rel}","templated":true}]}}