{"id":5534,"date":"2014-12-01T09:35:42","date_gmt":"2014-12-01T15:35:42","guid":{"rendered":"http:\/\/damas.laiglesiadelacomunidad.com\/?p=5534"},"modified":"2014-12-01T09:35:42","modified_gmt":"2014-12-01T15:35:42","slug":"versiculos-para-meditar-67","status":"publish","type":"post","link":"http:\/\/damas.laiglesiadelacomunidad.com\/?p=5534","title":{"rendered":"Vers\u00edculos para Meditar"},"content":{"rendered":"<p>\u00bbVienen d\u00edas en que yo confirmar\u00e9 las buenas promesas que he hecho a la casa de Israel y a la casa de Jud\u00e1. \u2014Palabra del Se\u00f1or. \u00bbCuando llegue el d\u00eda y el momento, har\u00e9 que de David surja un Renuevo de justicia, que impondr\u00e1 la justicia y el derecho en la tierra. En esos d\u00edas Jud\u00e1 ser\u00e1 salvado, y Jerusal\u00e9n habitar\u00e1 segura y ser\u00e1 llamada \u201cEl Se\u00f1or es nuestra justicia\u201d. (\u202dJerem\u00edas\u202c \u202d33\u202c:\u202d14-16\u202c RVC)<\/p>\n","protected":false},"excerpt":{"rendered":"<p>\u00bbVienen d\u00edas en que yo confirmar\u00e9 las buenas promesas que he hecho a la casa de Israel y a la casa de Jud\u00e1. \u2014Palabra del Se\u00f1or. \u00bbCuando llegue el d\u00eda y el momento, har\u00e9 que de David surja un Renuevo de justicia, que impondr\u00e1 la justicia y el derecho en la tierra. En esos d\u00edas &hellip; <a href=\"http:\/\/damas.laiglesiadelacomunidad.com\/?p=5534\" class=\"more-link\">Continue reading <span class=\"screen-reader-text\">Vers\u00edculos para Meditar<\/span> <span class=\"meta-nav\">&rarr;<\/span><\/a><\/p>\n","protected":false},"author":2,"featured_media":0,"comment_status":"open","ping_status":"open","sticky":false,"template":"","format":"chat","meta":{"footnotes":""},"categories":[5],"tags":[],"_links":{"self":[{"href":"http:\/\/damas.laiglesiadelacomunidad.com\/index.php?rest_route=\/wp\/v2\/posts\/5534"}],"collection":[{"href":"http:\/\/damas.laiglesiadelacomunidad.com\/index.php?rest_route=\/wp\/v2\/posts"}],"about":[{"href":"http:\/\/damas.laiglesiadelacomunidad.com\/index.php?rest_route=\/wp\/v2\/types\/post"}],"author":[{"embeddable":true,"href":"http:\/\/damas.laiglesiadelacomunidad.com\/index.php?rest_route=\/wp\/v2\/users\/2"}],"replies":[{"embeddable":true,"href":"http:\/\/damas.laiglesiadelacomunidad.com\/index.php?rest_route=%2Fwp%2Fv2%2Fcomments&post=5534"}],"version-history":[{"count":1,"href":"http:\/\/damas.laiglesiadelacomunidad.com\/index.php?rest_route=\/wp\/v2\/posts\/5534\/revisions"}],"predecessor-version":[{"id":5535,"href":"http:\/\/damas.laiglesiadelacomunidad.com\/index.php?rest_route=\/wp\/v2\/posts\/5534\/revisions\/5535"}],"wp:attachment":[{"href":"http:\/\/damas.laiglesiadelacomunidad.com\/index.php?rest_route=%2Fwp%2Fv2%2Fmedia&parent=5534"}],"wp:term":[{"taxonomy":"category","embeddable":true,"href":"http:\/\/damas.laiglesiadelacomunidad.com\/index.php?rest_route=%2Fwp%2Fv2%2Fcategories&post=5534"},{"taxonomy":"post_tag","embeddable":true,"href":"http:\/\/damas.laiglesiadelacomunidad.com\/index.php?rest_route=%2Fwp%2Fv2%2Ftags&post=5534"}],"curies":[{"name":"wp","href":"https:\/\/api.w.org\/{rel}","templated":true}]}}