{"id":5456,"date":"2014-11-30T22:37:47","date_gmt":"2014-12-01T04:37:47","guid":{"rendered":"http:\/\/damas.laiglesiadelacomunidad.com\/?p=5456"},"modified":"2014-12-01T11:38:40","modified_gmt":"2014-12-01T17:38:40","slug":"reunion-30-de-nov-2014","status":"publish","type":"post","link":"http:\/\/damas.laiglesiadelacomunidad.com\/?p=5456","title":{"rendered":"Reuni\u00f3n 30 de Nov. 2014"},"content":{"rendered":"<p>Gracias Se\u00f1or por tan linda noche, gracias por la cena que nos diste hoy, gracias por poner el deseo en el coraz\u00f3n de \u00a0las personas que compartieron y colaboraron en hacerla. Chicas todo quedo s\u00faper rrrricoooo. Y gracias por tan buen mensaje.<\/p>\n<p>Estamos estudiando la vida de Jesucristo seg\u00fan el evangelio de Mateo, el tema de hoy fue <strong>&#8220;La aprobaci\u00f3n del Padre&#8221;<\/strong> y la idea grande de hoy fue: <strong>&#8220;El padre aprueba de sus hijos&#8221;\u00a0<\/strong>Que tema tan interesante, a veces no realizamos cuanto queremos y necesitamos de la aprobaci\u00f3n de otras personas, especialmente de nuestros padres y mejores amigas. Buscamos y a veces no encontramos dicha aprobaci\u00f3n porque las personas que est\u00e1n a nuestro alrededor son seres humanos imperfectos y por lo tanto con pecados y a veces para ellos lo que hacemos no es suficiente.<\/p>\n<p>Pero vemos como Dios aprueba de sus hijos de una manera que ni podemos imaginar, vimos como \u00c9l aprob\u00f3 de Jes\u00fas sin reservas y sin condiciones, aprob\u00f3 de \u00c9l no porque era perfecto y porque nunca pec\u00f3, Dios le di\u00f3 su aprobaci\u00f3n porque Jes\u00fas era Su hijo. Esa misma aprobaci\u00f3n no da a nosotras, no porque seamos perfectas sino porque somos sus hijas, el simple hecho de haber tomado la decisi\u00f3n de arrepentirnos y bautizarnos nos hace ver el gran amor y aprobaci\u00f3n que tiene para nosotras.<\/p>\n<p><strong><span class=\"text Matt-3-13\">Jes\u00fas fue de Galilea al Jord\u00e1n, donde estaba Juan, para ser bautizado por \u00e9l.<\/span> <span id=\"es-RVC-23208\" class=\"text Matt-3-14\">Pero Juan se le opon\u00eda, diciendo: \u00abYo necesito ser bautizado por ti, \u00bfy t\u00fa vienes a m\u00ed?\u00bb<\/span> <span id=\"es-RVC-23209\" class=\"text Matt-3-15\">Jes\u00fas le respondi\u00f3: \u00abPor ahora, d\u00e9jalo as\u00ed, porque conviene que cumplamos toda justicia.\u00bb Entonces Juan acept\u00f3.<\/span> <span id=\"es-RVC-23210\" class=\"text Matt-3-16\">Despu\u00e9s de ser bautizado, Jes\u00fas sali\u00f3 del agua. Entonces los cielos se abrieron y \u00e9l vio al Esp\u00edritu de Dios, que descend\u00eda como paloma y se posaba sobre \u00e9l.<\/span> <\/strong><span id=\"es-RVC-23211\" class=\"text Matt-3-17\"><strong>Desde los cielos se oy\u00f3 entonces una voz, que dec\u00eda: \u00ab\u00c9ste es mi Hijo amado, en quien me complazco.\u00bb<\/strong> Mateo 3:13-17<\/span><\/p>\n<p><strong><span class=\"text Eph-2-1\"><span class=\"chapternum\">\u00a0<\/span>A ustedes, \u00e9l les dio vida cuando a\u00fan estaban muertos en sus delitos y pecados,<\/span> <span id=\"es-RVC-29233\" class=\"text Eph-2-2\">los cuales en otro tiempo practicaron, pues viv\u00edan de acuerdo a la corriente de este mundo y en conformidad con el pr\u00edncipe del poder del aire, que es el esp\u00edritu que ahora opera en los hijos de desobediencia.<\/span><span id=\"es-RVC-29234\" class=\"text Eph-2-3\"><sup class=\"versenum\">\u00a0<\/sup>Entre ellos todos nosotros tambi\u00e9n vivimos en otro tiempo. Segu\u00edamos los deseos de nuestra naturaleza humana y hac\u00edamos lo que nuestra naturaleza y nuestros pensamientos nos llevaban a hacer. \u00c9ramos por naturaleza objetos de ira, como los dem\u00e1s.<\/span> <span id=\"es-RVC-29235\" class=\"text Eph-2-4\">Pero Dios, cuya misericordia es abundante, por el gran amor con que nos am\u00f3,<\/span> <span id=\"es-RVC-29236\" class=\"text Eph-2-5\">nos dio vida junto con Cristo, aun cuando est\u00e1bamos muertos en nuestros pecados (la gracia de Dios los ha salvado),<\/span> <\/strong><span id=\"es-RVC-29237\" class=\"text Eph-2-6\"><strong>y tambi\u00e9n junto con \u00e9l nos resucit\u00f3, y asimismo nos sent\u00f3 al lado de Cristo Jes\u00fas en los lugares celestiales,<\/strong> Efesios 2:1-6<\/span><\/p>\n<p><strong>Al que no cometi\u00f3 ning\u00fan pecado, por nosotros Dios lo hizo pecado, para que en \u00e9l nosotros fu\u00e9ramos hechos justicia de Dios.\u00a0<\/strong>2 Corintios 5:21<\/p>\n<p>Gracias Se\u00f1or por el gran amor y por toda la aprobaci\u00f3n que nos das ayudanos a buscar nuestra aprobaci\u00f3n en Ti y no en la gente o en el que diran, ayudanos a luchar contra el pecado de la cr\u00edtica y de la murmuraci\u00f3n para que no seamos piedra de tropiezo para nuestras hermanas y para las personas que est\u00e1n a nuestro alrededor, te lo pedimos en nombre de tu hijo amado, Am\u00e9n.<\/p>\n<p>Que pasen una linda semana. Dios las bendiga;<\/p>\n<p>Jackie C.<\/p>\n<p><a href=\"http:\/\/damas.laiglesiadelacomunidad.com\/wp-content\/uploads\/2014\/11\/IMG_1703.jpg\"><img decoding=\"async\" class=\"alignnone size-full\" src=\"http:\/\/damas.laiglesiadelacomunidad.com\/wp-content\/uploads\/2014\/11\/IMG_1703.jpg\" alt=\"IMG_1703.JPG\" \/><\/a><\/p>\n<p><a href=\"http:\/\/damas.laiglesiadelacomunidad.com\/wp-content\/uploads\/2014\/11\/IMG_1701.jpg\"><img decoding=\"async\" class=\"alignnone size-full\" src=\"http:\/\/damas.laiglesiadelacomunidad.com\/wp-content\/uploads\/2014\/11\/IMG_1701.jpg\" alt=\"IMG_1701.JPG\" \/><\/a><\/p>\n<p><a href=\"http:\/\/damas.laiglesiadelacomunidad.com\/wp-content\/uploads\/2014\/11\/IMG_1745.jpg\"><img decoding=\"async\" class=\"alignnone size-full\" src=\"http:\/\/damas.laiglesiadelacomunidad.com\/wp-content\/uploads\/2014\/11\/IMG_1745.jpg\" alt=\"IMG_1745.JPG\" \/><\/a><\/p>\n<p><a href=\"http:\/\/damas.laiglesiadelacomunidad.com\/wp-content\/uploads\/2014\/11\/IMG_1747.jpg\"><img decoding=\"async\" class=\"alignnone size-full\" src=\"http:\/\/damas.laiglesiadelacomunidad.com\/wp-content\/uploads\/2014\/11\/IMG_1747.jpg\" alt=\"IMG_1747.JPG\" \/><\/a><\/p>\n<p><a href=\"http:\/\/damas.laiglesiadelacomunidad.com\/wp-content\/uploads\/2014\/11\/IMG_1749.jpg\"><img decoding=\"async\" class=\"alignnone size-full\" src=\"http:\/\/damas.laiglesiadelacomunidad.com\/wp-content\/uploads\/2014\/11\/IMG_1749.jpg\" alt=\"IMG_1749.JPG\" \/><\/a><\/p>\n<p><a href=\"http:\/\/damas.laiglesiadelacomunidad.com\/wp-content\/uploads\/2014\/11\/IMG_1750.jpg\"><img decoding=\"async\" class=\"alignnone size-full\" src=\"http:\/\/damas.laiglesiadelacomunidad.com\/wp-content\/uploads\/2014\/11\/IMG_1750.jpg\" alt=\"IMG_1750.JPG\" \/><\/a><\/p>\n<p><a href=\"http:\/\/damas.laiglesiadelacomunidad.com\/wp-content\/uploads\/2014\/11\/IMG_1751.jpg\"><img decoding=\"async\" class=\"alignnone size-full\" src=\"http:\/\/damas.laiglesiadelacomunidad.com\/wp-content\/uploads\/2014\/11\/IMG_1751.jpg\" alt=\"IMG_1751.JPG\" \/><\/a><\/p>\n<p><a href=\"http:\/\/damas.laiglesiadelacomunidad.com\/wp-content\/uploads\/2014\/11\/IMG_1748.jpg\"><img decoding=\"async\" class=\"alignnone size-full\" src=\"http:\/\/damas.laiglesiadelacomunidad.com\/wp-content\/uploads\/2014\/11\/IMG_1748.jpg\" alt=\"IMG_1748.JPG\" \/><\/a><\/p>\n<p><a href=\"http:\/\/damas.laiglesiadelacomunidad.com\/wp-content\/uploads\/2014\/11\/IMG_1752.jpg\"><img decoding=\"async\" class=\"alignnone size-full\" src=\"http:\/\/damas.laiglesiadelacomunidad.com\/wp-content\/uploads\/2014\/11\/IMG_1752.jpg\" alt=\"IMG_1752.JPG\" \/><\/a><\/p>\n<p><a href=\"http:\/\/damas.laiglesiadelacomunidad.com\/wp-content\/uploads\/2014\/11\/IMG_1753.jpg\"><img decoding=\"async\" class=\"alignnone size-full\" src=\"http:\/\/damas.laiglesiadelacomunidad.com\/wp-content\/uploads\/2014\/11\/IMG_1753.jpg\" alt=\"IMG_1753.JPG\" \/><\/a><\/p>\n<p><a href=\"http:\/\/damas.laiglesiadelacomunidad.com\/wp-content\/uploads\/2014\/11\/IMG_1754.jpg\"><img decoding=\"async\" class=\"alignnone size-full\" src=\"http:\/\/damas.laiglesiadelacomunidad.com\/wp-content\/uploads\/2014\/11\/IMG_1754.jpg\" alt=\"IMG_1754.JPG\" \/><\/a><\/p>\n<p><a href=\"http:\/\/damas.laiglesiadelacomunidad.com\/wp-content\/uploads\/2014\/11\/IMG_1755.jpg\"><img decoding=\"async\" class=\"alignnone size-full\" src=\"http:\/\/damas.laiglesiadelacomunidad.com\/wp-content\/uploads\/2014\/11\/IMG_1755.jpg\" alt=\"IMG_1755.JPG\" \/><\/a><\/p>\n<p><a href=\"http:\/\/damas.laiglesiadelacomunidad.com\/wp-content\/uploads\/2014\/11\/IMG_1756.jpg\"><img decoding=\"async\" class=\"alignnone size-full\" src=\"http:\/\/damas.laiglesiadelacomunidad.com\/wp-content\/uploads\/2014\/11\/IMG_1756.jpg\" alt=\"IMG_1756.JPG\" \/><\/a><\/p>\n<p><a href=\"http:\/\/damas.laiglesiadelacomunidad.com\/wp-content\/uploads\/2014\/12\/IMG_1711.jpg\"><img decoding=\"async\" src=\"http:\/\/damas.laiglesiadelacomunidad.com\/wp-content\/uploads\/2014\/12\/IMG_1711.jpg\" alt=\"IMG_1711.JPG\" class=\"alignnone size-full\" \/><\/a><\/p>\n<p><a href=\"http:\/\/damas.laiglesiadelacomunidad.com\/wp-content\/uploads\/2014\/12\/IMG_1727.jpg\"><img decoding=\"async\" src=\"http:\/\/damas.laiglesiadelacomunidad.com\/wp-content\/uploads\/2014\/12\/IMG_1727.jpg\" alt=\"IMG_1727.JPG\" class=\"alignnone size-full\" \/><\/a><\/p>\n<p><a href=\"http:\/\/damas.laiglesiadelacomunidad.com\/wp-content\/uploads\/2014\/12\/IMG_1706.jpg\"><img decoding=\"async\" src=\"http:\/\/damas.laiglesiadelacomunidad.com\/wp-content\/uploads\/2014\/12\/IMG_1706.jpg\" alt=\"IMG_1706.JPG\" class=\"alignnone size-full\" \/><\/a><\/p>\n<p><a href=\"http:\/\/damas.laiglesiadelacomunidad.com\/wp-content\/uploads\/2014\/12\/IMG_1726.jpg\"><img decoding=\"async\" src=\"http:\/\/damas.laiglesiadelacomunidad.com\/wp-content\/uploads\/2014\/12\/IMG_1726.jpg\" alt=\"IMG_1726.JPG\" class=\"alignnone size-full\" \/><\/a><\/p>\n<p><a href=\"http:\/\/damas.laiglesiadelacomunidad.com\/wp-content\/uploads\/2014\/12\/IMG_1728.jpg\"><img decoding=\"async\" src=\"http:\/\/damas.laiglesiadelacomunidad.com\/wp-content\/uploads\/2014\/12\/IMG_1728.jpg\" alt=\"IMG_1728.JPG\" class=\"alignnone size-full\" \/><\/a><\/p>\n<p><a href=\"http:\/\/damas.laiglesiadelacomunidad.com\/wp-content\/uploads\/2014\/12\/IMG_1738.jpg\"><img decoding=\"async\" src=\"http:\/\/damas.laiglesiadelacomunidad.com\/wp-content\/uploads\/2014\/12\/IMG_1738.jpg\" alt=\"IMG_1738.JPG\" class=\"alignnone size-full\" \/><\/a><\/p>\n<p><a href=\"http:\/\/damas.laiglesiadelacomunidad.com\/wp-content\/uploads\/2014\/12\/IMG_1731.jpg\"><img decoding=\"async\" src=\"http:\/\/damas.laiglesiadelacomunidad.com\/wp-content\/uploads\/2014\/12\/IMG_1731.jpg\" alt=\"IMG_1731.JPG\" class=\"alignnone size-full\" \/><\/a><\/p>\n<p><a href=\"http:\/\/damas.laiglesiadelacomunidad.com\/wp-content\/uploads\/2014\/12\/IMG_1742-0.jpg\"><img decoding=\"async\" src=\"http:\/\/damas.laiglesiadelacomunidad.com\/wp-content\/uploads\/2014\/12\/IMG_1742-0.jpg\" alt=\"IMG_1742-0.JPG\" class=\"alignnone size-full\" \/><\/a><\/p>\n<p><a href=\"http:\/\/damas.laiglesiadelacomunidad.com\/wp-content\/uploads\/2014\/12\/IMG_1743-0.jpg\"><img decoding=\"async\" src=\"http:\/\/damas.laiglesiadelacomunidad.com\/wp-content\/uploads\/2014\/12\/IMG_1743-0.jpg\" alt=\"IMG_1743-0.JPG\" class=\"alignnone size-full\" \/><\/a><\/p>\n<p><a href=\"http:\/\/damas.laiglesiadelacomunidad.com\/wp-content\/uploads\/2014\/12\/IMG_1718.jpg\"><img decoding=\"async\" src=\"http:\/\/damas.laiglesiadelacomunidad.com\/wp-content\/uploads\/2014\/12\/IMG_1718.jpg\" alt=\"IMG_1718.JPG\" class=\"alignnone size-full\" \/><\/a><\/p>\n<p><a href=\"http:\/\/damas.laiglesiadelacomunidad.com\/wp-content\/uploads\/2014\/12\/IMG_1724.jpg\"><img decoding=\"async\" src=\"http:\/\/damas.laiglesiadelacomunidad.com\/wp-content\/uploads\/2014\/12\/IMG_1724.jpg\" alt=\"IMG_1724.JPG\" class=\"alignnone size-full\" \/><\/a><\/p>\n<p><a href=\"http:\/\/damas.laiglesiadelacomunidad.com\/wp-content\/uploads\/2014\/12\/IMG_1717.jpg\"><img decoding=\"async\" src=\"http:\/\/damas.laiglesiadelacomunidad.com\/wp-content\/uploads\/2014\/12\/IMG_1717.jpg\" alt=\"IMG_1717.JPG\" class=\"alignnone size-full\" \/><\/a><\/p>\n","protected":false},"excerpt":{"rendered":"<p>Gracias Se\u00f1or por tan linda noche, gracias por la cena que nos diste hoy, gracias por poner el deseo en el coraz\u00f3n de \u00a0las personas que compartieron y colaboraron en hacerla. Chicas todo quedo s\u00faper rrrricoooo. Y gracias por tan buen mensaje. Estamos estudiando la vida de Jesucristo seg\u00fan el evangelio de Mateo, el tema &hellip; <a href=\"http:\/\/damas.laiglesiadelacomunidad.com\/?p=5456\" class=\"more-link\">Continue reading <span class=\"screen-reader-text\">Reuni\u00f3n 30 de Nov. 2014<\/span> <span class=\"meta-nav\">&rarr;<\/span><\/a><\/p>\n","protected":false},"author":2,"featured_media":0,"comment_status":"open","ping_status":"open","sticky":false,"template":"","format":"standard","meta":{"footnotes":""},"categories":[7],"tags":[],"_links":{"self":[{"href":"http:\/\/damas.laiglesiadelacomunidad.com\/index.php?rest_route=\/wp\/v2\/posts\/5456"}],"collection":[{"href":"http:\/\/damas.laiglesiadelacomunidad.com\/index.php?rest_route=\/wp\/v2\/posts"}],"about":[{"href":"http:\/\/damas.laiglesiadelacomunidad.com\/index.php?rest_route=\/wp\/v2\/types\/post"}],"author":[{"embeddable":true,"href":"http:\/\/damas.laiglesiadelacomunidad.com\/index.php?rest_route=\/wp\/v2\/users\/2"}],"replies":[{"embeddable":true,"href":"http:\/\/damas.laiglesiadelacomunidad.com\/index.php?rest_route=%2Fwp%2Fv2%2Fcomments&post=5456"}],"version-history":[{"count":8,"href":"http:\/\/damas.laiglesiadelacomunidad.com\/index.php?rest_route=\/wp\/v2\/posts\/5456\/revisions"}],"predecessor-version":[{"id":5560,"href":"http:\/\/damas.laiglesiadelacomunidad.com\/index.php?rest_route=\/wp\/v2\/posts\/5456\/revisions\/5560"}],"wp:attachment":[{"href":"http:\/\/damas.laiglesiadelacomunidad.com\/index.php?rest_route=%2Fwp%2Fv2%2Fmedia&parent=5456"}],"wp:term":[{"taxonomy":"category","embeddable":true,"href":"http:\/\/damas.laiglesiadelacomunidad.com\/index.php?rest_route=%2Fwp%2Fv2%2Fcategories&post=5456"},{"taxonomy":"post_tag","embeddable":true,"href":"http:\/\/damas.laiglesiadelacomunidad.com\/index.php?rest_route=%2Fwp%2Fv2%2Ftags&post=5456"}],"curies":[{"name":"wp","href":"https:\/\/api.w.org\/{rel}","templated":true}]}}