{"id":5454,"date":"2014-11-29T11:16:00","date_gmt":"2014-11-29T17:16:00","guid":{"rendered":"http:\/\/damas.laiglesiadelacomunidad.com\/?p=5454"},"modified":"2014-11-29T11:16:00","modified_gmt":"2014-11-29T17:16:00","slug":"versiculos-para-meditar-66","status":"publish","type":"post","link":"http:\/\/damas.laiglesiadelacomunidad.com\/?p=5454","title":{"rendered":"Vers\u00edculos para Meditar"},"content":{"rendered":"<p>Mant\u00e9nte vigilante y afirma todo aquello que est\u00e1 a punto de morir, pues he encontrado que tus obras no son perfectas ante mi Dios. Haz memoria de lo que has recibido y o\u00eddo, y ponlo en pr\u00e1ctica y arrepi\u00e9ntete. Si no te mantienes vigilante, cuando menos lo esperes vendr\u00e9 sobre ti como un ladr\u00f3n. Pero cuentas en Sardis con unos cuantos que no han manchado sus vestiduras; ellos son dignos de andar conmigo vestidos de blanco. El que salga vencedor ser\u00e1 vestido de blanco, y jam\u00e1s borrar\u00e9 su nombre del libro de la vida, sino que lo reconocer\u00e9 delante de mi Padre y de sus \u00e1ngeles. El que tenga o\u00eddos, que oiga lo que el Esp\u00edritu dice a las iglesias.\u201d (\u202dApocalipsis\u202c \u202d3\u202c:\u202d2-6\u202c RVC)<\/p>\n","protected":false},"excerpt":{"rendered":"<p>Mant\u00e9nte vigilante y afirma todo aquello que est\u00e1 a punto de morir, pues he encontrado que tus obras no son perfectas ante mi Dios. Haz memoria de lo que has recibido y o\u00eddo, y ponlo en pr\u00e1ctica y arrepi\u00e9ntete. Si no te mantienes vigilante, cuando menos lo esperes vendr\u00e9 sobre ti como un ladr\u00f3n. Pero &hellip; <a href=\"http:\/\/damas.laiglesiadelacomunidad.com\/?p=5454\" class=\"more-link\">Continue reading <span class=\"screen-reader-text\">Vers\u00edculos para Meditar<\/span> <span class=\"meta-nav\">&rarr;<\/span><\/a><\/p>\n","protected":false},"author":2,"featured_media":0,"comment_status":"open","ping_status":"open","sticky":false,"template":"","format":"standard","meta":{"footnotes":""},"categories":[5],"tags":[],"_links":{"self":[{"href":"http:\/\/damas.laiglesiadelacomunidad.com\/index.php?rest_route=\/wp\/v2\/posts\/5454"}],"collection":[{"href":"http:\/\/damas.laiglesiadelacomunidad.com\/index.php?rest_route=\/wp\/v2\/posts"}],"about":[{"href":"http:\/\/damas.laiglesiadelacomunidad.com\/index.php?rest_route=\/wp\/v2\/types\/post"}],"author":[{"embeddable":true,"href":"http:\/\/damas.laiglesiadelacomunidad.com\/index.php?rest_route=\/wp\/v2\/users\/2"}],"replies":[{"embeddable":true,"href":"http:\/\/damas.laiglesiadelacomunidad.com\/index.php?rest_route=%2Fwp%2Fv2%2Fcomments&post=5454"}],"version-history":[{"count":1,"href":"http:\/\/damas.laiglesiadelacomunidad.com\/index.php?rest_route=\/wp\/v2\/posts\/5454\/revisions"}],"predecessor-version":[{"id":5455,"href":"http:\/\/damas.laiglesiadelacomunidad.com\/index.php?rest_route=\/wp\/v2\/posts\/5454\/revisions\/5455"}],"wp:attachment":[{"href":"http:\/\/damas.laiglesiadelacomunidad.com\/index.php?rest_route=%2Fwp%2Fv2%2Fmedia&parent=5454"}],"wp:term":[{"taxonomy":"category","embeddable":true,"href":"http:\/\/damas.laiglesiadelacomunidad.com\/index.php?rest_route=%2Fwp%2Fv2%2Fcategories&post=5454"},{"taxonomy":"post_tag","embeddable":true,"href":"http:\/\/damas.laiglesiadelacomunidad.com\/index.php?rest_route=%2Fwp%2Fv2%2Ftags&post=5454"}],"curies":[{"name":"wp","href":"https:\/\/api.w.org\/{rel}","templated":true}]}}