{"id":5450,"date":"2014-11-28T00:48:31","date_gmt":"2014-11-28T06:48:31","guid":{"rendered":"http:\/\/damas.laiglesiadelacomunidad.com\/?p=5450"},"modified":"2014-11-28T00:48:31","modified_gmt":"2014-11-28T06:48:31","slug":"versiculos-para-meditar-65","status":"publish","type":"post","link":"http:\/\/damas.laiglesiadelacomunidad.com\/?p=5450","title":{"rendered":"Vers\u00edculos para Meditar"},"content":{"rendered":"<p>Cuiden de la grey de Dios, que est\u00e1 bajo su cuidado. Pero h\u00e1ganlo de manera voluntaria y con el deseo de servir, y no por obligaci\u00f3n ni por el mero af\u00e1n de lucro. No traten a la grey como si ustedes fueran sus amos. Al contrario, s\u00edrvanle de ejemplo. As\u00ed, cuando se manifieste el Pr\u00edncipe de los pastores, ustedes recibir\u00e1n la corona incorruptible de gloria. (\u202d1 Pedro\u202c \u202d5\u202c:\u202d2-4\u202c RVC)<\/p>\n","protected":false},"excerpt":{"rendered":"<p>Cuiden de la grey de Dios, que est\u00e1 bajo su cuidado. Pero h\u00e1ganlo de manera voluntaria y con el deseo de servir, y no por obligaci\u00f3n ni por el mero af\u00e1n de lucro. No traten a la grey como si ustedes fueran sus amos. Al contrario, s\u00edrvanle de ejemplo. As\u00ed, cuando se manifieste el Pr\u00edncipe &hellip; <a href=\"http:\/\/damas.laiglesiadelacomunidad.com\/?p=5450\" class=\"more-link\">Continue reading <span class=\"screen-reader-text\">Vers\u00edculos para Meditar<\/span> <span class=\"meta-nav\">&rarr;<\/span><\/a><\/p>\n","protected":false},"author":2,"featured_media":0,"comment_status":"open","ping_status":"open","sticky":false,"template":"","format":"status","meta":{"footnotes":""},"categories":[5],"tags":[],"_links":{"self":[{"href":"http:\/\/damas.laiglesiadelacomunidad.com\/index.php?rest_route=\/wp\/v2\/posts\/5450"}],"collection":[{"href":"http:\/\/damas.laiglesiadelacomunidad.com\/index.php?rest_route=\/wp\/v2\/posts"}],"about":[{"href":"http:\/\/damas.laiglesiadelacomunidad.com\/index.php?rest_route=\/wp\/v2\/types\/post"}],"author":[{"embeddable":true,"href":"http:\/\/damas.laiglesiadelacomunidad.com\/index.php?rest_route=\/wp\/v2\/users\/2"}],"replies":[{"embeddable":true,"href":"http:\/\/damas.laiglesiadelacomunidad.com\/index.php?rest_route=%2Fwp%2Fv2%2Fcomments&post=5450"}],"version-history":[{"count":1,"href":"http:\/\/damas.laiglesiadelacomunidad.com\/index.php?rest_route=\/wp\/v2\/posts\/5450\/revisions"}],"predecessor-version":[{"id":5451,"href":"http:\/\/damas.laiglesiadelacomunidad.com\/index.php?rest_route=\/wp\/v2\/posts\/5450\/revisions\/5451"}],"wp:attachment":[{"href":"http:\/\/damas.laiglesiadelacomunidad.com\/index.php?rest_route=%2Fwp%2Fv2%2Fmedia&parent=5450"}],"wp:term":[{"taxonomy":"category","embeddable":true,"href":"http:\/\/damas.laiglesiadelacomunidad.com\/index.php?rest_route=%2Fwp%2Fv2%2Fcategories&post=5450"},{"taxonomy":"post_tag","embeddable":true,"href":"http:\/\/damas.laiglesiadelacomunidad.com\/index.php?rest_route=%2Fwp%2Fv2%2Ftags&post=5450"}],"curies":[{"name":"wp","href":"https:\/\/api.w.org\/{rel}","templated":true}]}}