{"id":5422,"date":"2014-11-23T23:54:51","date_gmt":"2014-11-24T05:54:51","guid":{"rendered":"http:\/\/damas.laiglesiadelacomunidad.com\/?p=5422"},"modified":"2014-11-24T00:09:06","modified_gmt":"2014-11-24T06:09:06","slug":"reunion-23-de-nov-2014","status":"publish","type":"post","link":"http:\/\/damas.laiglesiadelacomunidad.com\/?p=5422","title":{"rendered":"Reuni\u00f3n 23 de Nov. 2014"},"content":{"rendered":"<p>Gracias Se\u00f1or por tan linda noche, gracias por toda la visitas que tuvimos hoy, gracias por siempre darnos voluntarios que ayudan a crear el ambiente donde te podemos adorar y escuchar la palabra, gracias por las personas fieles que has puesto en esta obra, que trabajan ardu\u00f3 antes y despu\u00e9s del servicio y durante la semana.<\/p>\n<p>Hoy vimos un tema muy importante para toda la humanidad, especialmente para los que estan buscando a Dios y para los que le seguimos. Estamos estudiando la vida de Jes\u00fas seg\u00fan el evangelio de Mateo, el tema de hoy fue; <strong>&#8220;EL poder del Espir\u00edtu Santo&#8221;,\u00a0<\/strong>La idea grande de hoy fue; <strong>&#8220;El Esp\u00edritu de Dios llena a los hijos de Dios&#8221;<\/strong>, como vimos hoy a veces vivimos vidas como cristianos de &#8220;no se puede&#8221; pensamos que no tenemos la capacidad de hablar, o no tenemos las fuerzas de ayudar, sentimos lejos de Dios o no sentimos una conexi\u00f3n con Dios. Puede que todo eso sea cierto, pero como vimos hoy, Jes\u00fas despu\u00e9s de morir nos dej\u00f3 a una gran gu\u00eda con mucho poder, \u00a0el Esp\u00edritu Santo, ese mismo Esp\u00edritu que recibi\u00f3 Jes\u00fas en su bautizmo y que lo salv\u00f3 de caer en tentaci\u00f3n en el desierto y antes de morir, el mismo poder que lo resucit\u00f3.<\/p>\n<p>\u00c9l nos dejo su Esp\u00edritu Santo que act\u00faa en nosotros y que llega a morar en nosotros cuando tomamos la decisi\u00f3n de arrepentirnos y bautizarnos y \u00c9l es el que nos da la fuerza para vivir como Jes\u00fas viv\u00eda, nos da las palabras para hablar y saber que decir, \u00c9l nos da \u00e1nimo de trabajar y es nuestra conexi\u00f3n permanente al Padre.<\/p>\n<p><span class=\"text Matt-3-13\"><sup class=\"versenum\">\u00a0<\/sup><em><strong>Jes\u00fas fue de Galilea al Jord\u00e1n, donde estaba Juan, para ser bautizado por \u00e9l.<\/strong><\/em><\/span><em><strong> <span id=\"es-RVC-23208\" class=\"text Matt-3-14\">Pero Juan se le opon\u00eda, diciendo: \u00abYo necesito ser bautizado por ti, \u00bfy t\u00fa vienes a m\u00ed?\u00bb<\/span> <span id=\"es-RVC-23209\" class=\"text Matt-3-15\">Jes\u00fas le respondi\u00f3: \u00abPor ahora, d\u00e9jalo as\u00ed, porque conviene que cumplamos toda justicia.\u00bb Entonces Juan acept\u00f3.<\/span> <span id=\"es-RVC-23210\" class=\"text Matt-3-16\"><sup class=\"versenum\">\u00a0<\/sup>Despu\u00e9s de ser bautizado, Jes\u00fas sali\u00f3 del agua. Entonces los cielos se abrieron y \u00e9l vio al Esp\u00edritu de Dios, que descend\u00eda como paloma y se posaba sobre \u00e9l.<\/span> <span id=\"es-RVC-23211\" class=\"text Matt-3-17\">Desde los cielos se oy\u00f3 entonces una voz, que dec\u00eda: \u00ab\u00c9ste es mi Hijo amado, en quien me complazco.\u00bb\u00a0<\/span><\/strong><\/em><span id=\"es-RVC-23211\" class=\"text Matt-3-17\"><\/span><span id=\"es-RVC-23211\" class=\"text Matt-3-17\">Mateo 3:13-17<\/span><\/p>\n<p><em><strong><span id=\"es-RVC-26989\" class=\"text Acts-2-38\">Y Pedro les dijo: \u00abArrepi\u00e9ntanse, y baut\u00edcense todos ustedes en el nombre de Jesucristo, para que sus pecados les sean perdonados. Entonces recibir\u00e1n el don del Esp\u00edritu Santo.<\/span> <span id=\"es-RVC-26990\" class=\"text Acts-2-39\">Porque la promesa es para ustedes y para sus hijos, para todos los que est\u00e1n lejos, y para todos aquellos a quienes el Se\u00f1or nuestro Dios llame.\u00bb\u00a0<\/span><\/strong><\/em><span id=\"es-RVC-26990\" class=\"text Acts-2-39\">Hechos 2:38-38<\/span><\/p>\n<p><em><strong>Y si el Esp\u00edritu de aquel que levant\u00f3 de los muertos a Jes\u00fas vive en ustedes, el que levant\u00f3 de los muertos a Cristo Jes\u00fas tambi\u00e9n dar\u00e1 vida a sus cuerpos mortales por medio de su Esp\u00edritu que vive en ustedes.<\/strong><\/em> Romanos 8:11<\/p>\n<p>Gracias Se\u00f1or por todas las bendiciones que nos das, te pedimos Se\u00f1or que Tu Esp\u00edritu Santo nos siga guiando, nos mantenga unidas en la misi\u00f3n de alcanzar a las que estan lejos de Ti y ayudarles a tomar la decisi\u00f3n de seguirte y entregar su vida a Ti y hacerte su Se\u00f1or y Salvador, te lo pedimos en nombre de Jesucristo nuestro Se\u00f1or, Am\u00e9n.<\/p>\n<p>Por favor sigan orando por Raulito y por la hija de Isa que Dios la cuide y le conseda un buen parto y si es su voluntad que la beb\u00e9 nazca bien sin complicaciones, Am\u00e9n.<\/p>\n<p>Que pasen una buena semana y un buen d\u00eda de Acci\u00f3n de Gracias.<\/p>\n<p>Dios las bendiga con buenas obras.<\/p>\n<p>Jackie C.<\/p>\n<p><a href=\"http:\/\/damas.laiglesiadelacomunidad.com\/wp-content\/uploads\/2014\/11\/IMG_1556.jpg\"><img decoding=\"async\" src=\"http:\/\/damas.laiglesiadelacomunidad.com\/wp-content\/uploads\/2014\/11\/IMG_1556.jpg\" alt=\"IMG_1556.JPG\" class=\"alignnone size-full\" \/><\/a><\/p>\n<p><a href=\"http:\/\/damas.laiglesiadelacomunidad.com\/wp-content\/uploads\/2014\/11\/IMG_1552.jpg\"><img decoding=\"async\" src=\"http:\/\/damas.laiglesiadelacomunidad.com\/wp-content\/uploads\/2014\/11\/IMG_1552.jpg\" alt=\"IMG_1552.JPG\" class=\"alignnone size-full\" \/><\/a><\/p>\n<p><a href=\"http:\/\/damas.laiglesiadelacomunidad.com\/wp-content\/uploads\/2014\/11\/IMG_1550.jpg\"><img decoding=\"async\" src=\"http:\/\/damas.laiglesiadelacomunidad.com\/wp-content\/uploads\/2014\/11\/IMG_1550.jpg\" alt=\"IMG_1550.JPG\" class=\"alignnone size-full\" \/><\/a><\/p>\n<p><a href=\"http:\/\/damas.laiglesiadelacomunidad.com\/wp-content\/uploads\/2014\/11\/IMG_1555.jpg\"><img decoding=\"async\" src=\"http:\/\/damas.laiglesiadelacomunidad.com\/wp-content\/uploads\/2014\/11\/IMG_1555.jpg\" alt=\"IMG_1555.JPG\" class=\"alignnone size-full\" \/><\/a><\/p>\n<p><a href=\"http:\/\/damas.laiglesiadelacomunidad.com\/wp-content\/uploads\/2014\/11\/IMG_1549.jpg\"><img decoding=\"async\" src=\"http:\/\/damas.laiglesiadelacomunidad.com\/wp-content\/uploads\/2014\/11\/IMG_1549.jpg\" alt=\"IMG_1549.JPG\" class=\"alignnone size-full\" \/><\/a><\/p>\n<p><a href=\"http:\/\/damas.laiglesiadelacomunidad.com\/wp-content\/uploads\/2014\/11\/IMG_1547.jpg\"><img decoding=\"async\" src=\"http:\/\/damas.laiglesiadelacomunidad.com\/wp-content\/uploads\/2014\/11\/IMG_1547.jpg\" alt=\"IMG_1547.JPG\" class=\"alignnone size-full\" \/><\/a><\/p>\n<p><a href=\"http:\/\/damas.laiglesiadelacomunidad.com\/wp-content\/uploads\/2014\/11\/IMG_1546.jpg\"><img decoding=\"async\" src=\"http:\/\/damas.laiglesiadelacomunidad.com\/wp-content\/uploads\/2014\/11\/IMG_1546.jpg\" alt=\"IMG_1546.JPG\" class=\"alignnone size-full\" \/><\/a><\/p>\n<p><a href=\"http:\/\/damas.laiglesiadelacomunidad.com\/wp-content\/uploads\/2014\/11\/IMG_1548.jpg\"><img decoding=\"async\" src=\"http:\/\/damas.laiglesiadelacomunidad.com\/wp-content\/uploads\/2014\/11\/IMG_1548.jpg\" alt=\"IMG_1548.JPG\" class=\"alignnone size-full\" \/><\/a><\/p>\n<p><a href=\"http:\/\/damas.laiglesiadelacomunidad.com\/wp-content\/uploads\/2014\/11\/IMG_1545.jpg\"><img decoding=\"async\" src=\"http:\/\/damas.laiglesiadelacomunidad.com\/wp-content\/uploads\/2014\/11\/IMG_1545.jpg\" alt=\"IMG_1545.JPG\" class=\"alignnone size-full\" \/><\/a><\/p>\n<p><a href=\"http:\/\/damas.laiglesiadelacomunidad.com\/wp-content\/uploads\/2014\/11\/IMG_1541.jpg\"><img decoding=\"async\" src=\"http:\/\/damas.laiglesiadelacomunidad.com\/wp-content\/uploads\/2014\/11\/IMG_1541.jpg\" alt=\"IMG_1541.JPG\" class=\"alignnone size-full\" \/><\/a><\/p>\n<p><a href=\"http:\/\/damas.laiglesiadelacomunidad.com\/wp-content\/uploads\/2014\/11\/IMG_1544.jpg\"><img decoding=\"async\" src=\"http:\/\/damas.laiglesiadelacomunidad.com\/wp-content\/uploads\/2014\/11\/IMG_1544.jpg\" alt=\"IMG_1544.JPG\" class=\"alignnone size-full\" \/><\/a><\/p>\n<p><a href=\"http:\/\/damas.laiglesiadelacomunidad.com\/wp-content\/uploads\/2014\/11\/IMG_1543.jpg\"><img decoding=\"async\" src=\"http:\/\/damas.laiglesiadelacomunidad.com\/wp-content\/uploads\/2014\/11\/IMG_1543.jpg\" alt=\"IMG_1543.JPG\" class=\"alignnone size-full\" \/><\/a><\/p>\n<p><a href=\"http:\/\/damas.laiglesiadelacomunidad.com\/wp-content\/uploads\/2014\/11\/IMG_1534.jpg\"><img decoding=\"async\" src=\"http:\/\/damas.laiglesiadelacomunidad.com\/wp-content\/uploads\/2014\/11\/IMG_1534.jpg\" alt=\"IMG_1534.JPG\" class=\"alignnone size-full\" \/><\/a><\/p>\n<p><a href=\"http:\/\/damas.laiglesiadelacomunidad.com\/wp-content\/uploads\/2014\/11\/IMG_1535.jpg\"><img decoding=\"async\" src=\"http:\/\/damas.laiglesiadelacomunidad.com\/wp-content\/uploads\/2014\/11\/IMG_1535.jpg\" alt=\"IMG_1535.JPG\" class=\"alignnone size-full\" \/><\/a><\/p>\n<p><a href=\"http:\/\/damas.laiglesiadelacomunidad.com\/wp-content\/uploads\/2014\/11\/IMG_1539.jpg\"><img decoding=\"async\" src=\"http:\/\/damas.laiglesiadelacomunidad.com\/wp-content\/uploads\/2014\/11\/IMG_1539.jpg\" alt=\"IMG_1539.JPG\" class=\"alignnone size-full\" \/><\/a><\/p>\n<p><a href=\"http:\/\/damas.laiglesiadelacomunidad.com\/wp-content\/uploads\/2014\/11\/IMG_1538.jpg\"><img decoding=\"async\" src=\"http:\/\/damas.laiglesiadelacomunidad.com\/wp-content\/uploads\/2014\/11\/IMG_1538.jpg\" alt=\"IMG_1538.JPG\" class=\"alignnone size-full\" \/><\/a><\/p>\n<p><a href=\"http:\/\/damas.laiglesiadelacomunidad.com\/wp-content\/uploads\/2014\/11\/IMG_1533.jpg\"><img decoding=\"async\" src=\"http:\/\/damas.laiglesiadelacomunidad.com\/wp-content\/uploads\/2014\/11\/IMG_1533.jpg\" alt=\"IMG_1533.JPG\" class=\"alignnone size-full\" \/><\/a><\/p>\n<p><a href=\"http:\/\/damas.laiglesiadelacomunidad.com\/wp-content\/uploads\/2014\/11\/IMG_1527.jpg\"><img decoding=\"async\" src=\"http:\/\/damas.laiglesiadelacomunidad.com\/wp-content\/uploads\/2014\/11\/IMG_1527.jpg\" alt=\"IMG_1527.JPG\" class=\"alignnone size-full\" \/><\/a><\/p>\n<p><a href=\"http:\/\/damas.laiglesiadelacomunidad.com\/wp-content\/uploads\/2014\/11\/IMG_1531.jpg\"><img decoding=\"async\" src=\"http:\/\/damas.laiglesiadelacomunidad.com\/wp-content\/uploads\/2014\/11\/IMG_1531.jpg\" alt=\"IMG_1531.JPG\" class=\"alignnone size-full\" \/><\/a><\/p>\n<p><a href=\"http:\/\/damas.laiglesiadelacomunidad.com\/wp-content\/uploads\/2014\/11\/IMG_1528.jpg\"><img decoding=\"async\" src=\"http:\/\/damas.laiglesiadelacomunidad.com\/wp-content\/uploads\/2014\/11\/IMG_1528.jpg\" alt=\"IMG_1528.JPG\" class=\"alignnone size-full\" \/><\/a><\/p>\n<p><a href=\"http:\/\/damas.laiglesiadelacomunidad.com\/wp-content\/uploads\/2014\/11\/IMG_1558.jpg\"><img decoding=\"async\" src=\"http:\/\/damas.laiglesiadelacomunidad.com\/wp-content\/uploads\/2014\/11\/IMG_1558.jpg\" alt=\"IMG_1558.JPG\" class=\"alignnone size-full\" \/><\/a><\/p>\n","protected":false},"excerpt":{"rendered":"<p>Gracias Se\u00f1or por tan linda noche, gracias por toda la visitas que tuvimos hoy, gracias por siempre darnos voluntarios que ayudan a crear el ambiente donde te podemos adorar y escuchar la palabra, gracias por las personas fieles que has puesto en esta obra, que trabajan ardu\u00f3 antes y despu\u00e9s del servicio y durante la &hellip; <a href=\"http:\/\/damas.laiglesiadelacomunidad.com\/?p=5422\" class=\"more-link\">Continue reading <span class=\"screen-reader-text\">Reuni\u00f3n 23 de Nov. 2014<\/span> <span class=\"meta-nav\">&rarr;<\/span><\/a><\/p>\n","protected":false},"author":2,"featured_media":0,"comment_status":"open","ping_status":"open","sticky":false,"template":"","format":"standard","meta":{"footnotes":""},"categories":[7],"tags":[],"_links":{"self":[{"href":"http:\/\/damas.laiglesiadelacomunidad.com\/index.php?rest_route=\/wp\/v2\/posts\/5422"}],"collection":[{"href":"http:\/\/damas.laiglesiadelacomunidad.com\/index.php?rest_route=\/wp\/v2\/posts"}],"about":[{"href":"http:\/\/damas.laiglesiadelacomunidad.com\/index.php?rest_route=\/wp\/v2\/types\/post"}],"author":[{"embeddable":true,"href":"http:\/\/damas.laiglesiadelacomunidad.com\/index.php?rest_route=\/wp\/v2\/users\/2"}],"replies":[{"embeddable":true,"href":"http:\/\/damas.laiglesiadelacomunidad.com\/index.php?rest_route=%2Fwp%2Fv2%2Fcomments&post=5422"}],"version-history":[{"count":3,"href":"http:\/\/damas.laiglesiadelacomunidad.com\/index.php?rest_route=\/wp\/v2\/posts\/5422\/revisions"}],"predecessor-version":[{"id":5446,"href":"http:\/\/damas.laiglesiadelacomunidad.com\/index.php?rest_route=\/wp\/v2\/posts\/5422\/revisions\/5446"}],"wp:attachment":[{"href":"http:\/\/damas.laiglesiadelacomunidad.com\/index.php?rest_route=%2Fwp%2Fv2%2Fmedia&parent=5422"}],"wp:term":[{"taxonomy":"category","embeddable":true,"href":"http:\/\/damas.laiglesiadelacomunidad.com\/index.php?rest_route=%2Fwp%2Fv2%2Fcategories&post=5422"},{"taxonomy":"post_tag","embeddable":true,"href":"http:\/\/damas.laiglesiadelacomunidad.com\/index.php?rest_route=%2Fwp%2Fv2%2Ftags&post=5422"}],"curies":[{"name":"wp","href":"https:\/\/api.w.org\/{rel}","templated":true}]}}