{"id":5420,"date":"2014-11-23T11:24:36","date_gmt":"2014-11-23T17:24:36","guid":{"rendered":"http:\/\/damas.laiglesiadelacomunidad.com\/?p=5420"},"modified":"2014-11-23T11:24:36","modified_gmt":"2014-11-23T17:24:36","slug":"versiculos-para-meditar-64","status":"publish","type":"post","link":"http:\/\/damas.laiglesiadelacomunidad.com\/?p=5420","title":{"rendered":"Vers\u00edculos para Meditar"},"content":{"rendered":"<p>Pero no olviden, amados hermanos, que para el Se\u00f1or un d\u00eda es como mil a\u00f1os, y mil a\u00f1os como un d\u00eda. El Se\u00f1or no se tarda para cumplir su promesa, como algunos piensan, sino que nos tiene paciencia y no quiere que ninguno se pierda, sino que todos se vuelvan a \u00e9l. Pero el d\u00eda del Se\u00f1or llegar\u00e1 como un ladr\u00f3n en la noche. Ese d\u00eda los cielos desaparecer\u00e1n en medio de un gran estruendo, y los elementos arder\u00e1n y ser\u00e1n reducidos a cenizas, y la tierra y todo lo que en ella se ha hecho ser\u00e1 quemado. Puesto que todo ser\u00e1 deshecho, ustedes deben vivir una vida santa y dedicada a Dios, y esperar con ansias la venida del d\u00eda de Dios. Ese d\u00eda los cielos ser\u00e1n deshechos por el fuego, y los elementos se fundir\u00e1n por el calor de las llamas. Pero, seg\u00fan sus promesas, nosotros esperamos un cielo nuevo y una tierra nueva, donde reinar\u00e1 la justicia. (\u202d2 Pedro\u202c \u202d3\u202c:\u202d8-13\u202c RVC)<\/p>\n","protected":false},"excerpt":{"rendered":"<p>Pero no olviden, amados hermanos, que para el Se\u00f1or un d\u00eda es como mil a\u00f1os, y mil a\u00f1os como un d\u00eda. El Se\u00f1or no se tarda para cumplir su promesa, como algunos piensan, sino que nos tiene paciencia y no quiere que ninguno se pierda, sino que todos se vuelvan a \u00e9l. Pero el d\u00eda &hellip; <a href=\"http:\/\/damas.laiglesiadelacomunidad.com\/?p=5420\" class=\"more-link\">Continue reading <span class=\"screen-reader-text\">Vers\u00edculos para Meditar<\/span> <span class=\"meta-nav\">&rarr;<\/span><\/a><\/p>\n","protected":false},"author":2,"featured_media":0,"comment_status":"open","ping_status":"open","sticky":false,"template":"","format":"chat","meta":{"footnotes":""},"categories":[5],"tags":[],"_links":{"self":[{"href":"http:\/\/damas.laiglesiadelacomunidad.com\/index.php?rest_route=\/wp\/v2\/posts\/5420"}],"collection":[{"href":"http:\/\/damas.laiglesiadelacomunidad.com\/index.php?rest_route=\/wp\/v2\/posts"}],"about":[{"href":"http:\/\/damas.laiglesiadelacomunidad.com\/index.php?rest_route=\/wp\/v2\/types\/post"}],"author":[{"embeddable":true,"href":"http:\/\/damas.laiglesiadelacomunidad.com\/index.php?rest_route=\/wp\/v2\/users\/2"}],"replies":[{"embeddable":true,"href":"http:\/\/damas.laiglesiadelacomunidad.com\/index.php?rest_route=%2Fwp%2Fv2%2Fcomments&post=5420"}],"version-history":[{"count":1,"href":"http:\/\/damas.laiglesiadelacomunidad.com\/index.php?rest_route=\/wp\/v2\/posts\/5420\/revisions"}],"predecessor-version":[{"id":5421,"href":"http:\/\/damas.laiglesiadelacomunidad.com\/index.php?rest_route=\/wp\/v2\/posts\/5420\/revisions\/5421"}],"wp:attachment":[{"href":"http:\/\/damas.laiglesiadelacomunidad.com\/index.php?rest_route=%2Fwp%2Fv2%2Fmedia&parent=5420"}],"wp:term":[{"taxonomy":"category","embeddable":true,"href":"http:\/\/damas.laiglesiadelacomunidad.com\/index.php?rest_route=%2Fwp%2Fv2%2Fcategories&post=5420"},{"taxonomy":"post_tag","embeddable":true,"href":"http:\/\/damas.laiglesiadelacomunidad.com\/index.php?rest_route=%2Fwp%2Fv2%2Ftags&post=5420"}],"curies":[{"name":"wp","href":"https:\/\/api.w.org\/{rel}","templated":true}]}}