{"id":5406,"date":"2014-11-20T00:21:53","date_gmt":"2014-11-20T06:21:53","guid":{"rendered":"http:\/\/damas.laiglesiadelacomunidad.com\/?p=5406"},"modified":"2014-11-20T00:27:41","modified_gmt":"2014-11-20T06:27:41","slug":"estudio-20-de-nov-2014","status":"publish","type":"post","link":"http:\/\/damas.laiglesiadelacomunidad.com\/?p=5406","title":{"rendered":"Estudio 19 de Nov. 2014"},"content":{"rendered":"<p>Gracias Se\u00f1or por tan linda noche y por tran buena noche de estudio, gracias a todas por sus preguntas, por sus comentarios, por sus testimonios, por compartir su vida en \u00e9sta comunidad.<\/p>\n<p>Hoy hablamos de todo un poco \ud83d\ude42 pero el tema principal fue<strong> &#8220;Llevar a otros a Jes\u00fas&#8221;<\/strong> y la idea principal fue <strong>&#8220;La tarea principal del seguidor de Jes\u00fas es llevar a\u00a0otros a \u00c9l&#8221;<\/strong>, hoy vimos varios ejemplos de como los apostoles y discipulos de nuestro Se\u00f1or ense\u00f1aban el evangelio no importando en que lugar estaban, si se los prohibian o no, si estaban en peligro o si podr\u00edan sufrir persecusi\u00f3n, castigos, azotes y hasta tiempo en la c\u00e1rcel. No importaba el c\u00f3mo, cu\u00e1ndo, donde y las consecuencias ellos predicaban el evangelio.<\/p>\n<p>Dios nos pide lo mismo a nosotras, vimos que no importa quienes somos, si hemos tomado la decisi\u00f3n de seguir a Jes\u00fas nuestra misi\u00f3n es ayudar a otros a conocerle, Dios nos ha equipado con Su palabra y con Su esp\u00edritu Santo para hacer esta trabajo tan grande que nos encomendo.<\/p>\n<p><strong>Pero cuando venga sobre ustedes el Esp\u00edritu Santo recibir\u00e1n poder, y ser\u00e1n mis testigos en Jerusal\u00e9n, en Judea, en Samaria, y hasta lo \u00faltimo de la tierra.\u00bb\u00a0<\/strong>Hechos 1:8<\/p>\n<p><strong><span id=\"es-RVC-26989\" class=\"text Acts-2-38\">Y Pedro les dijo: \u00abArrepi\u00e9ntanse, y baut\u00edcense todos ustedes en el nombre de Jesucristo, para que sus pecados les sean perdonados. Entonces recibir\u00e1n el don del Esp\u00edritu Santo.<\/span> <span id=\"es-RVC-26990\" class=\"text Acts-2-39\">Porque la promesa es para ustedes y para sus hijos, para todos los que est\u00e1n lejos, y para todos aquellos a quienes el Se\u00f1or nuestro Dios llame.\u00bb<\/span> <span id=\"es-RVC-26991\" class=\"text Acts-2-40\"><sup class=\"versenum\">\u00a0<\/sup>Y con muchas otras palabras les hablaba y los animaba. Les dec\u00eda: \u00abP\u00f3nganse a salvo de esta generaci\u00f3n perversa.\u00bb\u00a0<\/span><\/strong><span id=\"es-RVC-26991\" class=\"text Acts-2-40\">Hechos 2:38-40<\/span><\/p>\n<p><strong><span id=\"es-RVC-27053\" class=\"text Acts-4-29\">Ahora, Se\u00f1or, mira sus amenazas, y concede a estos siervos tuyos proclamar tu palabra sin ning\u00fan temor.<\/span> <span id=\"es-RVC-27054\" class=\"text Acts-4-30\">Extiende tambi\u00e9n tu mano, y permite que se hagan sanidades y se\u00f1ales y prodigios en el nombre de tu santo Hijo Jes\u00fas.\u00bb<\/span> <\/strong><span id=\"es-RVC-27055\" class=\"text Acts-4-31\"><strong><sup class=\"versenum\">\u00a0<\/sup>Cuando terminaron de orar, el lugar donde estaban congregados se sacudi\u00f3, y todos fueron llenos del Esp\u00edritu Santo y proclamaban la palabra de Dios sin ning\u00fan temor.<\/strong> Hechos 4:29-31<\/span><\/p>\n<p><strong><span id=\"es-RVC-27498\" class=\"text Acts-16-13\">Un d\u00eda de reposo salimos de la ciudad y llegamos al r\u00edo, donde se hac\u00eda la oraci\u00f3n; all\u00ed nos sentamos y trabamos conversaci\u00f3n con las mujeres all\u00ed reunidas.<\/span> <span id=\"es-RVC-27499\" class=\"text Acts-16-14\"><sup class=\"versenum\">14\u00a0<\/sup>Entre las que nos o\u00edan estaba una mujer llamada Lidia, que vend\u00eda telas de p\u00farpura en la ciudad de Tiatira. Lidia adoraba a Dios, y el Se\u00f1or toc\u00f3 su coraz\u00f3n para que diera cabida a lo que Pablo dec\u00eda.<\/span><\/strong><span id=\"es-RVC-27500\" class=\"text Acts-16-15\"><strong><sup class=\"versenum\">15\u00a0<\/sup>Cuando ella y su familia fueron bautizadas, suplicante nos dijo: \u00abSi ustedes consideran que soy fiel al Se\u00f1or, vengan a mi casa y hosp\u00e9dense all\u00ed.\u00bb Y nos sentimos obligados a quedarnos all\u00ed.<\/strong> Hechos 16:11-15<\/span><\/p>\n<p>Se\u00f1or gracias por el \u00e1nimos que nos has dado \u00e9sta noche, te pedimos que nos des el valor de hablar de Ti a cada persona que Tu pongas en nuestra vida, y si es tu voluntad salvalas, te lo pedimos en nombre de Jesucristo nuestro Se\u00f1or y Salvador, Am\u00e9n.<\/p>\n<p>Las quiero mucho chicas, por favor oremos las unas por las otras, para que pase lo que pase nos mantengamos firmes en nuestra fe.<\/p>\n<p>Dios las bendiga;<\/p>\n<p>Jackie C.<\/p>\n<p><a href=\"http:\/\/damas.laiglesiadelacomunidad.com\/wp-content\/uploads\/2014\/11\/IMG_1496.jpg\"><img decoding=\"async\" class=\"alignnone size-full\" src=\"http:\/\/damas.laiglesiadelacomunidad.com\/wp-content\/uploads\/2014\/11\/IMG_1496.jpg\" alt=\"IMG_1496.JPG\" \/><\/a><\/p>\n<p><a href=\"http:\/\/damas.laiglesiadelacomunidad.com\/wp-content\/uploads\/2014\/11\/IMG_1495.jpg\"><img decoding=\"async\" class=\"alignnone size-full\" src=\"http:\/\/damas.laiglesiadelacomunidad.com\/wp-content\/uploads\/2014\/11\/IMG_1495.jpg\" alt=\"IMG_1495.JPG\" \/><\/a><\/p>\n<p><a href=\"http:\/\/damas.laiglesiadelacomunidad.com\/wp-content\/uploads\/2014\/11\/IMG_1494.jpg\"><img decoding=\"async\" class=\"alignnone size-full\" src=\"http:\/\/damas.laiglesiadelacomunidad.com\/wp-content\/uploads\/2014\/11\/IMG_1494.jpg\" alt=\"IMG_1494.JPG\" \/><\/a><\/p>\n<p><a href=\"http:\/\/damas.laiglesiadelacomunidad.com\/wp-content\/uploads\/2014\/11\/IMG_1498.jpg\"><img decoding=\"async\" class=\"alignnone size-full\" src=\"http:\/\/damas.laiglesiadelacomunidad.com\/wp-content\/uploads\/2014\/11\/IMG_1498.jpg\" alt=\"IMG_1498.JPG\" \/><\/a><\/p>\n<p><a href=\"http:\/\/damas.laiglesiadelacomunidad.com\/wp-content\/uploads\/2014\/11\/IMG_1507.jpg\"><img decoding=\"async\" class=\"alignnone size-full\" src=\"http:\/\/damas.laiglesiadelacomunidad.com\/wp-content\/uploads\/2014\/11\/IMG_1507.jpg\" alt=\"IMG_1507.JPG\" \/><\/a><\/p>\n<p><a href=\"http:\/\/damas.laiglesiadelacomunidad.com\/wp-content\/uploads\/2014\/11\/IMG_1501.jpg\"><img decoding=\"async\" class=\"alignnone size-full\" src=\"http:\/\/damas.laiglesiadelacomunidad.com\/wp-content\/uploads\/2014\/11\/IMG_1501.jpg\" alt=\"IMG_1501.JPG\" \/><\/a><\/p>\n<p><a href=\"http:\/\/damas.laiglesiadelacomunidad.com\/wp-content\/uploads\/2014\/11\/IMG_1502.jpg\"><img decoding=\"async\" class=\"alignnone size-full\" src=\"http:\/\/damas.laiglesiadelacomunidad.com\/wp-content\/uploads\/2014\/11\/IMG_1502.jpg\" alt=\"IMG_1502.JPG\" \/><\/a><\/p>\n<p><a href=\"http:\/\/damas.laiglesiadelacomunidad.com\/wp-content\/uploads\/2014\/11\/IMG_1503.jpg\"><img decoding=\"async\" class=\"alignnone size-full\" src=\"http:\/\/damas.laiglesiadelacomunidad.com\/wp-content\/uploads\/2014\/11\/IMG_1503.jpg\" alt=\"IMG_1503.JPG\" \/><\/a><\/p>\n","protected":false},"excerpt":{"rendered":"<p>Gracias Se\u00f1or por tan linda noche y por tran buena noche de estudio, gracias a todas por sus preguntas, por sus comentarios, por sus testimonios, por compartir su vida en \u00e9sta comunidad. Hoy hablamos de todo un poco \ud83d\ude42 pero el tema principal fue &#8220;Llevar a otros a Jes\u00fas&#8221; y la idea principal fue &#8220;La &hellip; <a href=\"http:\/\/damas.laiglesiadelacomunidad.com\/?p=5406\" class=\"more-link\">Continue reading <span class=\"screen-reader-text\">Estudio 19 de Nov. 2014<\/span> <span class=\"meta-nav\">&rarr;<\/span><\/a><\/p>\n","protected":false},"author":2,"featured_media":0,"comment_status":"open","ping_status":"open","sticky":false,"template":"","format":"gallery","meta":{"footnotes":""},"categories":[6],"tags":[],"_links":{"self":[{"href":"http:\/\/damas.laiglesiadelacomunidad.com\/index.php?rest_route=\/wp\/v2\/posts\/5406"}],"collection":[{"href":"http:\/\/damas.laiglesiadelacomunidad.com\/index.php?rest_route=\/wp\/v2\/posts"}],"about":[{"href":"http:\/\/damas.laiglesiadelacomunidad.com\/index.php?rest_route=\/wp\/v2\/types\/post"}],"author":[{"embeddable":true,"href":"http:\/\/damas.laiglesiadelacomunidad.com\/index.php?rest_route=\/wp\/v2\/users\/2"}],"replies":[{"embeddable":true,"href":"http:\/\/damas.laiglesiadelacomunidad.com\/index.php?rest_route=%2Fwp%2Fv2%2Fcomments&post=5406"}],"version-history":[{"count":3,"href":"http:\/\/damas.laiglesiadelacomunidad.com\/index.php?rest_route=\/wp\/v2\/posts\/5406\/revisions"}],"predecessor-version":[{"id":5417,"href":"http:\/\/damas.laiglesiadelacomunidad.com\/index.php?rest_route=\/wp\/v2\/posts\/5406\/revisions\/5417"}],"wp:attachment":[{"href":"http:\/\/damas.laiglesiadelacomunidad.com\/index.php?rest_route=%2Fwp%2Fv2%2Fmedia&parent=5406"}],"wp:term":[{"taxonomy":"category","embeddable":true,"href":"http:\/\/damas.laiglesiadelacomunidad.com\/index.php?rest_route=%2Fwp%2Fv2%2Fcategories&post=5406"},{"taxonomy":"post_tag","embeddable":true,"href":"http:\/\/damas.laiglesiadelacomunidad.com\/index.php?rest_route=%2Fwp%2Fv2%2Ftags&post=5406"}],"curies":[{"name":"wp","href":"https:\/\/api.w.org\/{rel}","templated":true}]}}