{"id":5404,"date":"2014-11-18T09:11:59","date_gmt":"2014-11-18T15:11:59","guid":{"rendered":"http:\/\/damas.laiglesiadelacomunidad.com\/?p=5404"},"modified":"2014-11-18T09:11:59","modified_gmt":"2014-11-18T15:11:59","slug":"versiculos-para-meditar-62","status":"publish","type":"post","link":"http:\/\/damas.laiglesiadelacomunidad.com\/?p=5404","title":{"rendered":"Vers\u00edculos para Meditar"},"content":{"rendered":"<p>Dichoso aqu\u00e9l cuyo pecado es perdonado, y cuya maldad queda absuelta. Dichoso aquel a quien el Se\u00f1or ya no acusa de impiedad, y en el que no hay enga\u00f1o. Mientras call\u00e9, mis huesos envejecieron, pues todo el d\u00eda me quejaba. De d\u00eda y de noche me hiciste padecer; mi lozan\u00eda se volvi\u00f3 aridez de verano. Te confes\u00e9 mi pecado; no ocult\u00e9 mi maldad. Me dije: \u00abConfesar\u00e9 al Se\u00f1or mi rebeld\u00eda\u00bb, y t\u00fa perdonaste la maldad de mi pecado. Por eso, todos tus fieles orar\u00e1n a ti mientras puedas ser hallado. Aunque sufran una gran inundaci\u00f3n, las aguas no los alcanzar\u00e1n. \u00a1T\u00fa eres mi refugio! \u00a1T\u00fa me libras de la angustia! \u00a1T\u00fa me rodeas con c\u00e1nticos de libertad! (\u202dSalmos\u202c \u202d32\u202c:\u202d1-7\u202c RVC)<\/p>\n","protected":false},"excerpt":{"rendered":"<p>Dichoso aqu\u00e9l cuyo pecado es perdonado, y cuya maldad queda absuelta. Dichoso aquel a quien el Se\u00f1or ya no acusa de impiedad, y en el que no hay enga\u00f1o. Mientras call\u00e9, mis huesos envejecieron, pues todo el d\u00eda me quejaba. De d\u00eda y de noche me hiciste padecer; mi lozan\u00eda se volvi\u00f3 aridez de verano. &hellip; <a href=\"http:\/\/damas.laiglesiadelacomunidad.com\/?p=5404\" class=\"more-link\">Continue reading <span class=\"screen-reader-text\">Vers\u00edculos para Meditar<\/span> <span class=\"meta-nav\">&rarr;<\/span><\/a><\/p>\n","protected":false},"author":2,"featured_media":0,"comment_status":"open","ping_status":"open","sticky":false,"template":"","format":"standard","meta":{"footnotes":""},"categories":[1],"tags":[],"_links":{"self":[{"href":"http:\/\/damas.laiglesiadelacomunidad.com\/index.php?rest_route=\/wp\/v2\/posts\/5404"}],"collection":[{"href":"http:\/\/damas.laiglesiadelacomunidad.com\/index.php?rest_route=\/wp\/v2\/posts"}],"about":[{"href":"http:\/\/damas.laiglesiadelacomunidad.com\/index.php?rest_route=\/wp\/v2\/types\/post"}],"author":[{"embeddable":true,"href":"http:\/\/damas.laiglesiadelacomunidad.com\/index.php?rest_route=\/wp\/v2\/users\/2"}],"replies":[{"embeddable":true,"href":"http:\/\/damas.laiglesiadelacomunidad.com\/index.php?rest_route=%2Fwp%2Fv2%2Fcomments&post=5404"}],"version-history":[{"count":1,"href":"http:\/\/damas.laiglesiadelacomunidad.com\/index.php?rest_route=\/wp\/v2\/posts\/5404\/revisions"}],"predecessor-version":[{"id":5405,"href":"http:\/\/damas.laiglesiadelacomunidad.com\/index.php?rest_route=\/wp\/v2\/posts\/5404\/revisions\/5405"}],"wp:attachment":[{"href":"http:\/\/damas.laiglesiadelacomunidad.com\/index.php?rest_route=%2Fwp%2Fv2%2Fmedia&parent=5404"}],"wp:term":[{"taxonomy":"category","embeddable":true,"href":"http:\/\/damas.laiglesiadelacomunidad.com\/index.php?rest_route=%2Fwp%2Fv2%2Fcategories&post=5404"},{"taxonomy":"post_tag","embeddable":true,"href":"http:\/\/damas.laiglesiadelacomunidad.com\/index.php?rest_route=%2Fwp%2Fv2%2Ftags&post=5404"}],"curies":[{"name":"wp","href":"https:\/\/api.w.org\/{rel}","templated":true}]}}