{"id":5380,"date":"2014-11-16T22:54:56","date_gmt":"2014-11-17T04:54:56","guid":{"rendered":"http:\/\/damas.laiglesiadelacomunidad.com\/?p=5380"},"modified":"2014-11-17T11:38:39","modified_gmt":"2014-11-17T17:38:39","slug":"reunion-16-de-nov-2014","status":"publish","type":"post","link":"http:\/\/damas.laiglesiadelacomunidad.com\/?p=5380","title":{"rendered":"Reuni\u00f3n 16 de Nov. 2014"},"content":{"rendered":"<p>Gracias de nuevo Se\u00f1or por tan linda noche, gracias a las personas que nos vinieron a visitar, gracias a nuestros miembros que domingo a domingo preparan \u00e9ste ambiente tan lindo para poder congregarnos, escuchar la ense\u00f1anza y cantar alabanzas a nuestro Padre \ud83d\ude42 .<\/p>\n<p>Hoy seguimos estudiando <strong>La vida de Cristo seg\u00fan el Evangelio Mateo<\/strong>, Wow, como Dios nos ha hablado a trav\u00e9s de \u00e9ste libro, la idea principal fue: <strong>&#8220;La tarea principal del seguidor de Jes\u00fas es llevar a otros a \u00c9l&#8221;\u00a0<\/strong>hoy vimos una historia inspiradora, la historia de Juan el Bautista, un hombre que la Biblia describe como alguien muy humilde, pero con mucho conocimiento de la ley y de las profesias, bueno \u00e9l mismo era profeta, el profeta del cual hablaba el profeta Isaias, el que preparar\u00eda el camino al Se\u00f1or.<\/p>\n<p>Juan el Bautista es otro gran modelo de hombre a seguir (a parte de Jes\u00fas), \u00c9l fue muy obediente y su trabajo principal era ayudar a otros a conocer al Mesias que pronto habr\u00eda de venir, el predicaba el arrepentimieto, el bautizmo en agua y hablaba constantemente de Jes\u00fas, \u00e9l hizo exactamente lo que Jes\u00fas pide de nosotros. Predicar su evangelio, llevar la gente al arrepentimieto y bautizarlos, y para eso tenemos que enfocarnos en la gente que todav\u00eda no ha tomado su decisi\u00f3n, tenemos que hacer amigos con pr\u00f3posito y una vez que han tomado esa decisi\u00f3n ayudarles a crecer esp\u00edritualmente.Tenemos que enfocarnos en hacer el trabajo que Jes\u00fas nos ha pedido<\/p>\n<p class=\"chapter-1\"><em><strong><span class=\"text Matt-3-1\">En aquellos d\u00edas Juan el Bautista se present\u00f3 predicando en el desierto de Judea,<\/span> <span id=\"es-RVC-23196\" class=\"text Matt-3-2\">y dec\u00eda: \u00abArrepi\u00e9ntanse, porque el reino de los cielos se ha acercado.<\/span> <span id=\"es-RVC-23197\" class=\"text Matt-3-3\">\u00c9ste es aquel de quien el profeta Isa\u00edas dijo:<\/span><\/strong><\/em><\/p>\n<div class=\"poetry\">\n<p class=\"line\"><em><strong><span class=\"text Matt-3-3\">\u00bb\u201cUna voz clama en el desierto:<\/span><\/strong><\/em><br \/>\n<em><strong><span class=\"text Matt-3-3\">Preparen el camino del Se\u00f1or;<\/span><\/strong><\/em><br \/>\n<em><strong><span class=\"text Matt-3-3\">enderecen sus sendas.\u201d\u00bb<\/span><\/strong><\/em><\/p>\n<\/div>\n<p><em><strong><span id=\"es-RVC-23198\" class=\"text Matt-3-4\">Juan usaba un vestido de pelo de camello, llevaba un cinto de cuero alrededor de la cintura, y se alimentaba de langostas y miel silvestre.<\/span> <span id=\"es-RVC-23199\" class=\"text Matt-3-5\">A \u00e9l acud\u00eda la gente de Jerusal\u00e9n y de toda Judea, y de toda la provincia cercana al r\u00edo Jord\u00e1n,<\/span> <span id=\"es-RVC-23200\" class=\"text Matt-3-6\">y all\u00ed en el Jord\u00e1n la gente confesaba sus pecados y Juan los bautizaba.<\/span><\/strong><\/em><\/p>\n<p><em><strong><span id=\"es-RVC-23201\" class=\"text Matt-3-7\">Cuando \u00e9l vio que muchos de los fariseos y de los saduceos ven\u00edan a su bautismo, les dec\u00eda: \u00ab\u00a1Generaci\u00f3n de v\u00edboras! \u00bfQui\u00e9n les ense\u00f1\u00f3 a huir de la ira venidera?<\/span> <span id=\"es-RVC-23202\" class=\"text Matt-3-8\">Produzcan frutos dignos de arrepentimiento,<\/span> <span id=\"es-RVC-23203\" class=\"text Matt-3-9\">y no crean que pueden decir: \u201cTenemos a Abrah\u00e1n por padre\u201d, porque yo les digo que aun de estas piedras Dios puede levantar hijos a Abrah\u00e1n.<span style=\"font-size: 11.8181819915771px; line-height: 0px;\">\u00a0<\/span><\/span><span id=\"es-RVC-23204\" class=\"text Matt-3-10\">El hacha ya est\u00e1 lista para derribar de ra\u00edz a los \u00e1rboles; por tanto, todo \u00e1rbol que no d\u00e9 buen fruto ser\u00e1 cortado y echado en el fuego.<\/span><\/strong><\/em><\/p>\n<p><em><strong><span id=\"es-RVC-23205\" class=\"text Matt-3-11\">\u00bbA decir verdad, yo los bautizo en agua en se\u00f1al de arrepentimiento, pero el que viene despu\u00e9s de m\u00ed, de quien no soy digno de llevar su calzado, es m\u00e1s poderoso que yo. \u00c9l los bautizar\u00e1 en Esp\u00edritu Santo y fuego.<\/span> <\/strong><\/em><span id=\"es-RVC-23206\" class=\"text Matt-3-12\"><em><strong>Ya tiene el bieldo en la mano, de modo que limpiar\u00e1 su era, recoger\u00e1 su trigo en el granero, y quemar\u00e1 la paja en un fuego que nunca se apagar\u00e1.<\/strong><\/em>\u00bb Mateo 3:1-12<\/span><\/p>\n<p>Se\u00f1or te pido que protejas y ablandes nuestros corazones para que podamos ser buenos ejemplos y tengamos el valor de predicar tu evangelio, te pido por el coraz\u00f3n de quienes nos escuchan para que tu palabra \u00a0se anide en sus corazones. Te pido que cuides a cada una de nosotras y que cuides est\u00e1 obra, protegela del mal. Te lo pedimos en nombre de Jesucristo nuestro Se\u00f1or, Am\u00e9n.<\/p>\n<p>Chicas que pasen una excelente semana, no se olviden de leer sus biblias y de orar las unas por las otras. hasta el mi\u00e9rcoles si Dios quiere.<\/p>\n<p>Dios las bendiga ricamente y las llene de sabidur\u00eda y de su Esp\u00edritu.<\/p>\n<p>Jackie C.<\/p>\n<p><a href=\"http:\/\/damas.laiglesiadelacomunidad.com\/wp-content\/uploads\/2014\/11\/IMG_1426.jpg\"><img decoding=\"async\" src=\"http:\/\/damas.laiglesiadelacomunidad.com\/wp-content\/uploads\/2014\/11\/IMG_1426.jpg\" alt=\"IMG_1426.JPG\" class=\"alignnone size-full\" \/><\/a><\/p>\n<p><a href=\"http:\/\/damas.laiglesiadelacomunidad.com\/wp-content\/uploads\/2014\/11\/IMG_1435.jpg\"><img decoding=\"async\" src=\"http:\/\/damas.laiglesiadelacomunidad.com\/wp-content\/uploads\/2014\/11\/IMG_1435.jpg\" alt=\"IMG_1435.JPG\" class=\"alignnone size-full\" \/><\/a><\/p>\n<p><a href=\"http:\/\/damas.laiglesiadelacomunidad.com\/wp-content\/uploads\/2014\/11\/IMG_1428.jpg\"><img decoding=\"async\" src=\"http:\/\/damas.laiglesiadelacomunidad.com\/wp-content\/uploads\/2014\/11\/IMG_1428.jpg\" alt=\"IMG_1428.JPG\" class=\"alignnone size-full\" \/><\/a><\/p>\n<p><a href=\"http:\/\/damas.laiglesiadelacomunidad.com\/wp-content\/uploads\/2014\/11\/IMG_1431.jpg\"><img decoding=\"async\" src=\"http:\/\/damas.laiglesiadelacomunidad.com\/wp-content\/uploads\/2014\/11\/IMG_1431.jpg\" alt=\"IMG_1431.JPG\" class=\"alignnone size-full\" \/><\/a><\/p>\n<p><a href=\"http:\/\/damas.laiglesiadelacomunidad.com\/wp-content\/uploads\/2014\/11\/IMG_1443.jpg\"><img decoding=\"async\" src=\"http:\/\/damas.laiglesiadelacomunidad.com\/wp-content\/uploads\/2014\/11\/IMG_1443.jpg\" alt=\"IMG_1443.JPG\" class=\"alignnone size-full\" \/><\/a><\/p>\n<p><a href=\"http:\/\/damas.laiglesiadelacomunidad.com\/wp-content\/uploads\/2014\/11\/IMG_1445.jpg\"><img decoding=\"async\" src=\"http:\/\/damas.laiglesiadelacomunidad.com\/wp-content\/uploads\/2014\/11\/IMG_1445.jpg\" alt=\"IMG_1445.JPG\" class=\"alignnone size-full\" \/><\/a><\/p>\n<p><a href=\"http:\/\/damas.laiglesiadelacomunidad.com\/wp-content\/uploads\/2014\/11\/IMG_1440.jpg\"><img decoding=\"async\" src=\"http:\/\/damas.laiglesiadelacomunidad.com\/wp-content\/uploads\/2014\/11\/IMG_1440.jpg\" alt=\"IMG_1440.JPG\" class=\"alignnone size-full\" \/><\/a><\/p>\n<p><a href=\"http:\/\/damas.laiglesiadelacomunidad.com\/wp-content\/uploads\/2014\/11\/IMG_1442.jpg\"><img decoding=\"async\" src=\"http:\/\/damas.laiglesiadelacomunidad.com\/wp-content\/uploads\/2014\/11\/IMG_1442.jpg\" alt=\"IMG_1442.JPG\" class=\"alignnone size-full\" \/><\/a><\/p>\n<p><a href=\"http:\/\/damas.laiglesiadelacomunidad.com\/wp-content\/uploads\/2014\/11\/IMG_1444.jpg\"><img decoding=\"async\" src=\"http:\/\/damas.laiglesiadelacomunidad.com\/wp-content\/uploads\/2014\/11\/IMG_1444.jpg\" alt=\"IMG_1444.JPG\" class=\"alignnone size-full\" \/><\/a><\/p>\n<p><a href=\"http:\/\/damas.laiglesiadelacomunidad.com\/wp-content\/uploads\/2014\/11\/IMG_1437.jpg\"><img decoding=\"async\" src=\"http:\/\/damas.laiglesiadelacomunidad.com\/wp-content\/uploads\/2014\/11\/IMG_1437.jpg\" alt=\"IMG_1437.JPG\" class=\"alignnone size-full\" \/><\/a><\/p>\n<p><a href=\"http:\/\/damas.laiglesiadelacomunidad.com\/wp-content\/uploads\/2014\/11\/IMG_1427.jpg\"><img decoding=\"async\" src=\"http:\/\/damas.laiglesiadelacomunidad.com\/wp-content\/uploads\/2014\/11\/IMG_1427.jpg\" alt=\"IMG_1427.JPG\" class=\"alignnone size-full\" \/><\/a><\/p>\n<p><a href=\"http:\/\/damas.laiglesiadelacomunidad.com\/wp-content\/uploads\/2014\/11\/IMG_1430.jpg\"><img decoding=\"async\" src=\"http:\/\/damas.laiglesiadelacomunidad.com\/wp-content\/uploads\/2014\/11\/IMG_1430.jpg\" alt=\"IMG_1430.JPG\" class=\"alignnone size-full\" \/><\/a><\/p>\n<p><a href=\"http:\/\/damas.laiglesiadelacomunidad.com\/wp-content\/uploads\/2014\/11\/IMG_1454.jpg\"><img decoding=\"async\" src=\"http:\/\/damas.laiglesiadelacomunidad.com\/wp-content\/uploads\/2014\/11\/IMG_1454.jpg\" alt=\"IMG_1454.JPG\" class=\"alignnone size-full\" \/><\/a><\/p>\n<p><a href=\"http:\/\/damas.laiglesiadelacomunidad.com\/wp-content\/uploads\/2014\/11\/IMG_1455.jpg\"><img decoding=\"async\" src=\"http:\/\/damas.laiglesiadelacomunidad.com\/wp-content\/uploads\/2014\/11\/IMG_1455.jpg\" alt=\"IMG_1455.JPG\" class=\"alignnone size-full\" \/><\/a><\/p>\n","protected":false},"excerpt":{"rendered":"<p>Gracias de nuevo Se\u00f1or por tan linda noche, gracias a las personas que nos vinieron a visitar, gracias a nuestros miembros que domingo a domingo preparan \u00e9ste ambiente tan lindo para poder congregarnos, escuchar la ense\u00f1anza y cantar alabanzas a nuestro Padre \ud83d\ude42 . Hoy seguimos estudiando La vida de Cristo seg\u00fan el Evangelio Mateo, &hellip; <a href=\"http:\/\/damas.laiglesiadelacomunidad.com\/?p=5380\" class=\"more-link\">Continue reading <span class=\"screen-reader-text\">Reuni\u00f3n 16 de Nov. 2014<\/span> <span class=\"meta-nav\">&rarr;<\/span><\/a><\/p>\n","protected":false},"author":2,"featured_media":0,"comment_status":"open","ping_status":"open","sticky":false,"template":"","format":"chat","meta":{"footnotes":""},"categories":[7],"tags":[],"_links":{"self":[{"href":"http:\/\/damas.laiglesiadelacomunidad.com\/index.php?rest_route=\/wp\/v2\/posts\/5380"}],"collection":[{"href":"http:\/\/damas.laiglesiadelacomunidad.com\/index.php?rest_route=\/wp\/v2\/posts"}],"about":[{"href":"http:\/\/damas.laiglesiadelacomunidad.com\/index.php?rest_route=\/wp\/v2\/types\/post"}],"author":[{"embeddable":true,"href":"http:\/\/damas.laiglesiadelacomunidad.com\/index.php?rest_route=\/wp\/v2\/users\/2"}],"replies":[{"embeddable":true,"href":"http:\/\/damas.laiglesiadelacomunidad.com\/index.php?rest_route=%2Fwp%2Fv2%2Fcomments&post=5380"}],"version-history":[{"count":7,"href":"http:\/\/damas.laiglesiadelacomunidad.com\/index.php?rest_route=\/wp\/v2\/posts\/5380\/revisions"}],"predecessor-version":[{"id":5401,"href":"http:\/\/damas.laiglesiadelacomunidad.com\/index.php?rest_route=\/wp\/v2\/posts\/5380\/revisions\/5401"}],"wp:attachment":[{"href":"http:\/\/damas.laiglesiadelacomunidad.com\/index.php?rest_route=%2Fwp%2Fv2%2Fmedia&parent=5380"}],"wp:term":[{"taxonomy":"category","embeddable":true,"href":"http:\/\/damas.laiglesiadelacomunidad.com\/index.php?rest_route=%2Fwp%2Fv2%2Fcategories&post=5380"},{"taxonomy":"post_tag","embeddable":true,"href":"http:\/\/damas.laiglesiadelacomunidad.com\/index.php?rest_route=%2Fwp%2Fv2%2Ftags&post=5380"}],"curies":[{"name":"wp","href":"https:\/\/api.w.org\/{rel}","templated":true}]}}