{"id":5376,"date":"2014-11-15T09:32:22","date_gmt":"2014-11-15T15:32:22","guid":{"rendered":"http:\/\/damas.laiglesiadelacomunidad.com\/?p=5376"},"modified":"2014-11-15T09:32:22","modified_gmt":"2014-11-15T15:32:22","slug":"versiculo-para-meditar-108","status":"publish","type":"post","link":"http:\/\/damas.laiglesiadelacomunidad.com\/?p=5376","title":{"rendered":"Vers\u00edculo para Meditar"},"content":{"rendered":"<div class=\"p\"><span class=\"verse v26 highlighted\" data-usfm=\"JAS.1.26\" data-highlight-color=\"#fffe00\"><span class=\"content\">Si alguno de ustedes cree ser religioso, pero no refrena su lengua, se enga\u00f1a a s\u00ed mismo y su religi\u00f3n no vale nada.\u00a0<\/span><\/span>Delante de Dios, la religi\u00f3n pura y sin mancha consiste en ayudar a los hu\u00e9rfanos y a las viudas en sus aflicciones, y en mantenerse limpio de la maldad de este mundo.Santiago 1:26-27<\/div>\n","protected":false},"excerpt":{"rendered":"<p>Si alguno de ustedes cree ser religioso, pero no refrena su lengua, se enga\u00f1a a s\u00ed mismo y su religi\u00f3n no vale nada.\u00a0Delante de Dios, la religi\u00f3n pura y sin mancha consiste en ayudar a los hu\u00e9rfanos y a las viudas en sus aflicciones, y en mantenerse limpio de la maldad de este mundo.Santiago 1:26-27<\/p>\n","protected":false},"author":2,"featured_media":0,"comment_status":"open","ping_status":"open","sticky":false,"template":"","format":"link","meta":{"footnotes":""},"categories":[1],"tags":[],"_links":{"self":[{"href":"http:\/\/damas.laiglesiadelacomunidad.com\/index.php?rest_route=\/wp\/v2\/posts\/5376"}],"collection":[{"href":"http:\/\/damas.laiglesiadelacomunidad.com\/index.php?rest_route=\/wp\/v2\/posts"}],"about":[{"href":"http:\/\/damas.laiglesiadelacomunidad.com\/index.php?rest_route=\/wp\/v2\/types\/post"}],"author":[{"embeddable":true,"href":"http:\/\/damas.laiglesiadelacomunidad.com\/index.php?rest_route=\/wp\/v2\/users\/2"}],"replies":[{"embeddable":true,"href":"http:\/\/damas.laiglesiadelacomunidad.com\/index.php?rest_route=%2Fwp%2Fv2%2Fcomments&post=5376"}],"version-history":[{"count":1,"href":"http:\/\/damas.laiglesiadelacomunidad.com\/index.php?rest_route=\/wp\/v2\/posts\/5376\/revisions"}],"predecessor-version":[{"id":5377,"href":"http:\/\/damas.laiglesiadelacomunidad.com\/index.php?rest_route=\/wp\/v2\/posts\/5376\/revisions\/5377"}],"wp:attachment":[{"href":"http:\/\/damas.laiglesiadelacomunidad.com\/index.php?rest_route=%2Fwp%2Fv2%2Fmedia&parent=5376"}],"wp:term":[{"taxonomy":"category","embeddable":true,"href":"http:\/\/damas.laiglesiadelacomunidad.com\/index.php?rest_route=%2Fwp%2Fv2%2Fcategories&post=5376"},{"taxonomy":"post_tag","embeddable":true,"href":"http:\/\/damas.laiglesiadelacomunidad.com\/index.php?rest_route=%2Fwp%2Fv2%2Ftags&post=5376"}],"curies":[{"name":"wp","href":"https:\/\/api.w.org\/{rel}","templated":true}]}}