{"id":5374,"date":"2014-11-14T11:58:49","date_gmt":"2014-11-14T17:58:49","guid":{"rendered":"http:\/\/damas.laiglesiadelacomunidad.com\/?p=5374"},"modified":"2014-11-14T11:58:49","modified_gmt":"2014-11-14T17:58:49","slug":"el-vive","status":"publish","type":"post","link":"http:\/\/damas.laiglesiadelacomunidad.com\/?p=5374","title":{"rendered":"El VIVE!"},"content":{"rendered":"<p>Mateo 28:6 (RVA)<br \/>\n6\u00a0No est\u00e1 aqu\u00ed; porque ha resucitado, como dijo. Venid, ved el lugar donde fu\u00e9 puesto el Se\u00f1or.<\/p>\n<p><a href=\"http:\/\/damas.laiglesiadelacomunidad.com\/wp-content\/uploads\/2014\/11\/wpid-img_52237859348113.jpeg\"><img decoding=\"async\" title=\"IMG_52237859348113.jpeg\" class=\"alignnone size-full\" alt=\"image\" src=\"http:\/\/damas.laiglesiadelacomunidad.com\/wp-content\/uploads\/2014\/11\/wpid-img_52237859348113.jpeg\" \/><\/a><\/p>\n","protected":false},"excerpt":{"rendered":"<p>Mateo 28:6 (RVA) 6\u00a0No est\u00e1 aqu\u00ed; porque ha resucitado, como dijo. Venid, ved el lugar donde fu\u00e9 puesto el Se\u00f1or.<\/p>\n","protected":false},"author":3,"featured_media":0,"comment_status":"open","ping_status":"open","sticky":false,"template":"","format":"standard","meta":{"footnotes":""},"categories":[1],"tags":[],"_links":{"self":[{"href":"http:\/\/damas.laiglesiadelacomunidad.com\/index.php?rest_route=\/wp\/v2\/posts\/5374"}],"collection":[{"href":"http:\/\/damas.laiglesiadelacomunidad.com\/index.php?rest_route=\/wp\/v2\/posts"}],"about":[{"href":"http:\/\/damas.laiglesiadelacomunidad.com\/index.php?rest_route=\/wp\/v2\/types\/post"}],"author":[{"embeddable":true,"href":"http:\/\/damas.laiglesiadelacomunidad.com\/index.php?rest_route=\/wp\/v2\/users\/3"}],"replies":[{"embeddable":true,"href":"http:\/\/damas.laiglesiadelacomunidad.com\/index.php?rest_route=%2Fwp%2Fv2%2Fcomments&post=5374"}],"version-history":[{"count":1,"href":"http:\/\/damas.laiglesiadelacomunidad.com\/index.php?rest_route=\/wp\/v2\/posts\/5374\/revisions"}],"predecessor-version":[{"id":5375,"href":"http:\/\/damas.laiglesiadelacomunidad.com\/index.php?rest_route=\/wp\/v2\/posts\/5374\/revisions\/5375"}],"wp:attachment":[{"href":"http:\/\/damas.laiglesiadelacomunidad.com\/index.php?rest_route=%2Fwp%2Fv2%2Fmedia&parent=5374"}],"wp:term":[{"taxonomy":"category","embeddable":true,"href":"http:\/\/damas.laiglesiadelacomunidad.com\/index.php?rest_route=%2Fwp%2Fv2%2Fcategories&post=5374"},{"taxonomy":"post_tag","embeddable":true,"href":"http:\/\/damas.laiglesiadelacomunidad.com\/index.php?rest_route=%2Fwp%2Fv2%2Ftags&post=5374"}],"curies":[{"name":"wp","href":"https:\/\/api.w.org\/{rel}","templated":true}]}}