{"id":5346,"date":"2014-11-12T07:42:11","date_gmt":"2014-11-12T13:42:11","guid":{"rendered":"http:\/\/damas.laiglesiadelacomunidad.com\/?p=5346"},"modified":"2014-11-12T07:42:11","modified_gmt":"2014-11-12T13:42:11","slug":"aun-en-la-vejez","status":"publish","type":"post","link":"http:\/\/damas.laiglesiadelacomunidad.com\/?p=5346","title":{"rendered":"&#8220;Aun en la Vejez&#8221;"},"content":{"rendered":"<p>Isa\u00edas 46:4(NVI)<br \/>\n4\u00a0Aun en la vejez, cuando ya peinen canas,<br \/>\n\u00a0\u00a0\u00a0\u00a0yo ser\u00e9 el mismo, yo los sostendr\u00e9.<br \/>\nYo los hice, y cuidar\u00e9 de ustedes;<br \/>\n\u00a0\u00a0\u00a0\u00a0los sostendr\u00e9 y los librar\u00e9.<\/p>\n<p><a href=\"http:\/\/damas.laiglesiadelacomunidad.com\/wp-content\/uploads\/2014\/11\/wpid-img_7802828839507.jpeg\"><img decoding=\"async\" title=\"IMG_7802828839507.jpeg\" class=\"alignnone size-full\" alt=\"image\" src=\"http:\/\/damas.laiglesiadelacomunidad.com\/wp-content\/uploads\/2014\/11\/wpid-img_7802828839507.jpeg\" \/><\/a><\/p>\n","protected":false},"excerpt":{"rendered":"<p>Isa\u00edas 46:4(NVI) 4\u00a0Aun en la vejez, cuando ya peinen canas, \u00a0\u00a0\u00a0\u00a0yo ser\u00e9 el mismo, yo los sostendr\u00e9. Yo los hice, y cuidar\u00e9 de ustedes; \u00a0\u00a0\u00a0\u00a0los sostendr\u00e9 y los librar\u00e9.<\/p>\n","protected":false},"author":3,"featured_media":0,"comment_status":"open","ping_status":"open","sticky":false,"template":"","format":"standard","meta":{"footnotes":""},"categories":[1],"tags":[],"_links":{"self":[{"href":"http:\/\/damas.laiglesiadelacomunidad.com\/index.php?rest_route=\/wp\/v2\/posts\/5346"}],"collection":[{"href":"http:\/\/damas.laiglesiadelacomunidad.com\/index.php?rest_route=\/wp\/v2\/posts"}],"about":[{"href":"http:\/\/damas.laiglesiadelacomunidad.com\/index.php?rest_route=\/wp\/v2\/types\/post"}],"author":[{"embeddable":true,"href":"http:\/\/damas.laiglesiadelacomunidad.com\/index.php?rest_route=\/wp\/v2\/users\/3"}],"replies":[{"embeddable":true,"href":"http:\/\/damas.laiglesiadelacomunidad.com\/index.php?rest_route=%2Fwp%2Fv2%2Fcomments&post=5346"}],"version-history":[{"count":1,"href":"http:\/\/damas.laiglesiadelacomunidad.com\/index.php?rest_route=\/wp\/v2\/posts\/5346\/revisions"}],"predecessor-version":[{"id":5347,"href":"http:\/\/damas.laiglesiadelacomunidad.com\/index.php?rest_route=\/wp\/v2\/posts\/5346\/revisions\/5347"}],"wp:attachment":[{"href":"http:\/\/damas.laiglesiadelacomunidad.com\/index.php?rest_route=%2Fwp%2Fv2%2Fmedia&parent=5346"}],"wp:term":[{"taxonomy":"category","embeddable":true,"href":"http:\/\/damas.laiglesiadelacomunidad.com\/index.php?rest_route=%2Fwp%2Fv2%2Fcategories&post=5346"},{"taxonomy":"post_tag","embeddable":true,"href":"http:\/\/damas.laiglesiadelacomunidad.com\/index.php?rest_route=%2Fwp%2Fv2%2Ftags&post=5346"}],"curies":[{"name":"wp","href":"https:\/\/api.w.org\/{rel}","templated":true}]}}