{"id":5317,"date":"2014-11-09T23:47:43","date_gmt":"2014-11-10T05:47:43","guid":{"rendered":"http:\/\/damas.laiglesiadelacomunidad.com\/?p=5317"},"modified":"2014-11-09T23:54:44","modified_gmt":"2014-11-10T05:54:44","slug":"reunion-9-de-nov-2014","status":"publish","type":"post","link":"http:\/\/damas.laiglesiadelacomunidad.com\/?p=5317","title":{"rendered":"Reuni\u00f3n 9 de Nov. 2014"},"content":{"rendered":"<p>Gracias Se\u00f1or por tan linda noche, gracias por darnos el privilegio de servirte, adorarte y escuchar tu palabra. Gracias a todos por la ayuda y colaborar con Jes\u00fas con tanto \u00e1nimo y gozo.<\/p>\n<p>Que buen mensaje el que escuchamos hoy, el tema de hoy fue;<strong> &#8220;Tragedias&#8221;<\/strong> y la idea grande fue<strong> &#8220;Dios es Dios, aun en la tragedia&#8221;<\/strong>, \u00a0por vivir en \u00e9ste mundo caido sabemos con seguridad que todas hemos pasado por tragedias, mas de alguna vez malas cosas nos han pasado, sin que nosotras las causemos, sin merecerlo o sin quererlo. Hemos sufrido muertes de seres queridos, abandono de padres, hijos, amigos, incluso de esposos. perdida de trabajo, salud, casas, de cosas de Valor.<\/p>\n<p>Cuando todo esto viene a nuestra vida la primera pregunta que nos hacemos es \u00bfpor qu\u00e9? o pensamos donde est\u00e1 Dios en todo esto. Y estas situaciones nos hacen m\u00e1s fuertes o nos hacen amargados, nos hacen perdonar u odiar, lo que si tenemos que recordar es que Dios es el todo poderoso, \u00c9l esta bajo el control de todo, el permite que sucedan las cosas y tiene un pr\u00f3posito para ello, es d\u00edficil entender, ni el hombre m\u00e1s sabio podr\u00eda explicarlo. Pero algo que nos debe de confortar es que Dios nos ama, tanto as\u00ed que envi\u00f3 a su hijo \u00fanico a morir en nuestro lugar por nuestros pecados y que \u00c9l se hizo hombre y sufri\u00f3 lo que nosotros sufrimos y fue tentado como nosotras hemos sido tentadas pero no pec\u00f3, y eso nos debe dar paz en nuestras tribulaciones o tragedias.<\/p>\n<p><strong><span id=\"es-LBLA-12891\" class=\"text Job-1-21\">y dijo:<\/span><\/strong><\/p>\n<div class=\"poetry\">\n<p class=\"line\"><strong><span class=\"text Job-1-21\">Desnudo sal\u00ed del vientre de mi madre<\/span><\/strong><br \/>\n<strong><span class=\"text Job-1-21\">y desnudo volver\u00e9 all\u00e1.<\/span><\/strong><br \/>\n<strong><span class=\"text Job-1-21\">El <span class=\"small-caps\">Se\u00f1or<\/span> dio y el <span class=\"small-caps\">Se\u00f1or<\/span> quit\u00f3;<\/span><\/strong><br \/>\n<strong><span class=\"text Job-1-21\">bendito sea el nombre del <span class=\"small-caps\">Se\u00f1or<\/span>.\u00a0<\/span><\/strong><span class=\"text Job-1-21\">Job 1:21<\/span><\/p>\n<p class=\"line\"><strong><span id=\"es-RVC-16368\" class=\"text Ps-147-15\">El Se\u00f1or env\u00eda su palabra a la tierra,<\/span><\/strong><br \/>\n<strong><span class=\"text Ps-147-15\">y sus \u00f3rdenes se cumplen de inmediato.\u00a0<\/span><\/strong><span class=\"text Ps-147-15\">Salmos 147:15<\/span><\/p>\n<p class=\"line\"><strong><span class=\"text Isa-57-1\"><span class=\"chapternum\">\u00a0<\/span>\u00bbMueren los hombres justos, pero eso a nadie le importa. Muere la gente piadosa, sin que nadie entienda que su muerte es resultado de la maldad.<\/span> <span id=\"es-RVC-18769\" class=\"text Isa-57-2\">Todos los que obedecen a Dios pasan a mejor vida y reposan en su lecho de muerte.<\/span><\/strong>\u00a0Isaias 57:1-2<\/p>\n<p class=\"line\"><strong><span class=\"text Heb-4-14\"><sup class=\"versenum\">\u00a0<\/sup>Por lo tanto, y ya que en Jes\u00fas, el Hijo de Dios, tenemos un gran sumo sacerdote que traspas\u00f3 los cielos, retengamos nuestra profesi\u00f3n de fe.<\/span> <span id=\"es-RVC-30031\" class=\"text Heb-4-15\"><sup class=\"versenum\">\u00a0<\/sup>Porque no tenemos un sumo sacerdote que no pueda compadecerse de nuestras debilidades, sino uno que fue tentado en todo de la misma manera que nosotros, aunque sin pecado.<\/span> <span id=\"es-RVC-30032\" class=\"text Heb-4-16\"><sup class=\"versenum\">\u00a0<\/sup>Por tanto, acerqu\u00e9monos confiadamente al trono de la gracia, para alcanzar misericordia y hallar gracia para cuando necesitemos ayuda.\u00a0<\/span><\/strong><span id=\"es-RVC-30032\" class=\"text Heb-4-16\">Hebreos 4:14-16<\/span><\/p>\n<p class=\"line\">Se\u00f1or te pido que nos ayudes a buscar nuestro refugio en Ti, a no perder nuestra fe por muy d\u00edficil que sean las pruebas, que nos ayudes a vencer cualquier tentaci\u00f3n, libranos del mal Padre, te lo pedimos en nombre de Jesucristo, Am\u00e9n<\/p>\n<p class=\"line\">Que pasen una linda Semana, las quiero mucho y Dios las bendiga;<\/p>\n<p class=\"line\">Jackie C.<\/p>\n<\/div>\n<p><a href=\"http:\/\/damas.laiglesiadelacomunidad.com\/wp-content\/uploads\/2014\/11\/IMG_1276.jpg\"><img decoding=\"async\" class=\"alignnone size-full\" src=\"http:\/\/damas.laiglesiadelacomunidad.com\/wp-content\/uploads\/2014\/11\/IMG_1276.jpg\" alt=\"IMG_1276.JPG\" \/><\/a><\/p>\n<p><a href=\"http:\/\/damas.laiglesiadelacomunidad.com\/wp-content\/uploads\/2014\/11\/IMG_1286.jpg\"><img decoding=\"async\" class=\"alignnone size-full\" src=\"http:\/\/damas.laiglesiadelacomunidad.com\/wp-content\/uploads\/2014\/11\/IMG_1286.jpg\" alt=\"IMG_1286.JPG\" \/><\/a><\/p>\n<p><a href=\"http:\/\/damas.laiglesiadelacomunidad.com\/wp-content\/uploads\/2014\/11\/IMG_1283.jpg\"><img decoding=\"async\" class=\"alignnone size-full\" src=\"http:\/\/damas.laiglesiadelacomunidad.com\/wp-content\/uploads\/2014\/11\/IMG_1283.jpg\" alt=\"IMG_1283.JPG\" \/><\/a><\/p>\n<p><a href=\"http:\/\/damas.laiglesiadelacomunidad.com\/wp-content\/uploads\/2014\/11\/IMG_1278.jpg\"><img decoding=\"async\" class=\"alignnone size-full\" src=\"http:\/\/damas.laiglesiadelacomunidad.com\/wp-content\/uploads\/2014\/11\/IMG_1278.jpg\" alt=\"IMG_1278.JPG\" \/><\/a><\/p>\n<p><a href=\"http:\/\/damas.laiglesiadelacomunidad.com\/wp-content\/uploads\/2014\/11\/IMG_1297.jpg\"><img decoding=\"async\" class=\"alignnone size-full\" src=\"http:\/\/damas.laiglesiadelacomunidad.com\/wp-content\/uploads\/2014\/11\/IMG_1297.jpg\" alt=\"IMG_1297.JPG\" \/><\/a><\/p>\n<p><a href=\"http:\/\/damas.laiglesiadelacomunidad.com\/wp-content\/uploads\/2014\/11\/IMG_1298.jpg\"><img decoding=\"async\" class=\"alignnone size-full\" src=\"http:\/\/damas.laiglesiadelacomunidad.com\/wp-content\/uploads\/2014\/11\/IMG_1298.jpg\" alt=\"IMG_1298.JPG\" \/><\/a><\/p>\n<p><a href=\"http:\/\/damas.laiglesiadelacomunidad.com\/wp-content\/uploads\/2014\/11\/IMG_1299.jpg\"><img decoding=\"async\" class=\"alignnone size-full\" src=\"http:\/\/damas.laiglesiadelacomunidad.com\/wp-content\/uploads\/2014\/11\/IMG_1299.jpg\" alt=\"IMG_1299.JPG\" \/><\/a><\/p>\n<p><a href=\"http:\/\/damas.laiglesiadelacomunidad.com\/wp-content\/uploads\/2014\/11\/IMG_1300.jpg\"><img decoding=\"async\" class=\"alignnone size-full\" src=\"http:\/\/damas.laiglesiadelacomunidad.com\/wp-content\/uploads\/2014\/11\/IMG_1300.jpg\" alt=\"IMG_1300.JPG\" \/><\/a><\/p>\n<p><a href=\"http:\/\/damas.laiglesiadelacomunidad.com\/wp-content\/uploads\/2014\/11\/IMG_1301.jpg\"><img decoding=\"async\" class=\"alignnone size-full\" src=\"http:\/\/damas.laiglesiadelacomunidad.com\/wp-content\/uploads\/2014\/11\/IMG_1301.jpg\" alt=\"IMG_1301.JPG\" \/><\/a><\/p>\n<p><a href=\"http:\/\/damas.laiglesiadelacomunidad.com\/wp-content\/uploads\/2014\/11\/IMG_1304.jpg\"><img decoding=\"async\" class=\"alignnone size-full\" src=\"http:\/\/damas.laiglesiadelacomunidad.com\/wp-content\/uploads\/2014\/11\/IMG_1304.jpg\" alt=\"IMG_1304.JPG\" \/><\/a><\/p>\n<p><a href=\"http:\/\/damas.laiglesiadelacomunidad.com\/wp-content\/uploads\/2014\/11\/IMG_1303.jpg\"><img decoding=\"async\" class=\"alignnone size-full\" src=\"http:\/\/damas.laiglesiadelacomunidad.com\/wp-content\/uploads\/2014\/11\/IMG_1303.jpg\" alt=\"IMG_1303.JPG\" \/><\/a><\/p>\n<p><a href=\"http:\/\/damas.laiglesiadelacomunidad.com\/wp-content\/uploads\/2014\/11\/IMG_1302.jpg\"><img decoding=\"async\" class=\"alignnone size-full\" src=\"http:\/\/damas.laiglesiadelacomunidad.com\/wp-content\/uploads\/2014\/11\/IMG_1302.jpg\" alt=\"IMG_1302.JPG\" \/><\/a><\/p>\n<p><a href=\"http:\/\/damas.laiglesiadelacomunidad.com\/wp-content\/uploads\/2014\/11\/IMG_1305.jpg\"><img decoding=\"async\" class=\"alignnone size-full\" src=\"http:\/\/damas.laiglesiadelacomunidad.com\/wp-content\/uploads\/2014\/11\/IMG_1305.jpg\" alt=\"IMG_1305.JPG\" \/><\/a><\/p>\n","protected":false},"excerpt":{"rendered":"<p>Gracias Se\u00f1or por tan linda noche, gracias por darnos el privilegio de servirte, adorarte y escuchar tu palabra. Gracias a todos por la ayuda y colaborar con Jes\u00fas con tanto \u00e1nimo y gozo. Que buen mensaje el que escuchamos hoy, el tema de hoy fue; &#8220;Tragedias&#8221; y la idea grande fue &#8220;Dios es Dios, aun &hellip; <a href=\"http:\/\/damas.laiglesiadelacomunidad.com\/?p=5317\" class=\"more-link\">Continue reading <span class=\"screen-reader-text\">Reuni\u00f3n 9 de Nov. 2014<\/span> <span class=\"meta-nav\">&rarr;<\/span><\/a><\/p>\n","protected":false},"author":2,"featured_media":0,"comment_status":"open","ping_status":"open","sticky":false,"template":"","format":"standard","meta":{"footnotes":""},"categories":[7],"tags":[],"_links":{"self":[{"href":"http:\/\/damas.laiglesiadelacomunidad.com\/index.php?rest_route=\/wp\/v2\/posts\/5317"}],"collection":[{"href":"http:\/\/damas.laiglesiadelacomunidad.com\/index.php?rest_route=\/wp\/v2\/posts"}],"about":[{"href":"http:\/\/damas.laiglesiadelacomunidad.com\/index.php?rest_route=\/wp\/v2\/types\/post"}],"author":[{"embeddable":true,"href":"http:\/\/damas.laiglesiadelacomunidad.com\/index.php?rest_route=\/wp\/v2\/users\/2"}],"replies":[{"embeddable":true,"href":"http:\/\/damas.laiglesiadelacomunidad.com\/index.php?rest_route=%2Fwp%2Fv2%2Fcomments&post=5317"}],"version-history":[{"count":3,"href":"http:\/\/damas.laiglesiadelacomunidad.com\/index.php?rest_route=\/wp\/v2\/posts\/5317\/revisions"}],"predecessor-version":[{"id":5333,"href":"http:\/\/damas.laiglesiadelacomunidad.com\/index.php?rest_route=\/wp\/v2\/posts\/5317\/revisions\/5333"}],"wp:attachment":[{"href":"http:\/\/damas.laiglesiadelacomunidad.com\/index.php?rest_route=%2Fwp%2Fv2%2Fmedia&parent=5317"}],"wp:term":[{"taxonomy":"category","embeddable":true,"href":"http:\/\/damas.laiglesiadelacomunidad.com\/index.php?rest_route=%2Fwp%2Fv2%2Fcategories&post=5317"},{"taxonomy":"post_tag","embeddable":true,"href":"http:\/\/damas.laiglesiadelacomunidad.com\/index.php?rest_route=%2Fwp%2Fv2%2Ftags&post=5317"}],"curies":[{"name":"wp","href":"https:\/\/api.w.org\/{rel}","templated":true}]}}