{"id":5315,"date":"2014-11-07T23:06:06","date_gmt":"2014-11-08T05:06:06","guid":{"rendered":"http:\/\/damas.laiglesiadelacomunidad.com\/?p=5315"},"modified":"2014-11-07T23:06:06","modified_gmt":"2014-11-08T05:06:06","slug":"versiculos-para-meditar-60","status":"publish","type":"post","link":"http:\/\/damas.laiglesiadelacomunidad.com\/?p=5315","title":{"rendered":"Vers\u00edculos para Meditar"},"content":{"rendered":"<p>Hermanos, cuiden de que no haya entre ustedes ning\u00fan coraz\u00f3n pecaminoso e incr\u00e9dulo, que los lleve a apartarse del Dios vivo. M\u00e1s bien, an\u00edmense unos a otros d\u00eda tras d\u00eda, mientras se diga \u00abHoy\u00bb, para que el enga\u00f1o del pecado no endurezca a nadie. Nosotros hemos llegado a participar de Cristo, siempre y cuando retengamos firme hasta el fin la confianza que tuvimos al principio. Como ya se ha dicho: \u00abSi ustedes oyen hoy su voz, no endurezcan su coraz\u00f3n, como cuando me provocaron.\u00bb (\u202dHebreos\u202c \u202d3\u202c:\u202d12-15\u202c RVC)<\/p>\n","protected":false},"excerpt":{"rendered":"<p>Hermanos, cuiden de que no haya entre ustedes ning\u00fan coraz\u00f3n pecaminoso e incr\u00e9dulo, que los lleve a apartarse del Dios vivo. M\u00e1s bien, an\u00edmense unos a otros d\u00eda tras d\u00eda, mientras se diga \u00abHoy\u00bb, para que el enga\u00f1o del pecado no endurezca a nadie. Nosotros hemos llegado a participar de Cristo, siempre y cuando retengamos &hellip; <a href=\"http:\/\/damas.laiglesiadelacomunidad.com\/?p=5315\" class=\"more-link\">Continue reading <span class=\"screen-reader-text\">Vers\u00edculos para Meditar<\/span> <span class=\"meta-nav\">&rarr;<\/span><\/a><\/p>\n","protected":false},"author":2,"featured_media":0,"comment_status":"open","ping_status":"open","sticky":false,"template":"","format":"chat","meta":{"footnotes":""},"categories":[5],"tags":[],"_links":{"self":[{"href":"http:\/\/damas.laiglesiadelacomunidad.com\/index.php?rest_route=\/wp\/v2\/posts\/5315"}],"collection":[{"href":"http:\/\/damas.laiglesiadelacomunidad.com\/index.php?rest_route=\/wp\/v2\/posts"}],"about":[{"href":"http:\/\/damas.laiglesiadelacomunidad.com\/index.php?rest_route=\/wp\/v2\/types\/post"}],"author":[{"embeddable":true,"href":"http:\/\/damas.laiglesiadelacomunidad.com\/index.php?rest_route=\/wp\/v2\/users\/2"}],"replies":[{"embeddable":true,"href":"http:\/\/damas.laiglesiadelacomunidad.com\/index.php?rest_route=%2Fwp%2Fv2%2Fcomments&post=5315"}],"version-history":[{"count":1,"href":"http:\/\/damas.laiglesiadelacomunidad.com\/index.php?rest_route=\/wp\/v2\/posts\/5315\/revisions"}],"predecessor-version":[{"id":5316,"href":"http:\/\/damas.laiglesiadelacomunidad.com\/index.php?rest_route=\/wp\/v2\/posts\/5315\/revisions\/5316"}],"wp:attachment":[{"href":"http:\/\/damas.laiglesiadelacomunidad.com\/index.php?rest_route=%2Fwp%2Fv2%2Fmedia&parent=5315"}],"wp:term":[{"taxonomy":"category","embeddable":true,"href":"http:\/\/damas.laiglesiadelacomunidad.com\/index.php?rest_route=%2Fwp%2Fv2%2Fcategories&post=5315"},{"taxonomy":"post_tag","embeddable":true,"href":"http:\/\/damas.laiglesiadelacomunidad.com\/index.php?rest_route=%2Fwp%2Fv2%2Ftags&post=5315"}],"curies":[{"name":"wp","href":"https:\/\/api.w.org\/{rel}","templated":true}]}}