{"id":5273,"date":"2014-11-02T22:26:06","date_gmt":"2014-11-03T04:26:06","guid":{"rendered":"http:\/\/damas.laiglesiadelacomunidad.com\/?p=5273"},"modified":"2014-11-02T22:28:56","modified_gmt":"2014-11-03T04:28:56","slug":"reunion-2-de-nov-2014","status":"publish","type":"post","link":"http:\/\/damas.laiglesiadelacomunidad.com\/?p=5273","title":{"rendered":"Reuni\u00f3n 2 de Nov. 2014"},"content":{"rendered":"<p>Gracias Se\u00f1or por tan linda reuni\u00f3n, gracias a todos por colaborar y por ayudar en el arreglo y en el caf\u00e9, que lindo ambiente, como disfrutamos y gozamos. \u00a1Qu\u00e9 linda comunidad!<\/p>\n<p>Estamos estudiando la vida de Jes\u00fas seg\u00fan el Evangelio de Mateo, el tema de hoy fue la pregunta<strong> \u00bfQui\u00e9n es tu jefe?<\/strong>\u00a0y la idea grande fue<strong> &#8220;Tienes que escoger qui\u00e9n ser\u00e1 tu jefe&#8221;\u00a0<\/strong>Como vimos hoy hay personas que son nuestros jefes en nuestra vida, tenemos jefes en el trabajo al cual nos sometemos porque nos paga, nuestros padres a los cuales nos sometemos porque nos mantienen o porque nos criaron de manera que aprendimos a obedecerles, y el m\u00e1s importante Dios al cual muchas veces no nos sometemos por nuestra rebeld\u00eda.<\/p>\n<p>Nuestra tendencia como seres humanos es ser nuestro propio jefe, hasta la persona m\u00e1s sometida tiene esa tendencia y es l\u00f3gico porque todos tenemos el pecado de la rebeld\u00eda, el mismo pecado que hizo que Lucifer, Adan y Eva desobeder a Dios.<\/p>\n<p>Si vamos a seguir a Dios \u00c9l desea que le obedezcamos, no es opcional pero nos da la libertad de decidir, hoy vimos como Jos\u00e9 \u00a0el padre de Jes\u00fas obedeci\u00f3 al llamado de Dios , lo hizo sin dudar, lo hizo en multiples ocaciones y ocaciones muy d\u00edficiles, desde aceptar a un hijo que no era de \u00e9l, hasta huir para proteger a ese ni\u00f1o. Por otro lado vimos como Herodes desobedeci\u00f3 a Dios por no querer perder su precioso reino y hasta quiso matar a Jes\u00fas, y por su desobediencia y egoismo perdieron la vida muchos ni\u00f1os. Como he dicho antes, nuestro pecado trae consecuencias no solo para nosotras sino que tambi\u00e9n para gente inocente y el pecado de Herodes es un buen ejemplo de eso.<\/p>\n<p><strong><span class=\"text Matt-2-13\">Despu\u00e9s de que los sabios partieron, un \u00e1ngel del Se\u00f1or se apareci\u00f3 en sue\u00f1os a Jos\u00e9 y le dijo: \u00abLev\u00e1ntate, toma al ni\u00f1o y a su madre, y huye a Egipto. Qu\u00e9date all\u00e1 hasta que yo te diga, porque Herodes buscar\u00e1 al ni\u00f1o para matarlo.\u00bb<\/span> <span id=\"es-RVC-23185\" class=\"text Matt-2-14\">Cuando \u00e9l despert\u00f3, tom\u00f3 de noche al ni\u00f1o y a su madre, y se fue a Egipto,<\/span> <span id=\"es-RVC-23186\" class=\"text Matt-2-15\">y se qued\u00f3 all\u00e1 hasta la muerte de Herodes. Esto sucedi\u00f3 para que se cumpliera lo que dijo el Se\u00f1or por medio del profeta: \u00abDe Egipto llam\u00e9 a mi Hijo.\u00bb<\/span><\/strong><\/p>\n<p><strong><span id=\"es-RVC-23187\" class=\"text Matt-2-16\">Cuando Herodes vio que los sabios lo hab\u00edan enga\u00f1ado, se enoj\u00f3 mucho y, calculando el tiempo indicado por los sabios, mand\u00f3 matar a todos los ni\u00f1os menores de dos a\u00f1os que viv\u00edan en Bel\u00e9n y en sus alrededores.<\/span> <span id=\"es-RVC-23188\" class=\"text Matt-2-17\">Se cumpli\u00f3 as\u00ed lo dicho por el profeta Jerem\u00edas:<\/span><\/strong><\/p>\n<div class=\"poetry\">\n<p class=\"line\"><strong><span id=\"es-RVC-23189\" class=\"text Matt-2-18\">\u00abSe oye una voz en Ram\u00e1;<\/span><\/strong><br \/>\n<strong><span class=\"text Matt-2-18\">gran llanto y gemido:<\/span><\/strong><br \/>\n<strong><span class=\"text Matt-2-18\">es Raquel, que llora a sus hijos,<\/span><\/strong><br \/>\n<strong><span class=\"text Matt-2-18\">y no quiere ser consolada, porque ya no existen.\u00bb<\/span><\/strong><\/p>\n<\/div>\n<p><strong><span id=\"es-RVC-23190\" class=\"text Matt-2-19\">Despu\u00e9s de que muri\u00f3 Herodes, un \u00e1ngel del Se\u00f1or se apareci\u00f3 en sue\u00f1os a Jos\u00e9 en Egipto,<\/span> <span id=\"es-RVC-23191\" class=\"text Matt-2-20\">y le dijo: \u00abLev\u00e1ntate, toma al ni\u00f1o y a su madre, y regresa a Israel, porque los que quer\u00edan matar al ni\u00f1o han muerto ya.\u00bb<\/span> <span id=\"es-RVC-23192\" class=\"text Matt-2-21\">Entonces Jos\u00e9 se levant\u00f3 y llev\u00f3 al ni\u00f1o y a su madre de regreso a Israel.<\/span> <span id=\"es-RVC-23193\" class=\"text Matt-2-22\">Cuando supo que Arquelao reinaba en Judea en lugar de su padre Herodes, tuvo temor de ir all\u00e1, pero en sue\u00f1os fue advertido y se dirigi\u00f3 a la regi\u00f3n de Galilea.<\/span> <span id=\"es-RVC-23194\" class=\"text Matt-2-23\">All\u00ed se estableci\u00f3 en una ciudad llamada Nazaret, para que se cumpliera lo que fue dicho por los profetas, que el ni\u00f1o habr\u00eda de ser llamado nazareno.<\/span><\/strong><\/p>\n<p>Se\u00f1or te pedimos que nos ayudes a someternos a Ti, que escuchemos y obedezcamos a tu llamado y hagamos lo que nos pides, te pedimos que nos ayudes a tomar la decisi\u00f3n de hacerte nuestro Se\u00f1or en cada \u00e1rea de nuestras vidas. Te lo pedimos en nombre de nuestro Se\u00f1or y Salvado Jesucristo, Am\u00e9n.<\/p>\n<p>Que pasen una linda semana y nos vemos durante la semana.<\/p>\n<p>Dios las bendiga;<\/p>\n<p>Jackie C.<\/p>\n<p><a href=\"http:\/\/damas.laiglesiadelacomunidad.com\/wp-content\/uploads\/2014\/11\/IMG_1160.jpg\"><img decoding=\"async\" src=\"http:\/\/damas.laiglesiadelacomunidad.com\/wp-content\/uploads\/2014\/11\/IMG_1160.jpg\" alt=\"IMG_1160.JPG\" class=\"alignnone size-full\" \/><\/a><\/p>\n<p><a href=\"http:\/\/damas.laiglesiadelacomunidad.com\/wp-content\/uploads\/2014\/11\/IMG_1159.jpg\"><img decoding=\"async\" src=\"http:\/\/damas.laiglesiadelacomunidad.com\/wp-content\/uploads\/2014\/11\/IMG_1159.jpg\" alt=\"IMG_1159.JPG\" class=\"alignnone size-full\" \/><\/a><\/p>\n<p><a href=\"http:\/\/damas.laiglesiadelacomunidad.com\/wp-content\/uploads\/2014\/11\/IMG_1161.jpg\"><img decoding=\"async\" src=\"http:\/\/damas.laiglesiadelacomunidad.com\/wp-content\/uploads\/2014\/11\/IMG_1161.jpg\" alt=\"IMG_1161.JPG\" class=\"alignnone size-full\" \/><\/a><\/p>\n<p><a href=\"http:\/\/damas.laiglesiadelacomunidad.com\/wp-content\/uploads\/2014\/11\/IMG_1157.jpg\"><img decoding=\"async\" src=\"http:\/\/damas.laiglesiadelacomunidad.com\/wp-content\/uploads\/2014\/11\/IMG_1157.jpg\" alt=\"IMG_1157.JPG\" class=\"alignnone size-full\" \/><\/a><\/p>\n<p><a href=\"http:\/\/damas.laiglesiadelacomunidad.com\/wp-content\/uploads\/2014\/11\/IMG_1163.jpg\"><img decoding=\"async\" src=\"http:\/\/damas.laiglesiadelacomunidad.com\/wp-content\/uploads\/2014\/11\/IMG_1163.jpg\" alt=\"IMG_1163.JPG\" class=\"alignnone size-full\" \/><\/a><\/p>\n<p><a href=\"http:\/\/damas.laiglesiadelacomunidad.com\/wp-content\/uploads\/2014\/11\/IMG_1165.jpg\"><img decoding=\"async\" src=\"http:\/\/damas.laiglesiadelacomunidad.com\/wp-content\/uploads\/2014\/11\/IMG_1165.jpg\" alt=\"IMG_1165.JPG\" class=\"alignnone size-full\" \/><\/a><\/p>\n<p><a href=\"http:\/\/damas.laiglesiadelacomunidad.com\/wp-content\/uploads\/2014\/11\/IMG_1164.jpg\"><img decoding=\"async\" src=\"http:\/\/damas.laiglesiadelacomunidad.com\/wp-content\/uploads\/2014\/11\/IMG_1164.jpg\" alt=\"IMG_1164.JPG\" class=\"alignnone size-full\" \/><\/a><\/p>\n<p><a href=\"http:\/\/damas.laiglesiadelacomunidad.com\/wp-content\/uploads\/2014\/11\/IMG_1167.jpg\"><img decoding=\"async\" src=\"http:\/\/damas.laiglesiadelacomunidad.com\/wp-content\/uploads\/2014\/11\/IMG_1167.jpg\" alt=\"IMG_1167.JPG\" class=\"alignnone size-full\" \/><\/a><\/p>\n<p><a href=\"http:\/\/damas.laiglesiadelacomunidad.com\/wp-content\/uploads\/2014\/11\/IMG_1168.jpg\"><img decoding=\"async\" src=\"http:\/\/damas.laiglesiadelacomunidad.com\/wp-content\/uploads\/2014\/11\/IMG_1168.jpg\" alt=\"IMG_1168.JPG\" class=\"alignnone size-full\" \/><\/a><\/p>\n<p><a href=\"http:\/\/damas.laiglesiadelacomunidad.com\/wp-content\/uploads\/2014\/11\/IMG_1169.jpg\"><img decoding=\"async\" src=\"http:\/\/damas.laiglesiadelacomunidad.com\/wp-content\/uploads\/2014\/11\/IMG_1169.jpg\" alt=\"IMG_1169.JPG\" class=\"alignnone size-full\" \/><\/a><\/p>\n<p><a href=\"http:\/\/damas.laiglesiadelacomunidad.com\/wp-content\/uploads\/2014\/11\/IMG_1170.jpg\"><img decoding=\"async\" src=\"http:\/\/damas.laiglesiadelacomunidad.com\/wp-content\/uploads\/2014\/11\/IMG_1170.jpg\" alt=\"IMG_1170.JPG\" class=\"alignnone size-full\" \/><\/a><\/p>\n<p><a href=\"http:\/\/damas.laiglesiadelacomunidad.com\/wp-content\/uploads\/2014\/11\/IMG_1171.jpg\"><img decoding=\"async\" src=\"http:\/\/damas.laiglesiadelacomunidad.com\/wp-content\/uploads\/2014\/11\/IMG_1171.jpg\" alt=\"IMG_1171.JPG\" class=\"alignnone size-full\" \/><\/a><\/p>\n<p><a href=\"http:\/\/damas.laiglesiadelacomunidad.com\/wp-content\/uploads\/2014\/11\/IMG_1172.jpg\"><img decoding=\"async\" src=\"http:\/\/damas.laiglesiadelacomunidad.com\/wp-content\/uploads\/2014\/11\/IMG_1172.jpg\" alt=\"IMG_1172.JPG\" class=\"alignnone size-full\" \/><\/a><\/p>\n<p><a href=\"http:\/\/damas.laiglesiadelacomunidad.com\/wp-content\/uploads\/2014\/11\/IMG_1173.jpg\"><img decoding=\"async\" src=\"http:\/\/damas.laiglesiadelacomunidad.com\/wp-content\/uploads\/2014\/11\/IMG_1173.jpg\" alt=\"IMG_1173.JPG\" class=\"alignnone size-full\" \/><\/a><\/p>\n","protected":false},"excerpt":{"rendered":"<p>Gracias Se\u00f1or por tan linda reuni\u00f3n, gracias a todos por colaborar y por ayudar en el arreglo y en el caf\u00e9, que lindo ambiente, como disfrutamos y gozamos. \u00a1Qu\u00e9 linda comunidad! Estamos estudiando la vida de Jes\u00fas seg\u00fan el Evangelio de Mateo, el tema de hoy fue la pregunta \u00bfQui\u00e9n es tu jefe?\u00a0y la idea &hellip; <a href=\"http:\/\/damas.laiglesiadelacomunidad.com\/?p=5273\" class=\"more-link\">Continue reading <span class=\"screen-reader-text\">Reuni\u00f3n 2 de Nov. 2014<\/span> <span class=\"meta-nav\">&rarr;<\/span><\/a><\/p>\n","protected":false},"author":2,"featured_media":0,"comment_status":"open","ping_status":"open","sticky":false,"template":"","format":"gallery","meta":{"footnotes":""},"categories":[7],"tags":[],"_links":{"self":[{"href":"http:\/\/damas.laiglesiadelacomunidad.com\/index.php?rest_route=\/wp\/v2\/posts\/5273"}],"collection":[{"href":"http:\/\/damas.laiglesiadelacomunidad.com\/index.php?rest_route=\/wp\/v2\/posts"}],"about":[{"href":"http:\/\/damas.laiglesiadelacomunidad.com\/index.php?rest_route=\/wp\/v2\/types\/post"}],"author":[{"embeddable":true,"href":"http:\/\/damas.laiglesiadelacomunidad.com\/index.php?rest_route=\/wp\/v2\/users\/2"}],"replies":[{"embeddable":true,"href":"http:\/\/damas.laiglesiadelacomunidad.com\/index.php?rest_route=%2Fwp%2Fv2%2Fcomments&post=5273"}],"version-history":[{"count":2,"href":"http:\/\/damas.laiglesiadelacomunidad.com\/index.php?rest_route=\/wp\/v2\/posts\/5273\/revisions"}],"predecessor-version":[{"id":5289,"href":"http:\/\/damas.laiglesiadelacomunidad.com\/index.php?rest_route=\/wp\/v2\/posts\/5273\/revisions\/5289"}],"wp:attachment":[{"href":"http:\/\/damas.laiglesiadelacomunidad.com\/index.php?rest_route=%2Fwp%2Fv2%2Fmedia&parent=5273"}],"wp:term":[{"taxonomy":"category","embeddable":true,"href":"http:\/\/damas.laiglesiadelacomunidad.com\/index.php?rest_route=%2Fwp%2Fv2%2Fcategories&post=5273"},{"taxonomy":"post_tag","embeddable":true,"href":"http:\/\/damas.laiglesiadelacomunidad.com\/index.php?rest_route=%2Fwp%2Fv2%2Ftags&post=5273"}],"curies":[{"name":"wp","href":"https:\/\/api.w.org\/{rel}","templated":true}]}}