{"id":5247,"date":"2014-10-28T11:49:12","date_gmt":"2014-10-28T16:49:12","guid":{"rendered":"http:\/\/damas.laiglesiadelacomunidad.com\/?p=5247"},"modified":"2014-10-28T11:49:12","modified_gmt":"2014-10-28T16:49:12","slug":"versiculos-para-meditar-59","status":"publish","type":"post","link":"http:\/\/damas.laiglesiadelacomunidad.com\/?p=5247","title":{"rendered":"Vers\u00edculos para Meditar"},"content":{"rendered":"<p>Tambi\u00e9n saben que, a pesar de haber sufrido y de ser maltratados en Filipos, Dios nos dio el valor necesario para anunciarles su evangelio, aun en medio de grandes peligros. Porque nuestra exhortaci\u00f3n no se basa en el error ni en malas intenciones, ni tampoco tratamos de enga\u00f1ar a nadie, sino que hablamos porque Dios nos aprob\u00f3 y nos confi\u00f3 el evangelio. No buscamos agradar a los hombres, sino a Dios, que es quien examina nuestro coraz\u00f3n. (\u202d1 Tesalonicenses\u202c \u202d2\u202c:\u202d2-4\u202c RVC)<\/p>\n","protected":false},"excerpt":{"rendered":"<p>Tambi\u00e9n saben que, a pesar de haber sufrido y de ser maltratados en Filipos, Dios nos dio el valor necesario para anunciarles su evangelio, aun en medio de grandes peligros. Porque nuestra exhortaci\u00f3n no se basa en el error ni en malas intenciones, ni tampoco tratamos de enga\u00f1ar a nadie, sino que hablamos porque Dios &hellip; <a href=\"http:\/\/damas.laiglesiadelacomunidad.com\/?p=5247\" class=\"more-link\">Continue reading <span class=\"screen-reader-text\">Vers\u00edculos para Meditar<\/span> <span class=\"meta-nav\">&rarr;<\/span><\/a><\/p>\n","protected":false},"author":2,"featured_media":0,"comment_status":"open","ping_status":"open","sticky":false,"template":"","format":"standard","meta":{"footnotes":""},"categories":[5],"tags":[],"_links":{"self":[{"href":"http:\/\/damas.laiglesiadelacomunidad.com\/index.php?rest_route=\/wp\/v2\/posts\/5247"}],"collection":[{"href":"http:\/\/damas.laiglesiadelacomunidad.com\/index.php?rest_route=\/wp\/v2\/posts"}],"about":[{"href":"http:\/\/damas.laiglesiadelacomunidad.com\/index.php?rest_route=\/wp\/v2\/types\/post"}],"author":[{"embeddable":true,"href":"http:\/\/damas.laiglesiadelacomunidad.com\/index.php?rest_route=\/wp\/v2\/users\/2"}],"replies":[{"embeddable":true,"href":"http:\/\/damas.laiglesiadelacomunidad.com\/index.php?rest_route=%2Fwp%2Fv2%2Fcomments&post=5247"}],"version-history":[{"count":1,"href":"http:\/\/damas.laiglesiadelacomunidad.com\/index.php?rest_route=\/wp\/v2\/posts\/5247\/revisions"}],"predecessor-version":[{"id":5248,"href":"http:\/\/damas.laiglesiadelacomunidad.com\/index.php?rest_route=\/wp\/v2\/posts\/5247\/revisions\/5248"}],"wp:attachment":[{"href":"http:\/\/damas.laiglesiadelacomunidad.com\/index.php?rest_route=%2Fwp%2Fv2%2Fmedia&parent=5247"}],"wp:term":[{"taxonomy":"category","embeddable":true,"href":"http:\/\/damas.laiglesiadelacomunidad.com\/index.php?rest_route=%2Fwp%2Fv2%2Fcategories&post=5247"},{"taxonomy":"post_tag","embeddable":true,"href":"http:\/\/damas.laiglesiadelacomunidad.com\/index.php?rest_route=%2Fwp%2Fv2%2Ftags&post=5247"}],"curies":[{"name":"wp","href":"https:\/\/api.w.org\/{rel}","templated":true}]}}