{"id":5227,"date":"2014-10-25T19:36:11","date_gmt":"2014-10-26T00:36:11","guid":{"rendered":"http:\/\/damas.laiglesiadelacomunidad.com\/?p=5227"},"modified":"2014-10-25T19:38:03","modified_gmt":"2014-10-26T00:38:03","slug":"ayuno-y-oracion-5","status":"publish","type":"post","link":"http:\/\/damas.laiglesiadelacomunidad.com\/?p=5227","title":{"rendered":"Ayuno y oraci\u00f3n"},"content":{"rendered":"<p>Jes\u00fas les dijo: \u00abYo soy el pan de vida. El que a m\u00ed viene, nunca tendr\u00e1 hambre; y el que en m\u00ed cree, no tendr\u00e1 sed jam\u00e1s. (\u202dSan Juan\u202c \u202d6\u202c:\u202d35\u202c RVC)<\/p>\n<p>Salmo 20:5<br \/>\nNosotros nos alegraremos en tu salvaci\u00f3n, Y alzaremos pend\u00f3n en el nombre de nuestro Dios; Conceda Jehov\u00e1 todas tus peticiones.<\/p>\n<p> No se preocupen por nada. Que sus peticiones sean conocidas delante de Dios en toda oraci\u00f3n y ruego, con acci\u00f3n de gracias, y que la paz de Dios, que sobrepasa todo entendimiento, guarde sus corazones y sus pensamientos en Cristo Jes\u00fas. (\u202dFilipenses\u202c \u202d4\u202c:\u202d6-7\u202c RVC) Am\u00e9n <\/p>\n<p><a href=\"http:\/\/damas.laiglesiadelacomunidad.com\/wp-content\/uploads\/2014\/10\/IMG_0965.jpg\"><img decoding=\"async\" src=\"http:\/\/damas.laiglesiadelacomunidad.com\/wp-content\/uploads\/2014\/10\/IMG_0965.jpg\" alt=\"IMG_0965.JPG\" class=\"alignnone size-full\" \/><\/a><\/p>\n<p><a href=\"http:\/\/damas.laiglesiadelacomunidad.com\/wp-content\/uploads\/2014\/10\/IMG_0966.jpg\"><img decoding=\"async\" src=\"http:\/\/damas.laiglesiadelacomunidad.com\/wp-content\/uploads\/2014\/10\/IMG_0966.jpg\" alt=\"IMG_0966.JPG\" class=\"alignnone size-full\" \/><\/a><\/p>\n<p><a href=\"http:\/\/damas.laiglesiadelacomunidad.com\/wp-content\/uploads\/2014\/10\/IMG_0967.jpg\"><img decoding=\"async\" src=\"http:\/\/damas.laiglesiadelacomunidad.com\/wp-content\/uploads\/2014\/10\/IMG_0967.jpg\" alt=\"IMG_0967.JPG\" class=\"alignnone size-full\" \/><\/a><\/p>\n","protected":false},"excerpt":{"rendered":"<p>Jes\u00fas les dijo: \u00abYo soy el pan de vida. El que a m\u00ed viene, nunca tendr\u00e1 hambre; y el que en m\u00ed cree, no tendr\u00e1 sed jam\u00e1s. (\u202dSan Juan\u202c \u202d6\u202c:\u202d35\u202c RVC) Salmo 20:5 Nosotros nos alegraremos en tu salvaci\u00f3n, Y alzaremos pend\u00f3n en el nombre de nuestro Dios; Conceda Jehov\u00e1 todas tus peticiones. No se &hellip; <a href=\"http:\/\/damas.laiglesiadelacomunidad.com\/?p=5227\" class=\"more-link\">Continue reading <span class=\"screen-reader-text\">Ayuno y oraci\u00f3n<\/span> <span class=\"meta-nav\">&rarr;<\/span><\/a><\/p>\n","protected":false},"author":2,"featured_media":0,"comment_status":"open","ping_status":"open","sticky":false,"template":"","format":"chat","meta":{"footnotes":""},"categories":[20],"tags":[],"_links":{"self":[{"href":"http:\/\/damas.laiglesiadelacomunidad.com\/index.php?rest_route=\/wp\/v2\/posts\/5227"}],"collection":[{"href":"http:\/\/damas.laiglesiadelacomunidad.com\/index.php?rest_route=\/wp\/v2\/posts"}],"about":[{"href":"http:\/\/damas.laiglesiadelacomunidad.com\/index.php?rest_route=\/wp\/v2\/types\/post"}],"author":[{"embeddable":true,"href":"http:\/\/damas.laiglesiadelacomunidad.com\/index.php?rest_route=\/wp\/v2\/users\/2"}],"replies":[{"embeddable":true,"href":"http:\/\/damas.laiglesiadelacomunidad.com\/index.php?rest_route=%2Fwp%2Fv2%2Fcomments&post=5227"}],"version-history":[{"count":1,"href":"http:\/\/damas.laiglesiadelacomunidad.com\/index.php?rest_route=\/wp\/v2\/posts\/5227\/revisions"}],"predecessor-version":[{"id":5228,"href":"http:\/\/damas.laiglesiadelacomunidad.com\/index.php?rest_route=\/wp\/v2\/posts\/5227\/revisions\/5228"}],"wp:attachment":[{"href":"http:\/\/damas.laiglesiadelacomunidad.com\/index.php?rest_route=%2Fwp%2Fv2%2Fmedia&parent=5227"}],"wp:term":[{"taxonomy":"category","embeddable":true,"href":"http:\/\/damas.laiglesiadelacomunidad.com\/index.php?rest_route=%2Fwp%2Fv2%2Fcategories&post=5227"},{"taxonomy":"post_tag","embeddable":true,"href":"http:\/\/damas.laiglesiadelacomunidad.com\/index.php?rest_route=%2Fwp%2Fv2%2Ftags&post=5227"}],"curies":[{"name":"wp","href":"https:\/\/api.w.org\/{rel}","templated":true}]}}