{"id":5211,"date":"2014-10-23T10:30:05","date_gmt":"2014-10-23T15:30:05","guid":{"rendered":"http:\/\/damas.laiglesiadelacomunidad.com\/?p=5211"},"modified":"2014-10-23T10:58:07","modified_gmt":"2014-10-23T15:58:07","slug":"estudio-22-de-oct-2014","status":"publish","type":"post","link":"http:\/\/damas.laiglesiadelacomunidad.com\/?p=5211","title":{"rendered":"Estudio 22 de Oct. 2014"},"content":{"rendered":"<p>Gracias Se\u00f1or por habernos dado una linda noche de estudio, me alegra mucho ver a las j\u00f3venes interesadas haciendo preguntas.<\/p>\n<p>El tema de anoche al igual que el de el domingo fue &#8220;Debiles , fracasados e indignos&#8221; eso es lo que algunas veces nosotras sentimos y estos sentimientos limitan nuestro impacto y lo que Dios podr\u00eda hacer a traves de nosotras en Su Reino.<\/p>\n<p>Jes\u00fas nos dio una responsabilidad de hacer disc\u00edpulos y los requisitos que \u00c9l puso no fueron cosas que nos pod\u00edan limitar a hacer el trabajo, los requisitos que \u00c9l pide son nada m\u00e1s que lo conozcamos, lo amemos. lo sigamos, le obedezcamos,que ense\u00f1emos a otros a seguirle (arrepentirse y bautizarle) y que ense\u00f1emos a que lo obedezcan y le conozcamos m\u00e1s.<\/p>\n<p>Vamos a leer la gran comisi\u00f3n y vamos a ver que all\u00ed Jes\u00fas no nos pone limitaciones para ense\u00f1ar el evangelio, como sos pecador, sos malo, sos debil, no sabes mucho de la Biblia. Esas limitaciones nos las ponemos nosotras mismas. Y tambi\u00e9n leeremos como Dios us\u00f3 a un perseguidor de la iglesia para que se convirtiera en uno de sus m\u00e1s fieles seguidores.<\/p>\n<p><span style=\"color: #800000;\"><strong><span id=\"es-RVC-24215\" class=\"text Matt-28-18\"><sup class=\"versenum\">\u00a0<\/sup>Jes\u00fas se acerc\u00f3 y les dijo: \u00abToda autoridad me ha sido dada en el cielo y en la tierra.<\/span><span id=\"es-RVC-24216\" class=\"text Matt-28-19\"><sup class=\"versenum\">\u00a0<\/sup>Por tanto, vayan y hagan disc\u00edpulos en todas las naciones, y baut\u00edcenlos en el nombre del Padre, y del Hijo, y del Esp\u00edritu Santo.<\/span> <\/strong><\/span><span id=\"es-RVC-24217\" class=\"text Matt-28-20\"><span style=\"color: #800000;\"><strong>Ens\u00e9\u00f1enles a cumplir todas las cosas que les he mandado. Y yo estar\u00e9 con ustedes todos los d\u00edas, hasta el fin del mundo.\u00bb Am\u00e9n<\/strong><\/span>. Mateo 28:18-20<\/span><\/p>\n<p><strong><span class=\"text Acts-8-1\">Saulo estuvo de acuerdo con la muerte de Esteban, y ese d\u00eda se desat\u00f3 una gran persecuci\u00f3n contra la iglesia que estaba en Jerusal\u00e9n, y muchos se dispersaron por las tierras de Judea y de Samaria, menos los ap\u00f3stoles.<\/span> <span id=\"es-RVC-27180\" class=\"text Acts-8-2\">Y mientras que unos hombres piadosos levantaron a Esteban y lo enterraron y lloraron mucho por \u00e9l,<\/span> <\/strong><span id=\"es-RVC-27181\" class=\"text Acts-8-3\"><strong><sup class=\"versenum\">\u00a0<\/sup>Saulo hac\u00eda destrozos en la iglesia: entraba a las casas, y arrastraba a hombres y mujeres y los llevaba a la c\u00e1rcel.<\/strong> Hechos 8:1-3<\/span><\/p>\n<p><strong><span class=\"text Acts-9-1\"><span class=\"chapternum\">\u00a0<\/span>Saulo a\u00fan lanzaba amenazas de muerte contra los disc\u00edpulos del Se\u00f1or cuando fue a ver al sumo sacerdote.<\/span> <\/strong><span id=\"es-RVC-27220\" class=\"text Acts-9-2\"><strong>All\u00ed le pidi\u00f3 cartas para las sinagogas de Damasco para que, en caso de hallar a hombres o mujeres de este Camino, los pudiera llevar presos a Jerusal\u00e9n.<\/strong> Hechos 9:1-2<\/span><\/p>\n<p><strong><span class=\"text 1Tim-1-12\">Doy gracias a Cristo Jes\u00fas nuestro Se\u00f1or, que me fortaleci\u00f3, porque me consider\u00f3 fiel al ponerme en el ministerio,<\/span> <span id=\"es-RVC-29711\" class=\"text 1Tim-1-13\">aun cuando antes yo hab\u00eda sido blasfemo, perseguidor e injuriador; pero fui tratado con misericordia porque lo hice por ignorancia, en incredulidad.<\/span> <span id=\"es-RVC-29712\" class=\"text 1Tim-1-14\">Pero la gracia de nuestro Se\u00f1or fue m\u00e1s abundante con la fe y el amor que es en Cristo Jes\u00fas.<\/span> <span id=\"es-RVC-29713\" class=\"text 1Tim-1-15\">Esta palabra es fiel y digna de ser recibida por todos: Cristo Jes\u00fas vino al mundo para salvar a los pecadores, de los cuales yo soy el primero.<\/span> <span id=\"es-RVC-29714\" class=\"text 1Tim-1-16\">Pero por esto fui tratado con misericordia, para que en m\u00ed, el primer pecador, Jesucristo mostrara toda su clemencia, para ejemplo de los que habr\u00edan de creer en \u00e9l para vida eterna.<\/span> <span id=\"es-RVC-29715\" class=\"text 1Tim-1-17\">Por tanto, al Rey de los siglos, al inmortal e invisible, al \u00fanico y sabio Dios, sean el honor y la gloria por los siglos de los siglos. Am\u00e9n.<\/span><\/strong><span id=\"es-RVC-29715\" class=\"text 1Tim-1-17\"> 1 Timoteo 1:12-17<\/span><\/p>\n<p>Se\u00f1or te pedimos que nos des el valor de hablar de Ti todo el tiempo, que nos ayudes a ser m\u00e1s y m\u00e1s como Jes\u00fas y nos has dignos de servirte, alejanos del mal y libranos de toda tentaci\u00f3n, te lo pedims en nombre de Jesucristo nuestro Se\u00f1or, Am\u00e9n.<\/p>\n<p>recuerden este s\u00e1bado es el d\u00eda de Oraci\u00f3n, ayuno y acci\u00f3n de gracias.<\/p>\n<p>Dios las bendiga, la amo mucho;<\/p>\n<p>Jackie C.<\/p>\n<p><a href=\"http:\/\/damas.laiglesiadelacomunidad.com\/wp-content\/uploads\/2014\/10\/IMG_0899.jpg\"><img loading=\"lazy\" decoding=\"async\" class=\"alignnone size-full wp-image-5161\" src=\"http:\/\/damas.laiglesiadelacomunidad.com\/wp-content\/uploads\/2014\/10\/IMG_0899.jpg\" alt=\"IMG_0899.JPG\" width=\"1920\" height=\"1920\" srcset=\"http:\/\/damas.laiglesiadelacomunidad.com\/wp-content\/uploads\/2014\/10\/IMG_0899.jpg 1920w, http:\/\/damas.laiglesiadelacomunidad.com\/wp-content\/uploads\/2014\/10\/IMG_0899-150x150.jpg 150w, http:\/\/damas.laiglesiadelacomunidad.com\/wp-content\/uploads\/2014\/10\/IMG_0899-300x300.jpg 300w, http:\/\/damas.laiglesiadelacomunidad.com\/wp-content\/uploads\/2014\/10\/IMG_0899-1024x1024.jpg 1024w\" sizes=\"(max-width: 1920px) 100vw, 1920px\" \/><\/a><\/p>\n","protected":false},"excerpt":{"rendered":"<p>Gracias Se\u00f1or por habernos dado una linda noche de estudio, me alegra mucho ver a las j\u00f3venes interesadas haciendo preguntas. El tema de anoche al igual que el de el domingo fue &#8220;Debiles , fracasados e indignos&#8221; eso es lo que algunas veces nosotras sentimos y estos sentimientos limitan nuestro impacto y lo que Dios &hellip; <a href=\"http:\/\/damas.laiglesiadelacomunidad.com\/?p=5211\" class=\"more-link\">Continue reading <span class=\"screen-reader-text\">Estudio 22 de Oct. 2014<\/span> <span class=\"meta-nav\">&rarr;<\/span><\/a><\/p>\n","protected":false},"author":2,"featured_media":0,"comment_status":"open","ping_status":"open","sticky":false,"template":"","format":"chat","meta":{"footnotes":""},"categories":[6],"tags":[],"_links":{"self":[{"href":"http:\/\/damas.laiglesiadelacomunidad.com\/index.php?rest_route=\/wp\/v2\/posts\/5211"}],"collection":[{"href":"http:\/\/damas.laiglesiadelacomunidad.com\/index.php?rest_route=\/wp\/v2\/posts"}],"about":[{"href":"http:\/\/damas.laiglesiadelacomunidad.com\/index.php?rest_route=\/wp\/v2\/types\/post"}],"author":[{"embeddable":true,"href":"http:\/\/damas.laiglesiadelacomunidad.com\/index.php?rest_route=\/wp\/v2\/users\/2"}],"replies":[{"embeddable":true,"href":"http:\/\/damas.laiglesiadelacomunidad.com\/index.php?rest_route=%2Fwp%2Fv2%2Fcomments&post=5211"}],"version-history":[{"count":2,"href":"http:\/\/damas.laiglesiadelacomunidad.com\/index.php?rest_route=\/wp\/v2\/posts\/5211\/revisions"}],"predecessor-version":[{"id":5214,"href":"http:\/\/damas.laiglesiadelacomunidad.com\/index.php?rest_route=\/wp\/v2\/posts\/5211\/revisions\/5214"}],"wp:attachment":[{"href":"http:\/\/damas.laiglesiadelacomunidad.com\/index.php?rest_route=%2Fwp%2Fv2%2Fmedia&parent=5211"}],"wp:term":[{"taxonomy":"category","embeddable":true,"href":"http:\/\/damas.laiglesiadelacomunidad.com\/index.php?rest_route=%2Fwp%2Fv2%2Fcategories&post=5211"},{"taxonomy":"post_tag","embeddable":true,"href":"http:\/\/damas.laiglesiadelacomunidad.com\/index.php?rest_route=%2Fwp%2Fv2%2Ftags&post=5211"}],"curies":[{"name":"wp","href":"https:\/\/api.w.org\/{rel}","templated":true}]}}