{"id":5166,"date":"2014-10-19T22:56:00","date_gmt":"2014-10-20T03:56:00","guid":{"rendered":"http:\/\/damas.laiglesiadelacomunidad.com\/?p=5166"},"modified":"2014-10-19T23:01:10","modified_gmt":"2014-10-20T04:01:10","slug":"reunion-19-de-oct-2014","status":"publish","type":"post","link":"http:\/\/damas.laiglesiadelacomunidad.com\/?p=5166","title":{"rendered":"Reunion 19 de Oct. 2014"},"content":{"rendered":"<p>Gracias a Dios por tan linda noche, Gracias a todas por quedarse a cenar y celebrar nuestro aniversario, gracias a todas por la comidita y por crear el ambiente tan lindo en el caf\u00e9. Nos hiceron sentir muy especiales.<\/p>\n<p>El tema del mensaje de hoy fue:<strong> &#8220;Debiles, fracasados e indignos&#8221;<\/strong>y la Idea grande de hoy fue<strong> &#8220;Dios usa personas imperfectas&#8221;.\u00a0<\/strong>Hoy volvimos a ver parte de la genealog\u00eda de Jes\u00fas, como sabemos la palabra de Dios es viva y eficaz y aunque sea genealog\u00eda es apta para exhortar.<\/p>\n<p>Vimos como a traves de los tiempos Dios utiliz\u00f3 hombres y mujeres d\u00e9biles, fracasados e indignos para cumplir con sus prop\u00f3sitos de\u00a0salvar a la humanidad. Parte de la genealog\u00eda de Jes\u00fas esa formada por mujeres como Rahab una prostituta que Dios escogi\u00f3 para salvar a su pueblo, Ruth una moabita que adoraba a otros dioses pero \u00a0que decidi\u00f3 seguir a Dios y que m\u00e1s tarde seria la bisabuela del Rey David. Betsab\u00e9 con la cual David pec\u00f3 pero por la gran misericordia de Dios y por el gran amor que David le ten\u00eda a Dios ella fue la escogida para que de su descendencia naciera Jes\u00fas, nuestro Se\u00f1or y Salvador.<\/p>\n<p>De la misma manera que Dios utiliz\u00f3 a todas estas personas que de una u otra manera pecaron grandenente contra \u00c9l, de esa manera por muy malas que nosotras seamos o por muy indignas que nos sintamos o por muchos fracasos que hayamos tenido en nuestra vida, Dios tiene grandes obras preparadas para nosotras, solo tenemos que estar decididas, esforzarnos\u00a0y ser valientes y nuestro Padre nos dar\u00e1 todo lo que necesitamos para hacer esas obras que \u00c9l quiere que hagamos.<\/p>\n<p><strong>Libro de la genealog\u00eda de Jesucristo, hijo de David, hijo de Abraham.<\/strong><\/p>\n<p><strong><span id=\"es-RVC-23149\" class=\"text Matt-1-3\">Jud\u00e1 engendr\u00f3 con Tamar a Fares y a Zeraj, Fares a Esr\u00f3n, y Esr\u00f3n a Aram.<\/span><\/strong><\/p>\n<p><strong><span id=\"es-RVC-23151\" class=\"text Matt-1-5\">Salm\u00f3n engendr\u00f3 con Rajab a Booz, Booz engendr\u00f3 con Rut a Obed, y Obed a Yes\u00e9.<\/span> <\/strong><span id=\"es-RVC-23152\" class=\"text Matt-1-6\"><strong>Yes\u00e9 engendr\u00f3 al rey David, y con la que fue mujer de Ur\u00edas el rey David engendr\u00f3 a Salom\u00f3n<\/strong>.Mateo 1:1,3,5-6<\/span><\/p>\n<p>Se\u00f1or te damos gracias por la misericordia que has tenido con nosotras, por usarnos a pesar de nuestras imperfecciones, te pedimos Se\u00f1or que nos ayudes a obedecerte para que podamos ser usadas para hacer crecer tu Reino. Te pido que nos mantengas unidas en tu amor y que sigas cuidando de tu iglesia, Te lo pedimos en nombre de tu hijo amado, Jesucristo, am\u00e9n.<\/p>\n<p>Que tengan una feliz semana y recuerden tienen una cita para el martes aqu\u00ed en su casa de las 5pm en adelante.<\/p>\n<p>Las quiero mucho;<\/p>\n<p>Jackie C.<\/p>\n<p><a href=\"http:\/\/damas.laiglesiadelacomunidad.com\/wp-content\/uploads\/2014\/10\/IMG_0911.jpg\"><img decoding=\"async\" src=\"http:\/\/damas.laiglesiadelacomunidad.com\/wp-content\/uploads\/2014\/10\/IMG_0911.jpg\" alt=\"IMG_0911.JPG\" class=\"alignnone size-full\" \/><\/a><\/p>\n<p><a href=\"http:\/\/damas.laiglesiadelacomunidad.com\/wp-content\/uploads\/2014\/10\/IMG_0912.jpg\"><img decoding=\"async\" src=\"http:\/\/damas.laiglesiadelacomunidad.com\/wp-content\/uploads\/2014\/10\/IMG_0912.jpg\" alt=\"IMG_0912.JPG\" class=\"alignnone size-full\" \/><\/a><\/p>\n<p><a href=\"http:\/\/damas.laiglesiadelacomunidad.com\/wp-content\/uploads\/2014\/10\/IMG_0913.jpg\"><img decoding=\"async\" src=\"http:\/\/damas.laiglesiadelacomunidad.com\/wp-content\/uploads\/2014\/10\/IMG_0913.jpg\" alt=\"IMG_0913.JPG\" class=\"alignnone size-full\" \/><\/a><\/p>\n<p><a href=\"http:\/\/damas.laiglesiadelacomunidad.com\/wp-content\/uploads\/2014\/10\/IMG_0914.jpg\"><img decoding=\"async\" src=\"http:\/\/damas.laiglesiadelacomunidad.com\/wp-content\/uploads\/2014\/10\/IMG_0914.jpg\" alt=\"IMG_0914.JPG\" class=\"alignnone size-full\" \/><\/a><\/p>\n<p><a href=\"http:\/\/damas.laiglesiadelacomunidad.com\/wp-content\/uploads\/2014\/10\/IMG_0915.jpg\"><img decoding=\"async\" src=\"http:\/\/damas.laiglesiadelacomunidad.com\/wp-content\/uploads\/2014\/10\/IMG_0915.jpg\" alt=\"IMG_0915.JPG\" class=\"alignnone size-full\" \/><\/a><\/p>\n<p><a href=\"http:\/\/damas.laiglesiadelacomunidad.com\/wp-content\/uploads\/2014\/10\/IMG_0916.jpg\"><img decoding=\"async\" src=\"http:\/\/damas.laiglesiadelacomunidad.com\/wp-content\/uploads\/2014\/10\/IMG_0916.jpg\" alt=\"IMG_0916.JPG\" class=\"alignnone size-full\" \/><\/a><\/p>\n<p><a href=\"http:\/\/damas.laiglesiadelacomunidad.com\/wp-content\/uploads\/2014\/10\/IMG_0918.jpg\"><img decoding=\"async\" src=\"http:\/\/damas.laiglesiadelacomunidad.com\/wp-content\/uploads\/2014\/10\/IMG_0918.jpg\" alt=\"IMG_0918.JPG\" class=\"alignnone size-full\" \/><\/a><\/p>\n<p><a href=\"http:\/\/damas.laiglesiadelacomunidad.com\/wp-content\/uploads\/2014\/10\/IMG_0917.jpg\"><img decoding=\"async\" src=\"http:\/\/damas.laiglesiadelacomunidad.com\/wp-content\/uploads\/2014\/10\/IMG_0917.jpg\" alt=\"IMG_0917.JPG\" class=\"alignnone size-full\" \/><\/a><\/p>\n<p><a href=\"http:\/\/damas.laiglesiadelacomunidad.com\/wp-content\/uploads\/2014\/10\/IMG_0922.jpg\"><img decoding=\"async\" src=\"http:\/\/damas.laiglesiadelacomunidad.com\/wp-content\/uploads\/2014\/10\/IMG_0922.jpg\" alt=\"IMG_0922.JPG\" class=\"alignnone size-full\" \/><\/a><\/p>\n<p><a href=\"http:\/\/damas.laiglesiadelacomunidad.com\/wp-content\/uploads\/2014\/10\/IMG_0920.jpg\"><img decoding=\"async\" src=\"http:\/\/damas.laiglesiadelacomunidad.com\/wp-content\/uploads\/2014\/10\/IMG_0920.jpg\" alt=\"IMG_0920.JPG\" class=\"alignnone size-full\" \/><\/a><\/p>\n<p><a href=\"http:\/\/damas.laiglesiadelacomunidad.com\/wp-content\/uploads\/2014\/10\/IMG_0921.jpg\"><img decoding=\"async\" src=\"http:\/\/damas.laiglesiadelacomunidad.com\/wp-content\/uploads\/2014\/10\/IMG_0921.jpg\" alt=\"IMG_0921.JPG\" class=\"alignnone size-full\" \/><\/a><\/p>\n<p><a href=\"http:\/\/damas.laiglesiadelacomunidad.com\/wp-content\/uploads\/2014\/10\/IMG_0919.jpg\"><img decoding=\"async\" src=\"http:\/\/damas.laiglesiadelacomunidad.com\/wp-content\/uploads\/2014\/10\/IMG_0919.jpg\" alt=\"IMG_0919.JPG\" class=\"alignnone size-full\" \/><\/a><\/p>\n<p><a href=\"http:\/\/damas.laiglesiadelacomunidad.com\/wp-content\/uploads\/2014\/10\/IMG_0923.jpg\"><img decoding=\"async\" src=\"http:\/\/damas.laiglesiadelacomunidad.com\/wp-content\/uploads\/2014\/10\/IMG_0923.jpg\" alt=\"IMG_0923.JPG\" class=\"alignnone size-full\" \/><\/a><\/p>\n<p><a href=\"http:\/\/damas.laiglesiadelacomunidad.com\/wp-content\/uploads\/2014\/10\/IMG_0925.jpg\"><img decoding=\"async\" src=\"http:\/\/damas.laiglesiadelacomunidad.com\/wp-content\/uploads\/2014\/10\/IMG_0925.jpg\" alt=\"IMG_0925.JPG\" class=\"alignnone size-full\" \/><\/a><\/p>\n<p><a href=\"http:\/\/damas.laiglesiadelacomunidad.com\/wp-content\/uploads\/2014\/10\/IMG_0924.jpg\"><img decoding=\"async\" src=\"http:\/\/damas.laiglesiadelacomunidad.com\/wp-content\/uploads\/2014\/10\/IMG_0924.jpg\" alt=\"IMG_0924.JPG\" class=\"alignnone size-full\" \/><\/a><\/p>\n<p><a href=\"http:\/\/damas.laiglesiadelacomunidad.com\/wp-content\/uploads\/2014\/10\/IMG_0926.jpg\"><img decoding=\"async\" src=\"http:\/\/damas.laiglesiadelacomunidad.com\/wp-content\/uploads\/2014\/10\/IMG_0926.jpg\" alt=\"IMG_0926.JPG\" class=\"alignnone size-full\" \/><\/a><\/p>\n<p><a href=\"http:\/\/damas.laiglesiadelacomunidad.com\/wp-content\/uploads\/2014\/10\/IMG_0927.jpg\"><img decoding=\"async\" src=\"http:\/\/damas.laiglesiadelacomunidad.com\/wp-content\/uploads\/2014\/10\/IMG_0927.jpg\" alt=\"IMG_0927.JPG\" class=\"alignnone size-full\" \/><\/a><\/p>\n<p><a href=\"http:\/\/damas.laiglesiadelacomunidad.com\/wp-content\/uploads\/2014\/10\/IMG_0928.jpg\"><img decoding=\"async\" src=\"http:\/\/damas.laiglesiadelacomunidad.com\/wp-content\/uploads\/2014\/10\/IMG_0928.jpg\" alt=\"IMG_0928.JPG\" class=\"alignnone size-full\" \/><\/a><\/p>\n","protected":false},"excerpt":{"rendered":"<p>Gracias a Dios por tan linda noche, Gracias a todas por quedarse a cenar y celebrar nuestro aniversario, gracias a todas por la comidita y por crear el ambiente tan lindo en el caf\u00e9. Nos hiceron sentir muy especiales. El tema del mensaje de hoy fue: &#8220;Debiles, fracasados e indignos&#8221;y la Idea grande de hoy &hellip; <a href=\"http:\/\/damas.laiglesiadelacomunidad.com\/?p=5166\" class=\"more-link\">Continue reading <span class=\"screen-reader-text\">Reunion 19 de Oct. 2014<\/span> <span class=\"meta-nav\">&rarr;<\/span><\/a><\/p>\n","protected":false},"author":2,"featured_media":0,"comment_status":"open","ping_status":"open","sticky":false,"template":"","format":"chat","meta":{"footnotes":""},"categories":[7],"tags":[],"_links":{"self":[{"href":"http:\/\/damas.laiglesiadelacomunidad.com\/index.php?rest_route=\/wp\/v2\/posts\/5166"}],"collection":[{"href":"http:\/\/damas.laiglesiadelacomunidad.com\/index.php?rest_route=\/wp\/v2\/posts"}],"about":[{"href":"http:\/\/damas.laiglesiadelacomunidad.com\/index.php?rest_route=\/wp\/v2\/types\/post"}],"author":[{"embeddable":true,"href":"http:\/\/damas.laiglesiadelacomunidad.com\/index.php?rest_route=\/wp\/v2\/users\/2"}],"replies":[{"embeddable":true,"href":"http:\/\/damas.laiglesiadelacomunidad.com\/index.php?rest_route=%2Fwp%2Fv2%2Fcomments&post=5166"}],"version-history":[{"count":5,"href":"http:\/\/damas.laiglesiadelacomunidad.com\/index.php?rest_route=\/wp\/v2\/posts\/5166\/revisions"}],"predecessor-version":[{"id":5189,"href":"http:\/\/damas.laiglesiadelacomunidad.com\/index.php?rest_route=\/wp\/v2\/posts\/5166\/revisions\/5189"}],"wp:attachment":[{"href":"http:\/\/damas.laiglesiadelacomunidad.com\/index.php?rest_route=%2Fwp%2Fv2%2Fmedia&parent=5166"}],"wp:term":[{"taxonomy":"category","embeddable":true,"href":"http:\/\/damas.laiglesiadelacomunidad.com\/index.php?rest_route=%2Fwp%2Fv2%2Fcategories&post=5166"},{"taxonomy":"post_tag","embeddable":true,"href":"http:\/\/damas.laiglesiadelacomunidad.com\/index.php?rest_route=%2Fwp%2Fv2%2Ftags&post=5166"}],"curies":[{"name":"wp","href":"https:\/\/api.w.org\/{rel}","templated":true}]}}