{"id":5156,"date":"2014-10-17T13:31:33","date_gmt":"2014-10-17T18:31:33","guid":{"rendered":"http:\/\/damas.laiglesiadelacomunidad.com\/?p=5156"},"modified":"2014-10-17T14:02:45","modified_gmt":"2014-10-17T19:02:45","slug":"versiculo-para-meditar-104","status":"publish","type":"post","link":"http:\/\/damas.laiglesiadelacomunidad.com\/?p=5156","title":{"rendered":"Vers\u00edculo para Meditar"},"content":{"rendered":"<p><sup class=\"versenum\">\u00a0<\/sup>Porque se levantar\u00e1n falsos Cristos, y falsos profetas, y har\u00e1n grandes se\u00f1ales y prodigios, de tal manera que enga\u00f1ar\u00e1n, si fuere posible, aun a los escogidos. Mateo 24:24<\/p>\n","protected":false},"excerpt":{"rendered":"<p>\u00a0Porque se levantar\u00e1n falsos Cristos, y falsos profetas, y har\u00e1n grandes se\u00f1ales y prodigios, de tal manera que enga\u00f1ar\u00e1n, si fuere posible, aun a los escogidos. Mateo 24:24<\/p>\n","protected":false},"author":2,"featured_media":0,"comment_status":"open","ping_status":"open","sticky":false,"template":"","format":"gallery","meta":{"footnotes":""},"categories":[5],"tags":[],"_links":{"self":[{"href":"http:\/\/damas.laiglesiadelacomunidad.com\/index.php?rest_route=\/wp\/v2\/posts\/5156"}],"collection":[{"href":"http:\/\/damas.laiglesiadelacomunidad.com\/index.php?rest_route=\/wp\/v2\/posts"}],"about":[{"href":"http:\/\/damas.laiglesiadelacomunidad.com\/index.php?rest_route=\/wp\/v2\/types\/post"}],"author":[{"embeddable":true,"href":"http:\/\/damas.laiglesiadelacomunidad.com\/index.php?rest_route=\/wp\/v2\/users\/2"}],"replies":[{"embeddable":true,"href":"http:\/\/damas.laiglesiadelacomunidad.com\/index.php?rest_route=%2Fwp%2Fv2%2Fcomments&post=5156"}],"version-history":[{"count":1,"href":"http:\/\/damas.laiglesiadelacomunidad.com\/index.php?rest_route=\/wp\/v2\/posts\/5156\/revisions"}],"predecessor-version":[{"id":5157,"href":"http:\/\/damas.laiglesiadelacomunidad.com\/index.php?rest_route=\/wp\/v2\/posts\/5156\/revisions\/5157"}],"wp:attachment":[{"href":"http:\/\/damas.laiglesiadelacomunidad.com\/index.php?rest_route=%2Fwp%2Fv2%2Fmedia&parent=5156"}],"wp:term":[{"taxonomy":"category","embeddable":true,"href":"http:\/\/damas.laiglesiadelacomunidad.com\/index.php?rest_route=%2Fwp%2Fv2%2Fcategories&post=5156"},{"taxonomy":"post_tag","embeddable":true,"href":"http:\/\/damas.laiglesiadelacomunidad.com\/index.php?rest_route=%2Fwp%2Fv2%2Ftags&post=5156"}],"curies":[{"name":"wp","href":"https:\/\/api.w.org\/{rel}","templated":true}]}}