{"id":5154,"date":"2014-10-16T00:06:22","date_gmt":"2014-10-16T05:06:22","guid":{"rendered":"http:\/\/damas.laiglesiadelacomunidad.com\/?p=5154"},"modified":"2014-10-16T00:07:38","modified_gmt":"2014-10-16T05:07:38","slug":"estudio-15-de-oct-2014","status":"publish","type":"post","link":"http:\/\/damas.laiglesiadelacomunidad.com\/?p=5154","title":{"rendered":"Estudio 15 de Oct. 2014"},"content":{"rendered":"<p>Gracias Se\u00f1or por tan linda reuni\u00f3n , gracias Se\u00f1or por cuidar y proteger a \u00e9ste grupo, por traer gente que ama tu palabra y desea de coraz\u00f3n obedecerla.<\/p>\n<p>El pr\u00f3posito de el estudio fue a aprender a decir si de antemano a Dios, Si realmente confiamos en Dios, sabemos que \u00c9l desea lo mejor para nosotros y para las personas que \u00c9l ha puesto en nuestras vidas (esposos, hijos, vecinos, compa\u00f1eros de trabajo etc.). Obedecer \u00a0a Dios trae bendiciones para nosotros y los que estan al nuestro alrededor e incluso a futuras generaciones y lo mismo pasa cuando le desobedecemos trae consecuencias negativas para nosostros, para la gente en la que tenemos influencia y para las futuras generaciones.<\/p>\n<p>En la historia de Abraham vimos el efecto que tuvo su vida y en la vida de nosotras por haber dicho s\u00ed a Dios. Dios le dio la promesa de que su desendencia iba a ser un pueblo numeroso y que por el serian benditas todas la naciones (all\u00ed estamos incluidas nosotras) por medio de \u00e9l vino la salvaci\u00f3n al mundo, de su linaje naci\u00f3 nuestro Se\u00f1or y redentor, Jesucristo.<\/p>\n<p class=\"chapter-2\"><strong><span class=\"text Gen-12-1\">Pero el Se\u00f1or le hab\u00eda dicho a Abr\u00e1n:\u00a0<\/span><\/strong><strong><span class=\"text Gen-12-1\">\u00abVete de tu tierra y de tu parentela, y de la casa de tu padre, a la tierra que te mostrar\u00e9.<\/span><span id=\"es-RVC-301\" class=\"text Gen-12-2\">Yo har\u00e9 de ti una naci\u00f3n grande. Te bendecir\u00e9, y engrandecer\u00e9 tu nombre, y ser\u00e1s bendici\u00f3n.<\/span> <\/strong><span id=\"es-RVC-302\" class=\"text Gen-12-3\"><strong>Bendecir\u00e9 a los que te bendigan, y maldecir\u00e9 a los que te maldigan; y en ti ser\u00e1n benditas todas las familias de la tierra.\u00bb<\/strong> G\u00e9nesis 12:1-3<\/span><\/p>\n<p><strong><span id=\"es-RVC-563\" class=\"text Gen-22-15\">Por segunda vez, el \u00e1ngel del Se\u00f1or llam\u00f3 a Abrah\u00e1n desde el cielo<\/span> <span id=\"es-RVC-564\" class=\"text Gen-22-16\">y le dijo:\u00a0<\/span><span class=\"text Gen-22-16\">\u00abYo, el Se\u00f1or, he jurado por m\u00ed mismo que, por esto que has hecho, de no negarme a tu \u00fanico hijo,<\/span> <span id=\"es-RVC-565\" class=\"text Gen-22-17\">ciertamente te bendecir\u00e9; multiplicar\u00e9 tu descendencia como las estrellas del cielo y como la arena que hay a la orilla del mar; \u00a1tu descendencia conquistar\u00e1 las ciudades de sus enemigos!<\/span> <\/strong><span id=\"es-RVC-566\" class=\"text Gen-22-18\"><strong>En tu simiente ser\u00e1n bendecidas todas las naciones de la tierra, por cuanto atendiste a mi voz.\u00bb<\/strong> G\u00e9nesis 22:15-18<\/span><\/p>\n<p><strong><span id=\"es-RVC-30182\" class=\"text Heb-11-8\">Por la fe, Abrah\u00e1n obedeci\u00f3 cuando fue llamado, y sali\u00f3 sin saber a d\u00f3nde iba, y se dirigi\u00f3 al lugar que iba a recibir como herencia.<\/span> <span id=\"es-RVC-30183\" class=\"text Heb-11-9\">Por la fe, habit\u00f3 en la tierra prometida como un extra\u00f1o en tierra extra\u00f1a, y vivi\u00f3 en tiendas con Isaac y Jacob, quienes eran coherederos de la misma promesa;<\/span> <span id=\"es-RVC-30184\" class=\"text Heb-11-10\">porque esperaba llegar a la ciudad que tiene fundamentos, cuyo arquitecto y constructor es Dios.<\/span> <span id=\"es-RVC-30185\" class=\"text Heb-11-11\">Por la fe, Sara misma recibi\u00f3 fuerzas para concebir, aunque era est\u00e9ril, y dio a luz, aun cuando por su edad se le hab\u00eda pasado el tiempo, porque crey\u00f3 que era fiel quien le hab\u00eda hecho la promesa.<\/span> <\/strong><span id=\"es-RVC-30186\" class=\"text Heb-11-12\"><strong>Por eso tambi\u00e9n, de un solo hombre, que ya estaba casi muerto, lleg\u00f3 a tener una multitud de descendientes, tan numerosos como las estrellas del cielo y tan incontables como la arena que est\u00e1 a la orilla del mar.<\/strong> Hebreos 11:8-12<\/span><\/p>\n<p>Se\u00f1or te pedimos que nos des la fe de decir SI, te pido que guardes nuestro coraz\u00f3n de desobedecerte, ayudanos Padre a escuchar tu voz y no endurecer nuestros corazones a tu llamado, te lo pedimos en nombre de tu hijo amado, Jesucristo, am\u00e9n.<\/p>\n<p>Que pasen un buen resto de semana, las quiero mucho;<\/p>\n<p>Jackie C.<\/p>\n","protected":false},"excerpt":{"rendered":"<p>Gracias Se\u00f1or por tan linda reuni\u00f3n , gracias Se\u00f1or por cuidar y proteger a \u00e9ste grupo, por traer gente que ama tu palabra y desea de coraz\u00f3n obedecerla. El pr\u00f3posito de el estudio fue a aprender a decir si de antemano a Dios, Si realmente confiamos en Dios, sabemos que \u00c9l desea lo mejor para &hellip; <a href=\"http:\/\/damas.laiglesiadelacomunidad.com\/?p=5154\" class=\"more-link\">Continue reading <span class=\"screen-reader-text\">Estudio 15 de Oct. 2014<\/span> <span class=\"meta-nav\">&rarr;<\/span><\/a><\/p>\n","protected":false},"author":2,"featured_media":0,"comment_status":"open","ping_status":"open","sticky":false,"template":"","format":"standard","meta":{"footnotes":""},"categories":[6],"tags":[],"_links":{"self":[{"href":"http:\/\/damas.laiglesiadelacomunidad.com\/index.php?rest_route=\/wp\/v2\/posts\/5154"}],"collection":[{"href":"http:\/\/damas.laiglesiadelacomunidad.com\/index.php?rest_route=\/wp\/v2\/posts"}],"about":[{"href":"http:\/\/damas.laiglesiadelacomunidad.com\/index.php?rest_route=\/wp\/v2\/types\/post"}],"author":[{"embeddable":true,"href":"http:\/\/damas.laiglesiadelacomunidad.com\/index.php?rest_route=\/wp\/v2\/users\/2"}],"replies":[{"embeddable":true,"href":"http:\/\/damas.laiglesiadelacomunidad.com\/index.php?rest_route=%2Fwp%2Fv2%2Fcomments&post=5154"}],"version-history":[{"count":1,"href":"http:\/\/damas.laiglesiadelacomunidad.com\/index.php?rest_route=\/wp\/v2\/posts\/5154\/revisions"}],"predecessor-version":[{"id":5155,"href":"http:\/\/damas.laiglesiadelacomunidad.com\/index.php?rest_route=\/wp\/v2\/posts\/5154\/revisions\/5155"}],"wp:attachment":[{"href":"http:\/\/damas.laiglesiadelacomunidad.com\/index.php?rest_route=%2Fwp%2Fv2%2Fmedia&parent=5154"}],"wp:term":[{"taxonomy":"category","embeddable":true,"href":"http:\/\/damas.laiglesiadelacomunidad.com\/index.php?rest_route=%2Fwp%2Fv2%2Fcategories&post=5154"},{"taxonomy":"post_tag","embeddable":true,"href":"http:\/\/damas.laiglesiadelacomunidad.com\/index.php?rest_route=%2Fwp%2Fv2%2Ftags&post=5154"}],"curies":[{"name":"wp","href":"https:\/\/api.w.org\/{rel}","templated":true}]}}