{"id":5152,"date":"2014-10-15T10:58:02","date_gmt":"2014-10-15T15:58:02","guid":{"rendered":"http:\/\/damas.laiglesiadelacomunidad.com\/?p=5152"},"modified":"2014-10-15T10:58:02","modified_gmt":"2014-10-15T15:58:02","slug":"versiculos-para-meditar-56","status":"publish","type":"post","link":"http:\/\/damas.laiglesiadelacomunidad.com\/?p=5152","title":{"rendered":"Vers\u00edculos para Meditar"},"content":{"rendered":"<p>Jes\u00fas volvi\u00f3 a llamar a toda la gente, y les dijo: \u00abEsc\u00fachenme todos, y entiendan: Nada que venga de afuera puede contaminar a nadie. Lo que contamina a la persona es lo que sale de ella.\u00bb (\u202dSan Marcos\u202c \u202d7\u202c:\u202d14-15\u202c RVC)<\/p>\n","protected":false},"excerpt":{"rendered":"<p>Jes\u00fas volvi\u00f3 a llamar a toda la gente, y les dijo: \u00abEsc\u00fachenme todos, y entiendan: Nada que venga de afuera puede contaminar a nadie. Lo que contamina a la persona es lo que sale de ella.\u00bb (\u202dSan Marcos\u202c \u202d7\u202c:\u202d14-15\u202c RVC)<\/p>\n","protected":false},"author":2,"featured_media":0,"comment_status":"open","ping_status":"open","sticky":false,"template":"","format":"chat","meta":{"footnotes":""},"categories":[5],"tags":[],"_links":{"self":[{"href":"http:\/\/damas.laiglesiadelacomunidad.com\/index.php?rest_route=\/wp\/v2\/posts\/5152"}],"collection":[{"href":"http:\/\/damas.laiglesiadelacomunidad.com\/index.php?rest_route=\/wp\/v2\/posts"}],"about":[{"href":"http:\/\/damas.laiglesiadelacomunidad.com\/index.php?rest_route=\/wp\/v2\/types\/post"}],"author":[{"embeddable":true,"href":"http:\/\/damas.laiglesiadelacomunidad.com\/index.php?rest_route=\/wp\/v2\/users\/2"}],"replies":[{"embeddable":true,"href":"http:\/\/damas.laiglesiadelacomunidad.com\/index.php?rest_route=%2Fwp%2Fv2%2Fcomments&post=5152"}],"version-history":[{"count":1,"href":"http:\/\/damas.laiglesiadelacomunidad.com\/index.php?rest_route=\/wp\/v2\/posts\/5152\/revisions"}],"predecessor-version":[{"id":5153,"href":"http:\/\/damas.laiglesiadelacomunidad.com\/index.php?rest_route=\/wp\/v2\/posts\/5152\/revisions\/5153"}],"wp:attachment":[{"href":"http:\/\/damas.laiglesiadelacomunidad.com\/index.php?rest_route=%2Fwp%2Fv2%2Fmedia&parent=5152"}],"wp:term":[{"taxonomy":"category","embeddable":true,"href":"http:\/\/damas.laiglesiadelacomunidad.com\/index.php?rest_route=%2Fwp%2Fv2%2Fcategories&post=5152"},{"taxonomy":"post_tag","embeddable":true,"href":"http:\/\/damas.laiglesiadelacomunidad.com\/index.php?rest_route=%2Fwp%2Fv2%2Ftags&post=5152"}],"curies":[{"name":"wp","href":"https:\/\/api.w.org\/{rel}","templated":true}]}}