{"id":5150,"date":"2014-10-14T10:29:00","date_gmt":"2014-10-14T15:29:00","guid":{"rendered":"http:\/\/damas.laiglesiadelacomunidad.com\/?p=5150"},"modified":"2014-10-14T10:29:00","modified_gmt":"2014-10-14T15:29:00","slug":"versiculos-para-meditar-55","status":"publish","type":"post","link":"http:\/\/damas.laiglesiadelacomunidad.com\/?p=5150","title":{"rendered":"Vers\u00edculos para Meditar"},"content":{"rendered":"<p>Y es que por causa de Herod\u00edas, la mujer de su hermano Felipe, que Herodes hab\u00eda tomado por mujer, Herodes mismo hab\u00eda mandado que aprehendieran a Juan y lo encadenaran en la c\u00e1rcel. Juan le hab\u00eda dicho a Herodes: \u00abNo te es l\u00edcito tener a la mujer de tu hermano.\u00bb Por eso Herod\u00edas le guardaba rencor, y deseaba matarlo; pero no pod\u00eda (\u202dSan Marcos\u202c \u202d6\u202c:\u202d17-19\u202c RVC)<\/p>\n","protected":false},"excerpt":{"rendered":"<p>Y es que por causa de Herod\u00edas, la mujer de su hermano Felipe, que Herodes hab\u00eda tomado por mujer, Herodes mismo hab\u00eda mandado que aprehendieran a Juan y lo encadenaran en la c\u00e1rcel. Juan le hab\u00eda dicho a Herodes: \u00abNo te es l\u00edcito tener a la mujer de tu hermano.\u00bb Por eso Herod\u00edas le guardaba &hellip; <a href=\"http:\/\/damas.laiglesiadelacomunidad.com\/?p=5150\" class=\"more-link\">Continue reading <span class=\"screen-reader-text\">Vers\u00edculos para Meditar<\/span> <span class=\"meta-nav\">&rarr;<\/span><\/a><\/p>\n","protected":false},"author":2,"featured_media":0,"comment_status":"open","ping_status":"open","sticky":false,"template":"","format":"standard","meta":{"footnotes":""},"categories":[5],"tags":[],"_links":{"self":[{"href":"http:\/\/damas.laiglesiadelacomunidad.com\/index.php?rest_route=\/wp\/v2\/posts\/5150"}],"collection":[{"href":"http:\/\/damas.laiglesiadelacomunidad.com\/index.php?rest_route=\/wp\/v2\/posts"}],"about":[{"href":"http:\/\/damas.laiglesiadelacomunidad.com\/index.php?rest_route=\/wp\/v2\/types\/post"}],"author":[{"embeddable":true,"href":"http:\/\/damas.laiglesiadelacomunidad.com\/index.php?rest_route=\/wp\/v2\/users\/2"}],"replies":[{"embeddable":true,"href":"http:\/\/damas.laiglesiadelacomunidad.com\/index.php?rest_route=%2Fwp%2Fv2%2Fcomments&post=5150"}],"version-history":[{"count":1,"href":"http:\/\/damas.laiglesiadelacomunidad.com\/index.php?rest_route=\/wp\/v2\/posts\/5150\/revisions"}],"predecessor-version":[{"id":5151,"href":"http:\/\/damas.laiglesiadelacomunidad.com\/index.php?rest_route=\/wp\/v2\/posts\/5150\/revisions\/5151"}],"wp:attachment":[{"href":"http:\/\/damas.laiglesiadelacomunidad.com\/index.php?rest_route=%2Fwp%2Fv2%2Fmedia&parent=5150"}],"wp:term":[{"taxonomy":"category","embeddable":true,"href":"http:\/\/damas.laiglesiadelacomunidad.com\/index.php?rest_route=%2Fwp%2Fv2%2Fcategories&post=5150"},{"taxonomy":"post_tag","embeddable":true,"href":"http:\/\/damas.laiglesiadelacomunidad.com\/index.php?rest_route=%2Fwp%2Fv2%2Ftags&post=5150"}],"curies":[{"name":"wp","href":"https:\/\/api.w.org\/{rel}","templated":true}]}}