{"id":5138,"date":"2014-10-12T22:04:16","date_gmt":"2014-10-13T03:04:16","guid":{"rendered":"http:\/\/damas.laiglesiadelacomunidad.com\/?p=5138"},"modified":"2014-10-13T15:57:31","modified_gmt":"2014-10-13T20:57:31","slug":"reunion-12-de-oct-2014","status":"publish","type":"post","link":"http:\/\/damas.laiglesiadelacomunidad.com\/?p=5138","title":{"rendered":"Reuni\u00f3n 12 de Oct. 2014"},"content":{"rendered":"<p>Gracias Se\u00f1or por la linda noche que nos diste, gracias por los an\u00edmos y por el gozo que pudimos experimentar hoy en la reuni\u00f3n.<\/p>\n<p>Hoy tuvimos un excelente mensaje, me abri\u00f3 los ojos y me d\u00ed cuenta que no siempre digo si a Dios cuando me pide cosas faciles o dif\u00edciles, muchas veces tomamos un desvio &#8220;bueno&#8221; porque no le estoy haciendo mal a nadie y tampoco lo que prefiero hacer no es malo, pero estoy desobedeciendo porque no estoy haciendo lo que Dios me pidi\u00f3.<\/p>\n<p>La idea grande de hoy fue: <strong>&#8220;La respuesta es SI&#8221;.\u00a0<\/strong>Dos ejemplos claros de decir si sin buscar desvios son los de Jos\u00e9 y Mar\u00eda los padres de Jes\u00fas dos personas comunes y corrientes como nosotros, Mar\u00eda una jovencita virgen y comprometida en matrimonio dijo si a Dios y concibi\u00f3 por obra del Esp\u00edritu Santo al hijo de Dios, nuestro Salvador. De la misma manera Jos\u00e9 el prometido de Mar\u00eda dijo si al Se\u00f1or y se cas\u00f3 con Mar\u00eda una mujer embarazada no de \u00e9l y se hizo responsable de un hijo que no era suyo. Dos ejemplos que nos dejan con la boca abierta y nos pone a pensar \u00bfQu\u00e9 hubiera dicho yo?<\/p>\n<p><strong><span class=\"text Luke-1-26\">Seis meses despu\u00e9s, Dios envi\u00f3 al \u00e1ngel Gabriel a la ciudad galilea de Nazaret<\/span> <span id=\"es-RVC-24922\" class=\"text Luke-1-27\">para ver a Mar\u00eda, una virgen que estaba comprometida con Jos\u00e9, un hombre que era descendiente de David.<\/span> <span id=\"es-RVC-24923\" class=\"text Luke-1-28\">El \u00e1ngel entr\u00f3 en donde ella estaba y le dijo: \u00ab\u00a1Salve, muy favorecida! El Se\u00f1or est\u00e1 contigo.\u00bb<\/span> <span id=\"es-RVC-24924\" class=\"text Luke-1-29\">Cuando ella escuch\u00f3 estas palabras, se sorprendi\u00f3 y se preguntaba qu\u00e9 clase de saludo era \u00e9se.<\/span> <span id=\"es-RVC-24925\" class=\"text Luke-1-30\">El \u00e1ngel le dijo: \u00abMar\u00eda, no temas. Dios te ha concedido su gracia.<\/span> <span id=\"es-RVC-24926\" class=\"text Luke-1-31\">Vas a quedar encinta, y dar\u00e1s a luz un hijo, y le pondr\u00e1s por nombre JES\u00daS.<\/span> <span id=\"es-RVC-24927\" class=\"text Luke-1-32\">\u00c9ste ser\u00e1 un gran hombre, y lo llamar\u00e1n Hijo del Alt\u00edsimo. Dios, el Se\u00f1or, le dar\u00e1 el trono de David, su padre,<\/span> <span id=\"es-RVC-24928\" class=\"text Luke-1-33\">y reinar\u00e1 sobre la casa de Jacob para siempre, y su reino no tendr\u00e1 fin.\u00bb<\/span> <span id=\"es-RVC-24929\" class=\"text Luke-1-34\">Pero Mar\u00eda le dijo al \u00e1ngel: \u00ab\u00bfY esto c\u00f3mo va a suceder? \u00a1Nunca he estado con un hombre!\u00bb<\/span> <span id=\"es-RVC-24930\" class=\"text Luke-1-35\">El \u00e1ngel le respondi\u00f3: \u00abEl Esp\u00edritu Santo vendr\u00e1 sobre ti, y el poder del Alt\u00edsimo te cubrir\u00e1 con su sombra. Por eso el Santo Ser que nacer\u00e1 ser\u00e1 llamado Hijo de Dios.<\/span> <span id=\"es-RVC-24931\" class=\"text Luke-1-36\">Tambi\u00e9n tu parienta Elisabet, la que llamaban est\u00e9ril, ha concebido un hijo en su vejez, y ya est\u00e1 en su sexto mes de embarazo.<\/span> <span id=\"es-RVC-24932\" class=\"text Luke-1-37\">\u00a1Para Dios no hay nada imposible!\u00bb<\/span> <\/strong><span id=\"es-RVC-24933\" class=\"text Luke-1-38\"><strong>Mar\u00eda dijo entonces: \u00abYo soy la sierva del Se\u00f1or. \u00a1C\u00famplase en m\u00ed lo que has dicho!\u00bb Y el \u00e1ngel se fue de su presencia.<\/strong>Lucas1:26-38<\/span><\/p>\n<p><strong><span class=\"text Matt-1-18\">El nacimiento de Jesucristo fue as\u00ed: Mar\u00eda, la madre de Jes\u00fas, estaba comprometida con Jos\u00e9, pero antes de unirse como esposos se encontr\u00f3 que ella hab\u00eda concebido del Esp\u00edritu Santo.<\/span> <span id=\"es-RVC-23165\" class=\"text Matt-1-19\">Jos\u00e9, su marido, era un hombre justo y quiso dejarla secretamente, pues no quer\u00eda denigrarla.<\/span> <span id=\"es-RVC-23166\" class=\"text Matt-1-20\">Mientras Jos\u00e9 reflexionaba al respecto, un \u00e1ngel del Se\u00f1or se le apareci\u00f3 en sue\u00f1os y le dijo: \u00abJos\u00e9, hijo de David, no temas recibir a Mar\u00eda, tu mujer, porque su hijo ha sido concebido por el Esp\u00edritu Santo.<\/span> <span id=\"es-RVC-23167\" class=\"text Matt-1-21\">Mar\u00eda tendr\u00e1 un hijo, a quien pondr\u00e1s por nombre JES\u00daS,\u00a0porque \u00e9l salvar\u00e1 a su pueblo de sus pecados.\u00bb<\/span> <span id=\"es-RVC-23168\" class=\"text Matt-1-22\">Todo esto sucedi\u00f3 para que se cumpliera lo que el Se\u00f1or dijo por medio del profeta:<\/span><\/strong><\/p>\n<div class=\"poetry\">\n<p class=\"line\"><strong><span id=\"es-RVC-23169\" class=\"text Matt-1-23\">\u00abUna virgen concebir\u00e1 y dar\u00e1 a luz un hijo,<\/span><\/strong><br \/>\n<strong><span class=\"text Matt-1-23\">y le pondr\u00e1s por nombre Emanuel,\u00a0<\/span>que significa: \u201cDios est\u00e1 con nosotros.\u201d\u00bb<\/strong><\/p>\n<\/div>\n<p><strong><span id=\"es-RVC-23170\" class=\"text Matt-1-24\">Cuando Jos\u00e9 despert\u00f3 del sue\u00f1o, hizo lo que el \u00e1ngel del Se\u00f1or le hab\u00eda mandado y recibi\u00f3 a su mujer,<\/span> <\/strong><span id=\"es-RVC-23171\" class=\"text Matt-1-25\"><strong>pero no la conoci\u00f3 hasta que dio a luz a su hijo primog\u00e9nito. Y le puso por nombre JES\u00daS.<\/strong> Mateo 1:18-25<\/span><\/p>\n<p>Se\u00f1or te pedimos que nos ayudes a decir SI a tu llamado de seguirte y hacerte nuestro Se\u00f1or y Salvador y que no titubiemos en decir si cuando nos pides algo f\u00e1cil o dif\u00edcil, te lo pedimos en nombre de tu hijo amado, Jesucristo, am\u00e9n.<\/p>\n<p>Por favor nos es olviden de orar las unas por las otras, por esta obra, por los enfermos, por Belinda y su mam\u00e1.<\/p>\n<p>Que pasen una linda semana, Dios las bendiga;<\/p>\n<p>Jackie C.<\/p>\n<p>&nbsp;<\/p>\n<p><a href=\"http:\/\/damas.laiglesiadelacomunidad.com\/wp-content\/uploads\/2014\/10\/IMG_0850.jpg\"><img decoding=\"async\" class=\"alignnone size-full\" src=\"http:\/\/damas.laiglesiadelacomunidad.com\/wp-content\/uploads\/2014\/10\/IMG_0850.jpg\" alt=\"IMG_0850.JPG\" \/><\/a><\/p>\n<p><a href=\"http:\/\/damas.laiglesiadelacomunidad.com\/wp-content\/uploads\/2014\/10\/IMG_0852.jpg\"><img decoding=\"async\" class=\"alignnone size-full\" src=\"http:\/\/damas.laiglesiadelacomunidad.com\/wp-content\/uploads\/2014\/10\/IMG_0852.jpg\" alt=\"IMG_0852.JPG\" \/><\/a><\/p>\n<p><a href=\"http:\/\/damas.laiglesiadelacomunidad.com\/wp-content\/uploads\/2014\/10\/IMG_0853.jpg\"><img decoding=\"async\" class=\"alignnone size-full\" src=\"http:\/\/damas.laiglesiadelacomunidad.com\/wp-content\/uploads\/2014\/10\/IMG_0853.jpg\" alt=\"IMG_0853.JPG\" \/><\/a><\/p>\n<p><a href=\"http:\/\/damas.laiglesiadelacomunidad.com\/wp-content\/uploads\/2014\/10\/IMG_0851.jpg\"><img decoding=\"async\" class=\"alignnone size-full\" src=\"http:\/\/damas.laiglesiadelacomunidad.com\/wp-content\/uploads\/2014\/10\/IMG_0851.jpg\" alt=\"IMG_0851.JPG\" \/><\/a><\/p>\n","protected":false},"excerpt":{"rendered":"<p>Gracias Se\u00f1or por la linda noche que nos diste, gracias por los an\u00edmos y por el gozo que pudimos experimentar hoy en la reuni\u00f3n. Hoy tuvimos un excelente mensaje, me abri\u00f3 los ojos y me d\u00ed cuenta que no siempre digo si a Dios cuando me pide cosas faciles o dif\u00edciles, muchas veces tomamos un &hellip; <a href=\"http:\/\/damas.laiglesiadelacomunidad.com\/?p=5138\" class=\"more-link\">Continue reading <span class=\"screen-reader-text\">Reuni\u00f3n 12 de Oct. 2014<\/span> <span class=\"meta-nav\">&rarr;<\/span><\/a><\/p>\n","protected":false},"author":2,"featured_media":0,"comment_status":"open","ping_status":"open","sticky":false,"template":"","format":"gallery","meta":{"footnotes":""},"categories":[7],"tags":[],"_links":{"self":[{"href":"http:\/\/damas.laiglesiadelacomunidad.com\/index.php?rest_route=\/wp\/v2\/posts\/5138"}],"collection":[{"href":"http:\/\/damas.laiglesiadelacomunidad.com\/index.php?rest_route=\/wp\/v2\/posts"}],"about":[{"href":"http:\/\/damas.laiglesiadelacomunidad.com\/index.php?rest_route=\/wp\/v2\/types\/post"}],"author":[{"embeddable":true,"href":"http:\/\/damas.laiglesiadelacomunidad.com\/index.php?rest_route=\/wp\/v2\/users\/2"}],"replies":[{"embeddable":true,"href":"http:\/\/damas.laiglesiadelacomunidad.com\/index.php?rest_route=%2Fwp%2Fv2%2Fcomments&post=5138"}],"version-history":[{"count":3,"href":"http:\/\/damas.laiglesiadelacomunidad.com\/index.php?rest_route=\/wp\/v2\/posts\/5138\/revisions"}],"predecessor-version":[{"id":5145,"href":"http:\/\/damas.laiglesiadelacomunidad.com\/index.php?rest_route=\/wp\/v2\/posts\/5138\/revisions\/5145"}],"wp:attachment":[{"href":"http:\/\/damas.laiglesiadelacomunidad.com\/index.php?rest_route=%2Fwp%2Fv2%2Fmedia&parent=5138"}],"wp:term":[{"taxonomy":"category","embeddable":true,"href":"http:\/\/damas.laiglesiadelacomunidad.com\/index.php?rest_route=%2Fwp%2Fv2%2Fcategories&post=5138"},{"taxonomy":"post_tag","embeddable":true,"href":"http:\/\/damas.laiglesiadelacomunidad.com\/index.php?rest_route=%2Fwp%2Fv2%2Ftags&post=5138"}],"curies":[{"name":"wp","href":"https:\/\/api.w.org\/{rel}","templated":true}]}}