{"id":5121,"date":"2014-10-09T12:12:00","date_gmt":"2014-10-09T17:12:00","guid":{"rendered":"http:\/\/damas.laiglesiadelacomunidad.com\/?p=5121"},"modified":"2014-10-09T12:12:00","modified_gmt":"2014-10-09T17:12:00","slug":"dejar-huella-como-dios","status":"publish","type":"post","link":"http:\/\/damas.laiglesiadelacomunidad.com\/?p=5121","title":{"rendered":"Dejar huella como Dios!"},"content":{"rendered":"<p>El mejor ejemplo de huella no cicatr\u00edz es la creaci\u00f3n de Dios!<br \/>\nG\u00e9nesis 1:31<br \/>\nY Dios vio que todo lo que hab\u00eda hecho estaba muy bien. De este modo se complet\u00f3 el sexto d\u00eda. \ud83d\ude42 De esa huella es de la cual somos dichosos de d\u00edsfrutar cada dia todos!<\/p>\n<p><a href=\"http:\/\/damas.laiglesiadelacomunidad.com\/wp-content\/uploads\/2014\/10\/wpid-img_68253625924801.jpeg\"><img decoding=\"async\" title=\"IMG_68253625924801.jpeg\" class=\"alignnone size-full\" alt=\"image\" src=\"http:\/\/damas.laiglesiadelacomunidad.com\/wp-content\/uploads\/2014\/10\/wpid-img_68253625924801.jpeg\" \/><\/a><\/p>\n","protected":false},"excerpt":{"rendered":"<p>El mejor ejemplo de huella no cicatr\u00edz es la creaci\u00f3n de Dios! G\u00e9nesis 1:31 Y Dios vio que todo lo que hab\u00eda hecho estaba muy bien. De este modo se complet\u00f3 el sexto d\u00eda. \ud83d\ude42 De esa huella es de la cual somos dichosos de d\u00edsfrutar cada dia todos!<\/p>\n","protected":false},"author":3,"featured_media":0,"comment_status":"open","ping_status":"open","sticky":false,"template":"","format":"standard","meta":{"footnotes":""},"categories":[1],"tags":[],"_links":{"self":[{"href":"http:\/\/damas.laiglesiadelacomunidad.com\/index.php?rest_route=\/wp\/v2\/posts\/5121"}],"collection":[{"href":"http:\/\/damas.laiglesiadelacomunidad.com\/index.php?rest_route=\/wp\/v2\/posts"}],"about":[{"href":"http:\/\/damas.laiglesiadelacomunidad.com\/index.php?rest_route=\/wp\/v2\/types\/post"}],"author":[{"embeddable":true,"href":"http:\/\/damas.laiglesiadelacomunidad.com\/index.php?rest_route=\/wp\/v2\/users\/3"}],"replies":[{"embeddable":true,"href":"http:\/\/damas.laiglesiadelacomunidad.com\/index.php?rest_route=%2Fwp%2Fv2%2Fcomments&post=5121"}],"version-history":[{"count":1,"href":"http:\/\/damas.laiglesiadelacomunidad.com\/index.php?rest_route=\/wp\/v2\/posts\/5121\/revisions"}],"predecessor-version":[{"id":5122,"href":"http:\/\/damas.laiglesiadelacomunidad.com\/index.php?rest_route=\/wp\/v2\/posts\/5121\/revisions\/5122"}],"wp:attachment":[{"href":"http:\/\/damas.laiglesiadelacomunidad.com\/index.php?rest_route=%2Fwp%2Fv2%2Fmedia&parent=5121"}],"wp:term":[{"taxonomy":"category","embeddable":true,"href":"http:\/\/damas.laiglesiadelacomunidad.com\/index.php?rest_route=%2Fwp%2Fv2%2Fcategories&post=5121"},{"taxonomy":"post_tag","embeddable":true,"href":"http:\/\/damas.laiglesiadelacomunidad.com\/index.php?rest_route=%2Fwp%2Fv2%2Ftags&post=5121"}],"curies":[{"name":"wp","href":"https:\/\/api.w.org\/{rel}","templated":true}]}}