{"id":5109,"date":"2014-10-08T21:21:55","date_gmt":"2014-10-09T02:21:55","guid":{"rendered":"http:\/\/damas.laiglesiadelacomunidad.com\/?p=5109"},"modified":"2014-10-09T07:48:55","modified_gmt":"2014-10-09T12:48:55","slug":"estudio-8-de-oct-del-2014","status":"publish","type":"post","link":"http:\/\/damas.laiglesiadelacomunidad.com\/?p=5109","title":{"rendered":"Estudio 8 de Oct. del 2014"},"content":{"rendered":"<p>Gracias Se\u00f1or por tan linda noche, gracias por mantenernos unidas en un solo esp\u00edritu y como familia.<\/p>\n<p>La idea del estudio de hoy fue la misma que la del mensaje del domingo <strong>&#8220;Somos parte de una cadena de personas que Dios esta salvando&#8221;.\u00a0<\/strong>Dios nos ha escogido para hacer un trabajo muy importante y es la de ayudar a otros a conocerle, vimos como aqu\u00ed en esta peque\u00f1a comunidad Dios nos ha usado y por obedecerle estamos actualmente trabajando para ayudar a otras personas a conocer a Dios.<\/p>\n<p>Muchas veces Dios nos usa sin que tengamos un gran conocimiento de la Biblia, pero como hemos visto es muy importante leerla porque nos conecta con nuestro Padre y nos hace conocerle m\u00e1s y conocer mejor cual es su voluntad. Otra cosa que Dios utiliza es nuestro testimonio y nuestras luchas por compartirlas podemos formar parte de esa cadena de ayudar a otros a conocer a Dios.<\/p>\n<p>Vimos que nada nos detiene para ayudar a otros a ser disc\u00edpulos de Cristo, ni nuestro enemigo S\u00e1tanas lo puede hacer, ya que es m\u00e1s grande el que esta en nosotros que el que est\u00e1 en el mundo. As\u00ed que no esperemos mucho para evangelizar a la gente que Dios nos ha puesto al rededor \ud83d\ude42<\/p>\n<p class=\"chapter-1\"><strong><span class=\"text Col-1-1\"><span class=\"chapternum\">\u00a0<\/span>Yo, Pablo, ap\u00f3stol de Jesucristo por la voluntad de Dios, y el hermano Timoteo,<\/span> <span id=\"es-RVC-29469\" class=\"text Col-1-2\">a los santos y fieles hermanos en Cristo que est\u00e1n en Colosas: Que la gracia y la paz de Dios nuestro Padre y del Se\u00f1or Jesucristo sean con ustedes.\u00a0<\/span>Siempre que oramos por ustedes, damos gracias a Dios, el Padre de nuestro Se\u00f1or Jesucristo,<\/strong> Colosenses 1:1-3<\/p>\n<p class=\"chapter-1\"><strong><span id=\"es-RVC-29476\" class=\"text Col-1-9\">Por eso nosotros, desde el d\u00eda que lo supimos, no cesamos de orar por ustedes y de pedir que Dios los llene del conocimiento de su voluntad en toda sabidur\u00eda e inteligencia espiritual,<\/span> <span id=\"es-RVC-29477\" class=\"text Col-1-10\">para que vivan como es digno del Se\u00f1or, es decir, siempre haciendo todo lo que a \u00e9l le agrada, produciendo los frutos de toda buena obra, y creciendo en el conocimiento de Dios;<\/span> <\/strong><span id=\"es-RVC-29478\" class=\"text Col-1-11\"><strong>todo esto, fortalecidos con todo poder, conforme al dominio de su gloria, para que puedan soportarlo todo con mucha paciencia.<\/strong> Colosenses 1:9-11<\/span><\/p>\n<p class=\"chapter-1\"><strong>As\u00ed que, amados hermanos m\u00edos, mant\u00e9nganse firmes y constantes, y siempre creciendo en la obra del Se\u00f1or, seguros de que el trabajo de ustedes en el Se\u00f1or no carece de sentido.<\/strong> Corintios 15:58<\/p>\n<p class=\"chapter-1\"><strong><span class=\"text 1Thess-2-1\">Hermanos m\u00edos, ustedes mismos saben que nuestra visita a ustedes no fue en vano.<\/span><span id=\"es-RVC-29574\" class=\"text 1Thess-2-2\">Tambi\u00e9n saben que, a pesar de haber sufrido y de ser maltratados en Filipos, Dios nos dio el valor necesario para anunciarles su evangelio, aun en medio de grandes peligros.<span style=\"font-size: 12px; line-height: 0px;\">\u00a0<\/span><\/span><span id=\"es-RVC-29575\" class=\"text 1Thess-2-3\">Porque nuestra exhortaci\u00f3n no se basa en el error ni en malas intenciones, ni tampoco tratamos de enga\u00f1ar a nadie,<\/span> <\/strong><span id=\"es-RVC-29576\" class=\"text 1Thess-2-4\"><strong>sino que hablamos porque Dios nos aprob\u00f3 y nos confi\u00f3 el evangelio. No buscamos agradar a los hombres, sino a Dios, que es quien examina nuestro coraz\u00f3n.<\/strong> 1Tesalonisenses 2:1-4<\/span><\/p>\n<p class=\"chapter-1\">Se\u00f1or te damos gracias por darnos a todas el deseo de conocerte y de trabajar para tu obra, te damos gracias por los grupos de comunidad y por como nos has dado el deseo de servirte, te pido que sigas llenandonos de tu Esp\u00edritu, que nos sigas dando el deseo de servirte sin condiciones. Tambi\u00e9n te pedimos que cuides de \u00e9sta obra y que sigas guardando nuestros corazones, te lo pedimos en nombre de nuestro Se\u00f1or Jesucristo, am\u00e9n.<\/p>\n<p class=\"chapter-1\">Feliz cumplea\u00f1os a nuestro Pastor \ud83d\ude42<\/p>\n<p class=\"chapter-1\">Que Dios nos continue bendiciendo.<\/p>\n<p class=\"chapter-1\">Jackie C.<\/p>\n<p><a href=\"http:\/\/damas.laiglesiadelacomunidad.com\/wp-content\/uploads\/2014\/10\/IMG_0786.jpg\"><img decoding=\"async\" class=\"alignnone size-full\" src=\"http:\/\/damas.laiglesiadelacomunidad.com\/wp-content\/uploads\/2014\/10\/IMG_0786.jpg\" alt=\"IMG_0786.JPG\" \/><\/a><\/p>\n<p><a href=\"http:\/\/damas.laiglesiadelacomunidad.com\/wp-content\/uploads\/2014\/10\/IMG_0784.jpg\"><img decoding=\"async\" class=\"alignnone size-full\" src=\"http:\/\/damas.laiglesiadelacomunidad.com\/wp-content\/uploads\/2014\/10\/IMG_0784.jpg\" alt=\"IMG_0784.JPG\" \/><\/a><\/p>\n<p><a href=\"http:\/\/damas.laiglesiadelacomunidad.com\/wp-content\/uploads\/2014\/10\/IMG_0783.jpg\"><img decoding=\"async\" class=\"alignnone size-full\" src=\"http:\/\/damas.laiglesiadelacomunidad.com\/wp-content\/uploads\/2014\/10\/IMG_0783.jpg\" alt=\"IMG_0783.JPG\" \/><\/a><\/p>\n<p><a href=\"http:\/\/damas.laiglesiadelacomunidad.com\/wp-content\/uploads\/2014\/10\/IMG_0785.jpg\"><img decoding=\"async\" class=\"alignnone size-full\" src=\"http:\/\/damas.laiglesiadelacomunidad.com\/wp-content\/uploads\/2014\/10\/IMG_0785.jpg\" alt=\"IMG_0785.JPG\" \/><\/a><\/p>\n<p><a href=\"http:\/\/damas.laiglesiadelacomunidad.com\/wp-content\/uploads\/2014\/10\/IMG_0787.jpg\"><img decoding=\"async\" class=\"alignnone size-full\" src=\"http:\/\/damas.laiglesiadelacomunidad.com\/wp-content\/uploads\/2014\/10\/IMG_0787.jpg\" alt=\"IMG_0787.JPG\" \/><\/a><\/p>\n","protected":false},"excerpt":{"rendered":"<p>Gracias Se\u00f1or por tan linda noche, gracias por mantenernos unidas en un solo esp\u00edritu y como familia. La idea del estudio de hoy fue la misma que la del mensaje del domingo &#8220;Somos parte de una cadena de personas que Dios esta salvando&#8221;.\u00a0Dios nos ha escogido para hacer un trabajo muy importante y es la &hellip; <a href=\"http:\/\/damas.laiglesiadelacomunidad.com\/?p=5109\" class=\"more-link\">Continue reading <span class=\"screen-reader-text\">Estudio 8 de Oct. del 2014<\/span> <span class=\"meta-nav\">&rarr;<\/span><\/a><\/p>\n","protected":false},"author":2,"featured_media":0,"comment_status":"open","ping_status":"open","sticky":false,"template":"","format":"chat","meta":{"footnotes":""},"categories":[6],"tags":[],"_links":{"self":[{"href":"http:\/\/damas.laiglesiadelacomunidad.com\/index.php?rest_route=\/wp\/v2\/posts\/5109"}],"collection":[{"href":"http:\/\/damas.laiglesiadelacomunidad.com\/index.php?rest_route=\/wp\/v2\/posts"}],"about":[{"href":"http:\/\/damas.laiglesiadelacomunidad.com\/index.php?rest_route=\/wp\/v2\/types\/post"}],"author":[{"embeddable":true,"href":"http:\/\/damas.laiglesiadelacomunidad.com\/index.php?rest_route=\/wp\/v2\/users\/2"}],"replies":[{"embeddable":true,"href":"http:\/\/damas.laiglesiadelacomunidad.com\/index.php?rest_route=%2Fwp%2Fv2%2Fcomments&post=5109"}],"version-history":[{"count":5,"href":"http:\/\/damas.laiglesiadelacomunidad.com\/index.php?rest_route=\/wp\/v2\/posts\/5109\/revisions"}],"predecessor-version":[{"id":5119,"href":"http:\/\/damas.laiglesiadelacomunidad.com\/index.php?rest_route=\/wp\/v2\/posts\/5109\/revisions\/5119"}],"wp:attachment":[{"href":"http:\/\/damas.laiglesiadelacomunidad.com\/index.php?rest_route=%2Fwp%2Fv2%2Fmedia&parent=5109"}],"wp:term":[{"taxonomy":"category","embeddable":true,"href":"http:\/\/damas.laiglesiadelacomunidad.com\/index.php?rest_route=%2Fwp%2Fv2%2Fcategories&post=5109"},{"taxonomy":"post_tag","embeddable":true,"href":"http:\/\/damas.laiglesiadelacomunidad.com\/index.php?rest_route=%2Fwp%2Fv2%2Ftags&post=5109"}],"curies":[{"name":"wp","href":"https:\/\/api.w.org\/{rel}","templated":true}]}}