{"id":5106,"date":"2014-10-06T14:27:24","date_gmt":"2014-10-06T19:27:24","guid":{"rendered":"http:\/\/damas.laiglesiadelacomunidad.com\/?p=5106"},"modified":"2014-10-06T14:27:24","modified_gmt":"2014-10-06T19:27:24","slug":"versiculos-para-meditar-54","status":"publish","type":"post","link":"http:\/\/damas.laiglesiadelacomunidad.com\/?p=5106","title":{"rendered":"Versiculos para Meditar"},"content":{"rendered":"<div class=\"p\"><span class=\"verse v14\" data-usfm=\"MAT.26.14\"><span class=\"content\">Entonces Judas Iscariote, que era uno de los doce, fue a ver a los principales sacerdotes,<\/span><\/span><\/div>\n<div class=\"m\"><span class=\"verse v15\" data-usfm=\"MAT.26.15\"><span class=\"content\">y les dijo: \u00ab\u00bfCu\u00e1nto me dar\u00edan, si yo les entrego a Jes\u00fas?\u00bb Y ellos le asignaron treinta piezas de plata.\u00a0<\/span><\/span>Desde entonces Judas buscaba el mejor momento de entregar a Jes\u00fas. Mateo 26:14-16<\/div>\n","protected":false},"excerpt":{"rendered":"<p>Entonces Judas Iscariote, que era uno de los doce, fue a ver a los principales sacerdotes, y les dijo: \u00ab\u00bfCu\u00e1nto me dar\u00edan, si yo les entrego a Jes\u00fas?\u00bb Y ellos le asignaron treinta piezas de plata.\u00a0Desde entonces Judas buscaba el mejor momento de entregar a Jes\u00fas. Mateo 26:14-16<\/p>\n","protected":false},"author":2,"featured_media":0,"comment_status":"open","ping_status":"open","sticky":false,"template":"","format":"standard","meta":{"footnotes":""},"categories":[5],"tags":[],"_links":{"self":[{"href":"http:\/\/damas.laiglesiadelacomunidad.com\/index.php?rest_route=\/wp\/v2\/posts\/5106"}],"collection":[{"href":"http:\/\/damas.laiglesiadelacomunidad.com\/index.php?rest_route=\/wp\/v2\/posts"}],"about":[{"href":"http:\/\/damas.laiglesiadelacomunidad.com\/index.php?rest_route=\/wp\/v2\/types\/post"}],"author":[{"embeddable":true,"href":"http:\/\/damas.laiglesiadelacomunidad.com\/index.php?rest_route=\/wp\/v2\/users\/2"}],"replies":[{"embeddable":true,"href":"http:\/\/damas.laiglesiadelacomunidad.com\/index.php?rest_route=%2Fwp%2Fv2%2Fcomments&post=5106"}],"version-history":[{"count":1,"href":"http:\/\/damas.laiglesiadelacomunidad.com\/index.php?rest_route=\/wp\/v2\/posts\/5106\/revisions"}],"predecessor-version":[{"id":5107,"href":"http:\/\/damas.laiglesiadelacomunidad.com\/index.php?rest_route=\/wp\/v2\/posts\/5106\/revisions\/5107"}],"wp:attachment":[{"href":"http:\/\/damas.laiglesiadelacomunidad.com\/index.php?rest_route=%2Fwp%2Fv2%2Fmedia&parent=5106"}],"wp:term":[{"taxonomy":"category","embeddable":true,"href":"http:\/\/damas.laiglesiadelacomunidad.com\/index.php?rest_route=%2Fwp%2Fv2%2Fcategories&post=5106"},{"taxonomy":"post_tag","embeddable":true,"href":"http:\/\/damas.laiglesiadelacomunidad.com\/index.php?rest_route=%2Fwp%2Fv2%2Ftags&post=5106"}],"curies":[{"name":"wp","href":"https:\/\/api.w.org\/{rel}","templated":true}]}}