{"id":4950,"date":"2014-09-19T10:04:32","date_gmt":"2014-09-19T15:04:32","guid":{"rendered":"http:\/\/damas.laiglesiadelacomunidad.com\/?p=4950"},"modified":"2014-09-19T10:04:32","modified_gmt":"2014-09-19T15:04:32","slug":"que-ven-los-demas-de-mi","status":"publish","type":"post","link":"http:\/\/damas.laiglesiadelacomunidad.com\/?p=4950","title":{"rendered":"\u00bfQu\u00e9 ven los dem\u00e1s de m\u00ed?"},"content":{"rendered":"<p><a href=\"http:\/\/damas.laiglesiadelacomunidad.com\/wp-content\/uploads\/2014\/09\/wpid-img_59196889057402.jpeg\"><img decoding=\"async\" title=\"IMG_59196889057402.jpeg\" class=\"alignnone size-full\" alt=\"image\" src=\"http:\/\/damas.laiglesiadelacomunidad.com\/wp-content\/uploads\/2014\/09\/wpid-img_59196889057402.jpeg\" \/><\/a><\/p>\n<p>1 Pedro 2:12Reina-Valera 1960 (RVR1960)<br \/>\n12\u00a0manteniendo buena vuestra manera de vivir entre los<br \/>\ngentiles; para que en lo que murmuran de vosotros como de malhechores, glorifiquen a Dios en el d\u00eda de la visitaci\u00f3n, al considerar vuestras buenas obras.<\/p>\n","protected":false},"excerpt":{"rendered":"<p>1 Pedro 2:12Reina-Valera 1960 (RVR1960) 12\u00a0manteniendo buena vuestra manera de vivir entre los gentiles; para que en lo que murmuran de vosotros como de malhechores, glorifiquen a Dios en el d\u00eda de la visitaci\u00f3n, al considerar vuestras buenas obras.<\/p>\n","protected":false},"author":3,"featured_media":0,"comment_status":"open","ping_status":"open","sticky":false,"template":"","format":"standard","meta":{"footnotes":""},"categories":[1],"tags":[],"_links":{"self":[{"href":"http:\/\/damas.laiglesiadelacomunidad.com\/index.php?rest_route=\/wp\/v2\/posts\/4950"}],"collection":[{"href":"http:\/\/damas.laiglesiadelacomunidad.com\/index.php?rest_route=\/wp\/v2\/posts"}],"about":[{"href":"http:\/\/damas.laiglesiadelacomunidad.com\/index.php?rest_route=\/wp\/v2\/types\/post"}],"author":[{"embeddable":true,"href":"http:\/\/damas.laiglesiadelacomunidad.com\/index.php?rest_route=\/wp\/v2\/users\/3"}],"replies":[{"embeddable":true,"href":"http:\/\/damas.laiglesiadelacomunidad.com\/index.php?rest_route=%2Fwp%2Fv2%2Fcomments&post=4950"}],"version-history":[{"count":1,"href":"http:\/\/damas.laiglesiadelacomunidad.com\/index.php?rest_route=\/wp\/v2\/posts\/4950\/revisions"}],"predecessor-version":[{"id":4951,"href":"http:\/\/damas.laiglesiadelacomunidad.com\/index.php?rest_route=\/wp\/v2\/posts\/4950\/revisions\/4951"}],"wp:attachment":[{"href":"http:\/\/damas.laiglesiadelacomunidad.com\/index.php?rest_route=%2Fwp%2Fv2%2Fmedia&parent=4950"}],"wp:term":[{"taxonomy":"category","embeddable":true,"href":"http:\/\/damas.laiglesiadelacomunidad.com\/index.php?rest_route=%2Fwp%2Fv2%2Fcategories&post=4950"},{"taxonomy":"post_tag","embeddable":true,"href":"http:\/\/damas.laiglesiadelacomunidad.com\/index.php?rest_route=%2Fwp%2Fv2%2Ftags&post=4950"}],"curies":[{"name":"wp","href":"https:\/\/api.w.org\/{rel}","templated":true}]}}