{"id":4943,"date":"2014-09-19T11:58:07","date_gmt":"2014-09-19T16:58:07","guid":{"rendered":"http:\/\/damas.laiglesiadelacomunidad.com\/?p=4943"},"modified":"2014-09-19T17:43:31","modified_gmt":"2014-09-19T22:43:31","slug":"oraciones-para-el-ayuno-de-damas","status":"publish","type":"post","link":"http:\/\/damas.laiglesiadelacomunidad.com\/?p=4943","title":{"rendered":"Oraci\u00f3nes para el ayuno de damas"},"content":{"rendered":"<p>De Belinda:Hola buen dia. Mis peticiones de oraci\u00f3n para el ayuno del sabado son: Por el trabajo de mi esposo que Dios lo llene de sabiduria para mantener bien su area y que continue con esa bendici\u00f3n de tener su trabajo. Por la salud y protecci\u00f3n de nosotros y de mi familia. Por las escuelas de mis hijos que Dios me los guarde en todo. Por los corazones de cada una de nosotras y nuestras familias.<\/p>\n<p>Do\u00f1a Elsa; pide por su hermana Elba Letizia Rodrigues que esta enferma.<\/p>\n<p>Do\u00f1a Beatriz pide por su salud, Que el procedimiento que hicieron en sus dientes no se infecte.<\/p>\n<p>Chely; por Michelle que el Espiritu Santo la guie a tomar buenas decisiones. Por Juan y sus pap\u00e1s.<\/p>\n<p>Por nuestros familiares que todavia no han tomado la decisi\u00f3n de seguir a Jes\u00fas, que Dios toque sus corazones y entreguen su vida a \u00c9l. Por la iglesia que busquemos el Reino de Dios.<\/p>\n<p>Lupita; Por Brandon que Dios le ayude a pasar por esta etapa de la adolescencia y por toda su familia, su esposo y sus hijos<br \/>\nX la familia de carmen x su pap\u00e1 q esta solito en M\u00e9xico.Por Janneth su familia y sus planes, por Rosalba que Dios la traiga con bien.<\/p>\n<p>Jackie; Que Dios cuide y siga obrando en \u00e9sta iglesia, que su Esp\u00edritu Santo nos guie y nos libre del mal. Por Rosita que el Se\u00f1or la lleve a la sanaci\u00f3n completa.<\/p>\n<p>Do\u00f1a Martha y Elias: Que Dios los guie y los proteja y haga crecer la Obra que Dios les ha encomendado.<\/p>\n<p>Por todos los enfermos Do\u00f1a Susana, el tio de Belinda, la abuelita de Escarlin, que Dios no solo los sane pero que los haga acercarse a \u00c9l.<\/p>\n<p>Por los\/las que aun no han tomado la decisi\u00f3n de entregar su vida a Jes\u00fas que Dios ponga ese deseo en su coraz\u00f3n y los\/las salve.<\/p>\n<p>Kari; Oraci\u00f3n por la iglesia y sus l\u00edderes mi esposo, hijos, por los estudios b\u00edblicos con las personas que Dios ha puesto en mi camino, Kevin, mi mamita y toda mi familia.<br \/>\nPor don Lalo y Olga Lidia y por cada uno de los miembros de la comunidad, por los voluntarios y cada uno de los integrantes de la m\u00fasica.<\/p>\n<p>Lizzy;\u00a0<span style=\"line-height: 1.5;\">Incluyan por favor a mi madre siempre por sus dolores y para q D<\/span>ios toque su corazon de ella y mi familia,por mis muchachos,por\u00a0do\u00f1a violeta,por una compa\u00f1era de trabajo alex q esta pasando por un momento dificil,agradecerle a Dios por todo lo q nos da en\u00a0la vida.<\/p>\n<p><a href=\"http:\/\/damas.laiglesiadelacomunidad.com\/wp-content\/uploads\/2014\/09\/IMG_0403-1.jpg\"><img loading=\"lazy\" decoding=\"async\" class=\"alignnone size-full wp-image-4886\" src=\"http:\/\/damas.laiglesiadelacomunidad.com\/wp-content\/uploads\/2014\/09\/IMG_0403-1.jpg\" alt=\"IMG_0403-1.JPG\" width=\"1920\" height=\"1920\" srcset=\"http:\/\/damas.laiglesiadelacomunidad.com\/wp-content\/uploads\/2014\/09\/IMG_0403-1.jpg 1920w, http:\/\/damas.laiglesiadelacomunidad.com\/wp-content\/uploads\/2014\/09\/IMG_0403-1-150x150.jpg 150w, http:\/\/damas.laiglesiadelacomunidad.com\/wp-content\/uploads\/2014\/09\/IMG_0403-1-300x300.jpg 300w, http:\/\/damas.laiglesiadelacomunidad.com\/wp-content\/uploads\/2014\/09\/IMG_0403-1-1024x1024.jpg 1024w\" sizes=\"(max-width: 1920px) 100vw, 1920px\" \/><\/a><\/p>\n","protected":false},"excerpt":{"rendered":"<p>De Belinda:Hola buen dia. Mis peticiones de oraci\u00f3n para el ayuno del sabado son: Por el trabajo de mi esposo que Dios lo llene de sabiduria para mantener bien su area y que continue con esa bendici\u00f3n de tener su trabajo. Por la salud y protecci\u00f3n de nosotros y de mi familia. Por las escuelas &hellip; <a href=\"http:\/\/damas.laiglesiadelacomunidad.com\/?p=4943\" class=\"more-link\">Continue reading <span class=\"screen-reader-text\">Oraci\u00f3nes para el ayuno de damas<\/span> <span class=\"meta-nav\">&rarr;<\/span><\/a><\/p>\n","protected":false},"author":2,"featured_media":0,"comment_status":"open","ping_status":"open","sticky":false,"template":"","format":"chat","meta":{"footnotes":""},"categories":[20],"tags":[],"_links":{"self":[{"href":"http:\/\/damas.laiglesiadelacomunidad.com\/index.php?rest_route=\/wp\/v2\/posts\/4943"}],"collection":[{"href":"http:\/\/damas.laiglesiadelacomunidad.com\/index.php?rest_route=\/wp\/v2\/posts"}],"about":[{"href":"http:\/\/damas.laiglesiadelacomunidad.com\/index.php?rest_route=\/wp\/v2\/types\/post"}],"author":[{"embeddable":true,"href":"http:\/\/damas.laiglesiadelacomunidad.com\/index.php?rest_route=\/wp\/v2\/users\/2"}],"replies":[{"embeddable":true,"href":"http:\/\/damas.laiglesiadelacomunidad.com\/index.php?rest_route=%2Fwp%2Fv2%2Fcomments&post=4943"}],"version-history":[{"count":11,"href":"http:\/\/damas.laiglesiadelacomunidad.com\/index.php?rest_route=\/wp\/v2\/posts\/4943\/revisions"}],"predecessor-version":[{"id":4958,"href":"http:\/\/damas.laiglesiadelacomunidad.com\/index.php?rest_route=\/wp\/v2\/posts\/4943\/revisions\/4958"}],"wp:attachment":[{"href":"http:\/\/damas.laiglesiadelacomunidad.com\/index.php?rest_route=%2Fwp%2Fv2%2Fmedia&parent=4943"}],"wp:term":[{"taxonomy":"category","embeddable":true,"href":"http:\/\/damas.laiglesiadelacomunidad.com\/index.php?rest_route=%2Fwp%2Fv2%2Fcategories&post=4943"},{"taxonomy":"post_tag","embeddable":true,"href":"http:\/\/damas.laiglesiadelacomunidad.com\/index.php?rest_route=%2Fwp%2Fv2%2Ftags&post=4943"}],"curies":[{"name":"wp","href":"https:\/\/api.w.org\/{rel}","templated":true}]}}