{"id":4937,"date":"2014-09-17T22:34:35","date_gmt":"2014-09-18T03:34:35","guid":{"rendered":"http:\/\/damas.laiglesiadelacomunidad.com\/?p=4937"},"modified":"2014-09-17T22:45:42","modified_gmt":"2014-09-18T03:45:42","slug":"estudio-17-de-sept-2014","status":"publish","type":"post","link":"http:\/\/damas.laiglesiadelacomunidad.com\/?p=4937","title":{"rendered":"Estudio 17 de Sept. 2014"},"content":{"rendered":"<p>Gracias Se\u00f1or por el estudio de hoy, gracias por traer tantas personas y gracias a todas por compartir sus comentarios, sus experiencias, testimonios, todo lo que ustedes dicen y comparten nos ayuda a crecer m\u00e1s y m\u00e1s a toooodas, Dios usa todo.<\/p>\n<p>Hoy estudiamos la importancia de re-enfocarnos, como vimos y hemos experimentado los que haceres de la vida cotidiana , el no poner importancia en el Reino de nuestro Padre, nos hacen perder el enfoque, la visi\u00f3n y la misi\u00f3n para las cuales fuimos salvadas.<\/p>\n<p>Dios a diario esta reconciliando, restaurando y redimiendo la humanidad y para hacer esto \u00e9l nos necesita, pero no nos puede usar cuando estamos distraidas, cuando vivimos en pecado persistente, cuando nos importa m\u00e1s las cosas de \u00e9ste mundo y no nos enfocamos en lo que es importante para Dios y es hacer crecer Su Reino, Salvar almas.<\/p>\n<p>\u00c9l nos rescat\u00f3 a traves de alguien que tomo el tiempo de estudiar con nosotras, que tuvo la paciencia de tolerar nuestros malos habitos, que persisti\u00f3 y nos ense\u00f1o como tomar nuestra decisi\u00f3n de seguir a Jes\u00fas y nos ense\u00f1aron a tomar nuestros pr\u00f3ximos pasos y Dios quiere que nosotras hagamos exactamente lo mismo con las personas que \u00c9l pone en nuestro camino, no es f\u00e1cil, pero tampoco lo fue para quienes nos ense\u00f1aron el evangelio \ud83d\ude42<\/p>\n<p><strong><span class=\"text Rom-1-16\">No me averg\u00fcenzo del evangelio, porque es poder de Dios para la salvaci\u00f3n de todo aquel que cree: en primer lugar, para los jud\u00edos, y tambi\u00e9n para los que no lo son.<\/span><\/strong><span id=\"es-RVC-27949\" class=\"text Rom-1-17\"><strong>Porque en el evangelio se revela la justicia de Dios, que de principio a fin es por medio de la fe, tal como est\u00e1 escrito: \u00abEl justo por la fe vivir\u00e1.\u00bb<\/strong> Romanos 1:16-17<\/span><\/p>\n<p><strong>La ira de Dios se revela desde el cielo contra toda impiedad y maldad de quienes injustamente retienen la verdad.<\/strong> Romanos 1:18<\/p>\n<p><strong><span id=\"es-RVC-28015\" class=\"text Rom-3-22\">La justicia de Dios, por medio de la fe en Jesucristo, es para todos los que creen en \u00e9l. Pues no hay diferencia alguna,<\/span> <span id=\"es-RVC-28016\" class=\"text Rom-3-23\">por cuanto todos pecaron y est\u00e1n destituidos de la gloria de Dios;<\/span> <span id=\"es-RVC-28017\" class=\"text Rom-3-24\">pero son justificados gratuitamente por su gracia, mediante la redenci\u00f3n que provey\u00f3 Cristo Jes\u00fas,<\/span> <span id=\"es-RVC-28018\" class=\"text Rom-3-25\">a quien Dios puso como sacrificio de expiaci\u00f3n por medio de la fe en su sangre. Esto lo hizo Dios para manifestar su justicia, pues en su paciencia ha pasado por alto los pecados pasados,<\/span> <\/strong><span id=\"es-RVC-28019\" class=\"text Rom-3-26\"><strong>para manifestar su justicia en este tiempo, a fin de que \u00e9l sea el justo y, al mismo tiempo, el que justifica al que tiene fe en Jes\u00fas.<\/strong> Romanos 3:22-26<\/span><\/p>\n<p><sup class=\"versenum\">\u00a0<\/sup><strong>Porque la paga del pecado es muerte, pero la d\u00e1diva de Dios es vida eterna en Cristo Jes\u00fas, nuestro Se\u00f1or. <\/strong>Romanos 6:23<\/p>\n<p><strong><span class=\"text Rom-12-1\">As\u00ed que, hermanos, yo les ruego, por las misericordias de Dios, que se presenten ustedes mismos como un sacrificio vivo, santo y agradable a Dios. \u00a1As\u00ed es como se debe adorar a Dios!<\/span> <\/strong><span id=\"es-RVC-28249\" class=\"text Rom-12-2\"><strong><sup class=\"versenum\">\u00a0<\/sup>Y no adopten las costumbres de este mundo, sino transf\u00f3rmense por medio de la renovaci\u00f3n de su mente, para que comprueben cu\u00e1l es la voluntad de Dios, lo que es bueno, agradable y perfecto.<\/strong> Romanos 12:1-2<\/span><\/p>\n<p><strong><span id=\"es-RVC-28204\" class=\"text Rom-10-14\">Ahora bien, \u00bfc\u00f3mo invocar\u00e1n a aquel en el cual no han cre\u00eddo? \u00bfY c\u00f3mo creer\u00e1n en aquel de quien no han o\u00eddo? \u00bfY c\u00f3mo oir\u00e1n si no hay quien les predique?<\/span> <\/strong><span id=\"es-RVC-28205\" class=\"text Rom-10-15\"><strong>\u00bfY c\u00f3mo predicar\u00e1n si no son enviados? Como est\u00e1 escrito: \u00ab\u00a1Cu\u00e1n hermosa es la llegada de los que anuncian la paz, de los que anuncian buenas nuevas!\u00bb<\/strong> Romanos 10:14-15\u00f3<\/span><\/p>\n<p>Se\u00f1or te pedimos que quites de nosotras toda distracci\u00f3n que nos hace inefectivas para hacer el trabajo de Tu Reino, quitanos cualquier pecado persistente, danos fuerzas y llenanos del poder de Tu Esp\u00edritu, te lo pedimos en nombre de Jesucristo nuestro Se\u00f1or, Am\u00e9n<\/p>\n<p>Las quiero mucho;<\/p>\n<p>Jackie C.<\/p>\n<p><a href=\"http:\/\/damas.laiglesiadelacomunidad.com\/wp-content\/uploads\/2014\/09\/IMG_0403-1.jpg\"><img loading=\"lazy\" decoding=\"async\" class=\"alignnone size-full wp-image-4886\" src=\"http:\/\/damas.laiglesiadelacomunidad.com\/wp-content\/uploads\/2014\/09\/IMG_0403-1.jpg\" alt=\"IMG_0403-1.JPG\" width=\"1920\" height=\"1920\" srcset=\"http:\/\/damas.laiglesiadelacomunidad.com\/wp-content\/uploads\/2014\/09\/IMG_0403-1.jpg 1920w, http:\/\/damas.laiglesiadelacomunidad.com\/wp-content\/uploads\/2014\/09\/IMG_0403-1-150x150.jpg 150w, http:\/\/damas.laiglesiadelacomunidad.com\/wp-content\/uploads\/2014\/09\/IMG_0403-1-300x300.jpg 300w, http:\/\/damas.laiglesiadelacomunidad.com\/wp-content\/uploads\/2014\/09\/IMG_0403-1-1024x1024.jpg 1024w\" sizes=\"(max-width: 1920px) 100vw, 1920px\" \/><\/a><\/p>\n<p><a href=\"http:\/\/damas.laiglesiadelacomunidad.com\/wp-content\/uploads\/2014\/01\/20140121-135236.jpg\"><img loading=\"lazy\" decoding=\"async\" class=\"alignnone size-full wp-image-2298\" src=\"http:\/\/damas.laiglesiadelacomunidad.com\/wp-content\/uploads\/2014\/01\/20140121-135236.jpg\" alt=\"20140121-135236.jpg\" width=\"720\" height=\"480\" srcset=\"http:\/\/damas.laiglesiadelacomunidad.com\/wp-content\/uploads\/2014\/01\/20140121-135236.jpg 720w, http:\/\/damas.laiglesiadelacomunidad.com\/wp-content\/uploads\/2014\/01\/20140121-135236-300x200.jpg 300w\" sizes=\"(max-width: 720px) 100vw, 720px\" \/><\/a><\/p>\n<p>&nbsp;<\/p>\n","protected":false},"excerpt":{"rendered":"<p>Gracias Se\u00f1or por el estudio de hoy, gracias por traer tantas personas y gracias a todas por compartir sus comentarios, sus experiencias, testimonios, todo lo que ustedes dicen y comparten nos ayuda a crecer m\u00e1s y m\u00e1s a toooodas, Dios usa todo. Hoy estudiamos la importancia de re-enfocarnos, como vimos y hemos experimentado los que &hellip; <a href=\"http:\/\/damas.laiglesiadelacomunidad.com\/?p=4937\" class=\"more-link\">Continue reading <span class=\"screen-reader-text\">Estudio 17 de Sept. 2014<\/span> <span class=\"meta-nav\">&rarr;<\/span><\/a><\/p>\n","protected":false},"author":2,"featured_media":0,"comment_status":"open","ping_status":"open","sticky":false,"template":"","format":"gallery","meta":{"footnotes":""},"categories":[6],"tags":[],"_links":{"self":[{"href":"http:\/\/damas.laiglesiadelacomunidad.com\/index.php?rest_route=\/wp\/v2\/posts\/4937"}],"collection":[{"href":"http:\/\/damas.laiglesiadelacomunidad.com\/index.php?rest_route=\/wp\/v2\/posts"}],"about":[{"href":"http:\/\/damas.laiglesiadelacomunidad.com\/index.php?rest_route=\/wp\/v2\/types\/post"}],"author":[{"embeddable":true,"href":"http:\/\/damas.laiglesiadelacomunidad.com\/index.php?rest_route=\/wp\/v2\/users\/2"}],"replies":[{"embeddable":true,"href":"http:\/\/damas.laiglesiadelacomunidad.com\/index.php?rest_route=%2Fwp%2Fv2%2Fcomments&post=4937"}],"version-history":[{"count":5,"href":"http:\/\/damas.laiglesiadelacomunidad.com\/index.php?rest_route=\/wp\/v2\/posts\/4937\/revisions"}],"predecessor-version":[{"id":4942,"href":"http:\/\/damas.laiglesiadelacomunidad.com\/index.php?rest_route=\/wp\/v2\/posts\/4937\/revisions\/4942"}],"wp:attachment":[{"href":"http:\/\/damas.laiglesiadelacomunidad.com\/index.php?rest_route=%2Fwp%2Fv2%2Fmedia&parent=4937"}],"wp:term":[{"taxonomy":"category","embeddable":true,"href":"http:\/\/damas.laiglesiadelacomunidad.com\/index.php?rest_route=%2Fwp%2Fv2%2Fcategories&post=4937"},{"taxonomy":"post_tag","embeddable":true,"href":"http:\/\/damas.laiglesiadelacomunidad.com\/index.php?rest_route=%2Fwp%2Fv2%2Ftags&post=4937"}],"curies":[{"name":"wp","href":"https:\/\/api.w.org\/{rel}","templated":true}]}}